{"id":3677,"date":"2020-08-25T16:09:23","date_gmt":"2020-08-25T14:09:23","guid":{"rendered":"https:\/\/www.intelligentbauen.ch\/?p=3677"},"modified":"2020-08-25T16:09:23","modified_gmt":"2020-08-25T14:09:23","slug":"schweizer-akustik-innovation-sorgt-fuer-klangerlebnis","status":"publish","type":"post","link":"https:\/\/www.fachbau.ch\/de\/intelligent-bauen\/2020-08-25\/schweizer-akustik-innovation-sorgt-fuer-klangerlebnis\/","title":{"rendered":"Schweizer Akustik-Innovation sorgt f\u00fcr Klangerlebnis"},"content":{"rendered":"<figure id=\"attachment_3678\" aria-describedby=\"caption-attachment-3678\" style=\"width: 680px\" class=\"wp-caption alignnone\"><img decoding=\"async\" class=\"size-medium wp-image-3678\" src=\"https:\/\/www.intelligentbauen.ch\/wp-content\/uploads\/2020\/08\/akustikinnovation.intelligenbauen.ch_-680x453.jpg\" alt=\"\" width=\"680\" height=\"453\" srcset=\"https:\/\/www.fachbau.ch\/wp-content\/uploads\/2020\/08\/akustikinnovation.intelligenbauen.ch_-680x453.jpg 680w, https:\/\/www.fachbau.ch\/wp-content\/uploads\/2020\/08\/akustikinnovation.intelligenbauen.ch_-768x512.jpg 768w, https:\/\/www.fachbau.ch\/wp-content\/uploads\/2020\/08\/akustikinnovation.intelligenbauen.ch_-1024x683.jpg 1024w, https:\/\/www.fachbau.ch\/wp-content\/uploads\/2020\/08\/akustikinnovation.intelligenbauen.ch_-18x12.jpg 18w, https:\/\/www.fachbau.ch\/wp-content\/uploads\/2020\/08\/akustikinnovation.intelligenbauen.ch_-375x250.jpg 375w, https:\/\/www.fachbau.ch\/wp-content\/uploads\/2020\/08\/akustikinnovation.intelligenbauen.ch_-525x350.jpg 525w, https:\/\/www.fachbau.ch\/wp-content\/uploads\/2020\/08\/akustikinnovation.intelligenbauen.ch_-1000x667.jpg 1000w, https:\/\/www.fachbau.ch\/wp-content\/uploads\/2020\/08\/akustikinnovation.intelligenbauen.ch_.jpg 1200w\" sizes=\"(max-width: 680px) 100vw, 680px\" \/><figcaption id=\"caption-attachment-3678\" class=\"wp-caption-text\">Akustik-Panels aus der Schweiz sorgen f\u00fcr optimales Klangerlebnis in der Elphi in Hamburg.<\/figcaption><\/figure>\n<p>&nbsp;<\/p>\n<p>Exzell<a id=\"set-post-thumbnail\" class=\"thickbox\" href=\"https:\/\/www.intelligentbauen.ch\/wp-admin\/media-upload.php?post_id=3677&amp;type=image&amp;TB_iframe=1\" aria-describedby=\"set-post-thumbnail-desc\"><\/a>enter Klang endet im neuen Wahrzeichen Hamburgs nicht an den Ausg\u00e4ngen des grossen Konzertsaals. Er zieht sich dank akustischen und thermo-akustischen Systemen aus Schweizer Entwicklung und Produktion in der Schweiz und Deutschland durch fast alle Publikumsbereiche der Elbphilharmonie, auch auf die Plaza.<\/p>\n<p><strong>Innovation f\u00fcr die Welt-Konzertb\u00fchne<\/strong><br \/>\nNeben der \u00f6ffentlich zug\u00e4nglichen Plaza, von der sich der Blick auf Speicherstadt und Elbe \u00f6ffnet, sind grosse Teile der mit \u00fcber 80 Meter l\u00e4ngsten Rolltreppe Europas, das gesamte 3&#8217;200 m2 grosse und sechs Stockwerke umfassende Konzertsaal-Foyer sowie einige kleinere Konzertr\u00e4ume, die VIP-Lounge, das Sky-Foyer, Teile des Backstage-Bereiches und die Kassenr\u00e4ume mit Akustikdecken von BASWA acoustic ausger\u00fcstet.<br \/>\nEine technische Meisterleistung war vor allem die Ausstattung des Foyers mit seinem gew\u00f6lbten Anschluss an die Glasfassade. Alexander Schlappa, der BASWA-Verantwortliche f\u00fcr das Projekt: \u00abMit einem Akustikputz derartige Rundungen, wie sie in der Elbphilharmonie auf mehreren hundert Metern L\u00e4nge zu finden sind, als homogene Oberfl\u00e4che umzusetzen, ist eine grosse Herausforderung. Nicht weniger anspruchsvoll war das Einarbeiten von hunderten Glaspailletten im Eingangs- und Kassenbereich.\u00bb Hier kommt dem Innerschweizer Unternehmen zugute, dass es nicht nur bei gekr\u00fcmmten Fl\u00e4chen weltweit f\u00fchrend ist. M\u00f6glich macht dies das formbare System mit Deckenputz aus feinem Marmorsand, das sehr gute schallabsorbierende und w\u00e4rmeleitende Materialeigenschaften aufweist und \u00fcberdies nicht brennbar ist.<\/p>\n<p><strong>Champagnerfarbener Klima- und Klangkomfort<\/strong><br \/>\nIn einen besonderen Genuss kommen die VIP\u2019s im neuen Konzert-Mekka. Ihre Lounge ist mit einer thermo-akustischen Decke ausgestattet. Dies bedeutet, dass im schallabsorbierenden System feine Kapillaren eingebracht sind, in denen v\u00f6llig ger\u00e4uschlos Wasser zirkuliert. Damit l\u00e4sst sich der Raum mit minimalem Energieeinsatz heizen oder k\u00fchlen, wodurch immer ein angenehmes Klang- und Raumklima herrscht. Durch die vielf\u00e4ltigen Gestaltungsm\u00f6glichkeiten gelang es zudem, die champagnerfarbene Akustikdecke mit Glimmerpartikeln zu versehen, welche gemeinsam mit der Beleuchtung f\u00fcr eine \u00abeinzigartig luxuri\u00f6se\u00bb Atmosph\u00e4re sorgen, wie Projektleiter Schlappa erkl\u00e4rt.<br \/>\nDiese und weitere bisher nicht nachgeahmten Innovationen brachten dem familiengef\u00fchrten mittelst\u00e4ndischen Unternehmen bereits in verschiedenen L\u00e4ndern renommierte Auszeichnungen wie den ersten materialPREIS der Raumprobe in Deutschland, den D\u00e9cibel d\u2019or in Frankreich, den Architizer A+ Jury Award in den USA oder eine Nominierung f\u00fcr den Swiss Technology Award ein. CEO und Sohn des Erfinders, Eric Sulzer, zeigt sich denn auch \u00fcberzeugt, dass \u00abes uns durch laufende Innovation, qualitativ einwandfreie Produkte und Kundenn\u00e4he auch in Zukunft gelingen wird, uns von der internationalen Konkurrenz abzuheben.\u00bb<br \/>\nInnovationsgeist mit weltweiter Beliebtheit Die Elbphilharmonie mit ihren insgesamt \u00fcber 8&#8217;000 m2 Decken, aber beispielsweise auch Treppenunterl\u00e4ufen, die mit dem hochabsorbierenden Akustiksystem ausger\u00fcstet sind, reiht sich ein in eine Reihe von privaten Liegenschaften und weltbekannten Geb\u00e4uden, darunter etwa das Weisse Haus in Washington oder das Bundeshaus in Bern. Weshalb die Akustikdecken aus Baldegg so beliebt sind, erkl\u00e4rt sich CEO Sulzer folgendermassen: \u00abWir haben immer dann einen guten Job gemacht, wenn Leute in R\u00e4umen vom guten Klang schw\u00e4rmen, gleichzeitig aber vergeblich nach akustischen Massnahmen suchen.\u00bb Genau solche R\u00fcckmeldungen treffen nun aus Hamburg bei BASWA ein: Besucher, die das neue Hamburger Wahrzeichen besichtigen, melden dem Betreiber erstaunt zur\u00fcck, dass sie deutliche akustische Unterschiede in unterschiedlichen R\u00e4umen wahrgenommen h\u00e4tten und sich fragten weshalb.<\/p>\n<p>www.baswa.com<\/p>\n","protected":false},"excerpt":{"rendered":"<p>Seit ihrer Er\u00f6ffnung str\u00f6men t\u00e4glich bis zu 16&#8217;000 Menschen auf die Plaza in der Elbphilharmonie in Hamburg, dem neuen Wahrzeichen der Stadt. <\/p>\n","protected":false},"author":1,"featured_media":3678,"comment_status":"closed","ping_status":"closed","sticky":false,"template":"","format":"standard","meta":{"_acf_changed":false,"pgc_sgb_lightbox_settings":"","footnotes":""},"categories":[20],"tags":[46,458,735,1143],"class_list":["post-3677","post","type-post","status-publish","format-standard","has-post-thumbnail","hentry","category-intelligent-bauen","tag-akustik","tag-elbphilharmonie","tag-hamburg","tag-panel"],"acf":{"author":"wm\/pd."},"yoast_head":"<!-- This site is optimized with the Yoast SEO plugin v28.4 - https:\/\/yoast.com\/product\/yoast-seo-wordpress\/ -->\n<title>Schweizer Akustik-Innovation sorgt f\u00fcr Klangerlebnis - fachbau.ch<\/title>\n<meta name=\"robots\" content=\"index, follow, max-snippet:-1, max-image-preview:large, max-video-preview:-1\" \/>\n<link rel=\"canonical\" href=\"https:\/\/www.fachbau.ch\/de\/intelligent-bauen\/2020-08-25\/schweizer-akustik-innovation-sorgt-fuer-klangerlebnis\/\" \/>\n<meta property=\"og:locale\" content=\"de_DE\" \/>\n<meta property=\"og:type\" content=\"article\" \/>\n<meta property=\"og:title\" content=\"Schweizer Akustik-Innovation sorgt f\u00fcr Klangerlebnis - fachbau.ch\" \/>\n<meta property=\"og:description\" content=\"Seit ihrer Er\u00f6ffnung str\u00f6men t\u00e4glich bis zu 16&#039;000 Menschen auf die Plaza in der Elbphilharmonie in Hamburg, dem neuen Wahrzeichen der Stadt.\" \/>\n<meta property=\"og:url\" content=\"https:\/\/www.fachbau.ch\/de\/intelligent-bauen\/2020-08-25\/schweizer-akustik-innovation-sorgt-fuer-klangerlebnis\/\" \/>\n<meta property=\"og:site_name\" content=\"fachbau.ch\" \/>\n<meta property=\"article:published_time\" content=\"2020-08-25T14:09:23+00:00\" \/>\n<meta property=\"og:image\" content=\"https:\/\/www.fachbau.ch\/wp-content\/uploads\/2020\/08\/akustikinnovation.intelligenbauen.ch_.jpg\" \/>\n\t<meta property=\"og:image:width\" content=\"1200\" \/>\n\t<meta property=\"og:image:height\" content=\"800\" \/>\n\t<meta property=\"og:image:type\" content=\"image\/jpeg\" \/>\n<meta name=\"author\" content=\"admin\" \/>\n<meta name=\"twitter:card\" content=\"summary_large_image\" \/>\n<meta name=\"twitter:label1\" content=\"Verfasst von\" \/>\n\t<meta name=\"twitter:data1\" content=\"admin\" \/>\n\t<meta name=\"twitter:label2\" content=\"Gesch\u00e4tzte Lesezeit\" \/>\n\t<meta name=\"twitter:data2\" content=\"3\u00a0Minuten\" \/>\n<script type=\"application\/ld+json\" class=\"yoast-schema-graph\">{\"@context\":\"https:\\\/\\\/schema.org\",\"@graph\":[{\"@type\":\"Article\",\"@id\":\"https:\\\/\\\/www.fachbau.ch\\\/intelligent-bauen\\\/2020-08-25\\\/schweizer-akustik-innovation-sorgt-fuer-klangerlebnis\\\/#article\",\"isPartOf\":{\"@id\":\"https:\\\/\\\/www.fachbau.ch\\\/intelligent-bauen\\\/2020-08-25\\\/schweizer-akustik-innovation-sorgt-fuer-klangerlebnis\\\/\"},\"author\":{\"name\":\"admin\",\"@id\":\"https:\\\/\\\/www.fachbau.ch\\\/#\\\/schema\\\/person\\\/a968f7ff4d60ab3c15afc1e109549603\"},\"headline\":\"Schweizer Akustik-Innovation sorgt f\u00fcr Klangerlebnis\",\"datePublished\":\"2020-08-25T14:09:23+00:00\",\"mainEntityOfPage\":{\"@id\":\"https:\\\/\\\/www.fachbau.ch\\\/intelligent-bauen\\\/2020-08-25\\\/schweizer-akustik-innovation-sorgt-fuer-klangerlebnis\\\/\"},\"wordCount\":567,\"publisher\":{\"@id\":\"https:\\\/\\\/www.fachbau.ch\\\/#organization\"},\"image\":{\"@id\":\"https:\\\/\\\/www.fachbau.ch\\\/intelligent-bauen\\\/2020-08-25\\\/schweizer-akustik-innovation-sorgt-fuer-klangerlebnis\\\/#primaryimage\"},\"thumbnailUrl\":\"https:\\\/\\\/www.fachbau.ch\\\/wp-content\\\/uploads\\\/2020\\\/08\\\/akustikinnovation.intelligenbauen.ch_.jpg\",\"keywords\":[\"Akustik\",\"Elbphilharmonie\",\"Hamburg\",\"Panel\"],\"articleSection\":[\"intelligent bauen\"],\"inLanguage\":\"de\"},{\"@type\":\"WebPage\",\"@id\":\"https:\\\/\\\/www.fachbau.ch\\\/intelligent-bauen\\\/2020-08-25\\\/schweizer-akustik-innovation-sorgt-fuer-klangerlebnis\\\/\",\"url\":\"https:\\\/\\\/www.fachbau.ch\\\/intelligent-bauen\\\/2020-08-25\\\/schweizer-akustik-innovation-sorgt-fuer-klangerlebnis\\\/\",\"name\":\"Schweizer Akustik-Innovation sorgt f\u00fcr Klangerlebnis - fachbau.ch\",\"isPartOf\":{\"@id\":\"https:\\\/\\\/www.fachbau.ch\\\/#website\"},\"primaryImageOfPage\":{\"@id\":\"https:\\\/\\\/www.fachbau.ch\\\/intelligent-bauen\\\/2020-08-25\\\/schweizer-akustik-innovation-sorgt-fuer-klangerlebnis\\\/#primaryimage\"},\"image\":{\"@id\":\"https:\\\/\\\/www.fachbau.ch\\\/intelligent-bauen\\\/2020-08-25\\\/schweizer-akustik-innovation-sorgt-fuer-klangerlebnis\\\/#primaryimage\"},\"thumbnailUrl\":\"https:\\\/\\\/www.fachbau.ch\\\/wp-content\\\/uploads\\\/2020\\\/08\\\/akustikinnovation.intelligenbauen.ch_.jpg\",\"datePublished\":\"2020-08-25T14:09:23+00:00\",\"breadcrumb\":{\"@id\":\"https:\\\/\\\/www.fachbau.ch\\\/intelligent-bauen\\\/2020-08-25\\\/schweizer-akustik-innovation-sorgt-fuer-klangerlebnis\\\/#breadcrumb\"},\"inLanguage\":\"de\",\"potentialAction\":[{\"@type\":\"ReadAction\",\"target\":[\"https:\\\/\\\/www.fachbau.ch\\\/intelligent-bauen\\\/2020-08-25\\\/schweizer-akustik-innovation-sorgt-fuer-klangerlebnis\\\/\"]}]},{\"@type\":\"ImageObject\",\"inLanguage\":\"de\",\"@id\":\"https:\\\/\\\/www.fachbau.ch\\\/intelligent-bauen\\\/2020-08-25\\\/schweizer-akustik-innovation-sorgt-fuer-klangerlebnis\\\/#primaryimage\",\"url\":\"https:\\\/\\\/www.fachbau.ch\\\/wp-content\\\/uploads\\\/2020\\\/08\\\/akustikinnovation.intelligenbauen.ch_.jpg\",\"contentUrl\":\"https:\\\/\\\/www.fachbau.ch\\\/wp-content\\\/uploads\\\/2020\\\/08\\\/akustikinnovation.intelligenbauen.ch_.jpg\",\"width\":1200,\"height\":800,\"caption\":\"Akustik-Panels aus der Schweiz sorgen f\u00fcr optimales Klangerlebnis in der Elphi in Hamburg.\"},{\"@type\":\"BreadcrumbList\",\"@id\":\"https:\\\/\\\/www.fachbau.ch\\\/intelligent-bauen\\\/2020-08-25\\\/schweizer-akustik-innovation-sorgt-fuer-klangerlebnis\\\/#breadcrumb\",\"itemListElement\":[{\"@type\":\"ListItem\",\"position\":1,\"name\":\"Startseite\",\"item\":\"https:\\\/\\\/www.fachbau.ch\\\/\"},{\"@type\":\"ListItem\",\"position\":2,\"name\":\"Schweizer Akustik-Innovation sorgt f\u00fcr Klangerlebnis\"}]},{\"@type\":\"WebSite\",\"@id\":\"https:\\\/\\\/www.fachbau.ch\\\/#website\",\"url\":\"https:\\\/\\\/www.fachbau.ch\\\/\",\"name\":\"fachbau.ch\",\"description\":\"Modernes, nachhaltiges Bauen.\",\"publisher\":{\"@id\":\"https:\\\/\\\/www.fachbau.ch\\\/#organization\"},\"potentialAction\":[{\"@type\":\"SearchAction\",\"target\":{\"@type\":\"EntryPoint\",\"urlTemplate\":\"https:\\\/\\\/www.fachbau.ch\\\/?s={search_term_string}\"},\"query-input\":{\"@type\":\"PropertyValueSpecification\",\"valueRequired\":true,\"valueName\":\"search_term_string\"}}],\"inLanguage\":\"de\"},{\"@type\":\"Organization\",\"@id\":\"https:\\\/\\\/www.fachbau.ch\\\/#organization\",\"name\":\"fachbau.ch\",\"url\":\"https:\\\/\\\/www.fachbau.ch\\\/\",\"logo\":{\"@type\":\"ImageObject\",\"inLanguage\":\"de\",\"@id\":\"https:\\\/\\\/www.fachbau.ch\\\/#\\\/schema\\\/logo\\\/image\\\/\",\"url\":\"https:\\\/\\\/www.fachbau.ch\\\/wp-content\\\/uploads\\\/2021\\\/12\\\/Logo_fachbau_ch.png\",\"contentUrl\":\"https:\\\/\\\/www.fachbau.ch\\\/wp-content\\\/uploads\\\/2021\\\/12\\\/Logo_fachbau_ch.png\",\"width\":283,\"height\":42,\"caption\":\"fachbau.ch\"},\"image\":{\"@id\":\"https:\\\/\\\/www.fachbau.ch\\\/#\\\/schema\\\/logo\\\/image\\\/\"}},{\"@type\":\"Person\",\"@id\":\"https:\\\/\\\/www.fachbau.ch\\\/#\\\/schema\\\/person\\\/a968f7ff4d60ab3c15afc1e109549603\",\"name\":\"admin\",\"image\":{\"@type\":\"ImageObject\",\"inLanguage\":\"de\",\"@id\":\"https:\\\/\\\/secure.gravatar.com\\\/avatar\\\/ae2f4d718e6c49043e314ce431e7e645d646302a24a5ef5a8bc8e3f5a032e319?s=96&d=mm&r=g\",\"url\":\"https:\\\/\\\/secure.gravatar.com\\\/avatar\\\/ae2f4d718e6c49043e314ce431e7e645d646302a24a5ef5a8bc8e3f5a032e319?s=96&d=mm&r=g\",\"contentUrl\":\"https:\\\/\\\/secure.gravatar.com\\\/avatar\\\/ae2f4d718e6c49043e314ce431e7e645d646302a24a5ef5a8bc8e3f5a032e319?s=96&d=mm&r=g\",\"caption\":\"admin\"},\"sameAs\":[\"https:\\\/\\\/www.fachbau.ch\"],\"url\":\"https:\\\/\\\/www.fachbau.ch\\\/de\\\/author\\\/admin\\\/\"}]}<\/script>\n<!-- \/ Yoast SEO plugin. -->","yoast_head_json":{"title":"Schweizer Akustik-Innovation sorgt f\u00fcr Klangerlebnis - fachbau.ch","robots":{"index":"index","follow":"follow","max-snippet":"max-snippet:-1","max-image-preview":"max-image-preview:large","max-video-preview":"max-video-preview:-1"},"canonical":"https:\/\/www.fachbau.ch\/de\/intelligent-bauen\/2020-08-25\/schweizer-akustik-innovation-sorgt-fuer-klangerlebnis\/","og_locale":"de_DE","og_type":"article","og_title":"Schweizer Akustik-Innovation sorgt f\u00fcr Klangerlebnis - fachbau.ch","og_description":"Seit ihrer Er\u00f6ffnung str\u00f6men t\u00e4glich bis zu 16'000 Menschen auf die Plaza in der Elbphilharmonie in Hamburg, dem neuen Wahrzeichen der Stadt.","og_url":"https:\/\/www.fachbau.ch\/de\/intelligent-bauen\/2020-08-25\/schweizer-akustik-innovation-sorgt-fuer-klangerlebnis\/","og_site_name":"fachbau.ch","article_published_time":"2020-08-25T14:09:23+00:00","og_image":[{"width":1200,"height":800,"url":"https:\/\/www.fachbau.ch\/wp-content\/uploads\/2020\/08\/akustikinnovation.intelligenbauen.ch_.jpg","type":"image\/jpeg"}],"author":"admin","twitter_card":"summary_large_image","twitter_misc":{"Verfasst von":"admin","Gesch\u00e4tzte Lesezeit":"3\u00a0Minuten"},"schema":{"@context":"https:\/\/schema.org","@graph":[{"@type":"Article","@id":"https:\/\/www.fachbau.ch\/intelligent-bauen\/2020-08-25\/schweizer-akustik-innovation-sorgt-fuer-klangerlebnis\/#article","isPartOf":{"@id":"https:\/\/www.fachbau.ch\/intelligent-bauen\/2020-08-25\/schweizer-akustik-innovation-sorgt-fuer-klangerlebnis\/"},"author":{"name":"admin","@id":"https:\/\/www.fachbau.ch\/#\/schema\/person\/a968f7ff4d60ab3c15afc1e109549603"},"headline":"Schweizer Akustik-Innovation sorgt f\u00fcr Klangerlebnis","datePublished":"2020-08-25T14:09:23+00:00","mainEntityOfPage":{"@id":"https:\/\/www.fachbau.ch\/intelligent-bauen\/2020-08-25\/schweizer-akustik-innovation-sorgt-fuer-klangerlebnis\/"},"wordCount":567,"publisher":{"@id":"https:\/\/www.fachbau.ch\/#organization"},"image":{"@id":"https:\/\/www.fachbau.ch\/intelligent-bauen\/2020-08-25\/schweizer-akustik-innovation-sorgt-fuer-klangerlebnis\/#primaryimage"},"thumbnailUrl":"https:\/\/www.fachbau.ch\/wp-content\/uploads\/2020\/08\/akustikinnovation.intelligenbauen.ch_.jpg","keywords":["Akustik","Elbphilharmonie","Hamburg","Panel"],"articleSection":["intelligent bauen"],"inLanguage":"de"},{"@type":"WebPage","@id":"https:\/\/www.fachbau.ch\/intelligent-bauen\/2020-08-25\/schweizer-akustik-innovation-sorgt-fuer-klangerlebnis\/","url":"https:\/\/www.fachbau.ch\/intelligent-bauen\/2020-08-25\/schweizer-akustik-innovation-sorgt-fuer-klangerlebnis\/","name":"Schweizer Akustik-Innovation sorgt f\u00fcr Klangerlebnis - fachbau.ch","isPartOf":{"@id":"https:\/\/www.fachbau.ch\/#website"},"primaryImageOfPage":{"@id":"https:\/\/www.fachbau.ch\/intelligent-bauen\/2020-08-25\/schweizer-akustik-innovation-sorgt-fuer-klangerlebnis\/#primaryimage"},"image":{"@id":"https:\/\/www.fachbau.ch\/intelligent-bauen\/2020-08-25\/schweizer-akustik-innovation-sorgt-fuer-klangerlebnis\/#primaryimage"},"thumbnailUrl":"https:\/\/www.fachbau.ch\/wp-content\/uploads\/2020\/08\/akustikinnovation.intelligenbauen.ch_.jpg","datePublished":"2020-08-25T14:09:23+00:00","breadcrumb":{"@id":"https:\/\/www.fachbau.ch\/intelligent-bauen\/2020-08-25\/schweizer-akustik-innovation-sorgt-fuer-klangerlebnis\/#breadcrumb"},"inLanguage":"de","potentialAction":[{"@type":"ReadAction","target":["https:\/\/www.fachbau.ch\/intelligent-bauen\/2020-08-25\/schweizer-akustik-innovation-sorgt-fuer-klangerlebnis\/"]}]},{"@type":"ImageObject","inLanguage":"de","@id":"https:\/\/www.fachbau.ch\/intelligent-bauen\/2020-08-25\/schweizer-akustik-innovation-sorgt-fuer-klangerlebnis\/#primaryimage","url":"https:\/\/www.fachbau.ch\/wp-content\/uploads\/2020\/08\/akustikinnovation.intelligenbauen.ch_.jpg","contentUrl":"https:\/\/www.fachbau.ch\/wp-content\/uploads\/2020\/08\/akustikinnovation.intelligenbauen.ch_.jpg","width":1200,"height":800,"caption":"Akustik-Panels aus der Schweiz sorgen f\u00fcr optimales Klangerlebnis in der Elphi in Hamburg."},{"@type":"BreadcrumbList","@id":"https:\/\/www.fachbau.ch\/intelligent-bauen\/2020-08-25\/schweizer-akustik-innovation-sorgt-fuer-klangerlebnis\/#breadcrumb","itemListElement":[{"@type":"ListItem","position":1,"name":"Startseite","item":"https:\/\/www.fachbau.ch\/"},{"@type":"ListItem","position":2,"name":"Schweizer Akustik-Innovation sorgt f\u00fcr Klangerlebnis"}]},{"@type":"WebSite","@id":"https:\/\/www.fachbau.ch\/#website","url":"https:\/\/www.fachbau.ch\/","name":"fachbau.ch","description":"Modernes, nachhaltiges Bauen.","publisher":{"@id":"https:\/\/www.fachbau.ch\/#organization"},"potentialAction":[{"@type":"SearchAction","target":{"@type":"EntryPoint","urlTemplate":"https:\/\/www.fachbau.ch\/?s={search_term_string}"},"query-input":{"@type":"PropertyValueSpecification","valueRequired":true,"valueName":"search_term_string"}}],"inLanguage":"de"},{"@type":"Organization","@id":"https:\/\/www.fachbau.ch\/#organization","name":"fachbau.ch","url":"https:\/\/www.fachbau.ch\/","logo":{"@type":"ImageObject","inLanguage":"de","@id":"https:\/\/www.fachbau.ch\/#\/schema\/logo\/image\/","url":"https:\/\/www.fachbau.ch\/wp-content\/uploads\/2021\/12\/Logo_fachbau_ch.png","contentUrl":"https:\/\/www.fachbau.ch\/wp-content\/uploads\/2021\/12\/Logo_fachbau_ch.png","width":283,"height":42,"caption":"fachbau.ch"},"image":{"@id":"https:\/\/www.fachbau.ch\/#\/schema\/logo\/image\/"}},{"@type":"Person","@id":"https:\/\/www.fachbau.ch\/#\/schema\/person\/a968f7ff4d60ab3c15afc1e109549603","name":"admin","image":{"@type":"ImageObject","inLanguage":"de","@id":"https:\/\/secure.gravatar.com\/avatar\/ae2f4d718e6c49043e314ce431e7e645d646302a24a5ef5a8bc8e3f5a032e319?s=96&d=mm&r=g","url":"https:\/\/secure.gravatar.com\/avatar\/ae2f4d718e6c49043e314ce431e7e645d646302a24a5ef5a8bc8e3f5a032e319?s=96&d=mm&r=g","contentUrl":"https:\/\/secure.gravatar.com\/avatar\/ae2f4d718e6c49043e314ce431e7e645d646302a24a5ef5a8bc8e3f5a032e319?s=96&d=mm&r=g","caption":"admin"},"sameAs":["https:\/\/www.fachbau.ch"],"url":"https:\/\/www.fachbau.ch\/de\/author\/admin\/"}]}},"_links":{"self":[{"href":"https:\/\/www.fachbau.ch\/de\/wp-json\/wp\/v2\/posts\/3677","targetHints":{"allow":["GET"]}}],"collection":[{"href":"https:\/\/www.fachbau.ch\/de\/wp-json\/wp\/v2\/posts"}],"about":[{"href":"https:\/\/www.fachbau.ch\/de\/wp-json\/wp\/v2\/types\/post"}],"author":[{"embeddable":true,"href":"https:\/\/www.fachbau.ch\/de\/wp-json\/wp\/v2\/users\/1"}],"replies":[{"embeddable":true,"href":"https:\/\/www.fachbau.ch\/de\/wp-json\/wp\/v2\/comments?post=3677"}],"version-history":[{"count":0,"href":"https:\/\/www.fachbau.ch\/de\/wp-json\/wp\/v2\/posts\/3677\/revisions"}],"wp:featuredmedia":[{"embeddable":true,"href":"https:\/\/www.fachbau.ch\/de\/wp-json\/wp\/v2\/media\/3678"}],"wp:attachment":[{"href":"https:\/\/www.fachbau.ch\/de\/wp-json\/wp\/v2\/media?parent=3677"}],"wp:term":[{"taxonomy":"category","embeddable":true,"href":"https:\/\/www.fachbau.ch\/de\/wp-json\/wp\/v2\/categories?post=3677"},{"taxonomy":"post_tag","embeddable":true,"href":"https:\/\/www.fachbau.ch\/de\/wp-json\/wp\/v2\/tags?post=3677"}],"curies":[{"name":"wp","href":"https:\/\/api.w.org\/{rel}","templated":true}]}}