{"id":2790,"date":"2019-03-09T14:56:18","date_gmt":"2019-03-09T13:56:18","guid":{"rendered":"https:\/\/www.intelligentbauen.ch\/?p=2790"},"modified":"2019-03-09T14:56:18","modified_gmt":"2019-03-09T13:56:18","slug":"die-zukunft-der-thermotechnik","status":"publish","type":"post","link":"https:\/\/www.fachbau.ch\/de\/intelligent-bauen\/2019-03-09\/die-zukunft-der-thermotechnik\/","title":{"rendered":"Die Zukunft der Thermotechnik"},"content":{"rendered":"<figure id=\"attachment_2792\" aria-describedby=\"caption-attachment-2792\" style=\"width: 680px\" class=\"wp-caption alignnone\"><img loading=\"lazy\" decoding=\"async\" class=\"size-medium wp-image-2792\" src=\"\/\/www.intelligentbauen.ch\/wp-content\/uploads\/2019\/08\/Stationa\u0308re-Batteriespeicher_intelligentbauen.ch_-680x378.jpg\" alt=\"\" width=\"680\" height=\"378\" \/><figcaption id=\"caption-attachment-2792\" class=\"wp-caption-text\">Station\u00e4re Batteriespeicher sind ein wichtiges Schl\u00fcsselelement, um die Energiewende erfolgreich zu gestalten.<\/figcaption><\/figure>\n<p>Unter dem Motto \u00abGemeinsam die Zukunft gestalten\u00bb veranschaulichte Buderus, wie seine Fachpartner bei Auswahl, Inbetriebnahme, Wartung und Reparatur von Heizungssystemen auf die Unterst\u00fctzung und Beratungskompetenz z\u00e4hlen k\u00f6nnen. Mit der Innovationskraft von Bosch steht nun die gesamte Bandbreite wegweisender Raumklima- und Warmwasserl\u00f6sungen zur Verf\u00fcgung. Damit bringt der Markenwechsel das Beste aus zwei Welten zusammen. Ganzheitliche und faszinierende L\u00f6sungen aus der Hand eines Partners, der das Leben der Installateure und Anwender einfacher, vernetzter und unabh\u00e4ngiger macht.<\/p>\n<p><strong>Investitionen in Zukunftstechnologien <\/strong><br \/>\nIn der Heiz- und Klimatechnik gewinnt die Elektrifizierung zunehmend an Bedeutung, elektrische L\u00f6sungen stehen heute gleichberechtigt neben Gas- und \u00d6l-Ger\u00e4ten. \u00abWir werden unser Angebot mit W\u00e4rmepumpen, elektrischen Warmwasserl\u00f6sungen und Klimager\u00e4ten ausbauen. Daneben wollen wir auch neue Marktsegmente wie das Energiemanagement und brennstoffzellenbasierte Energiel\u00f6sungen f\u00fcr uns erschliessen\u00bb, so Uwe Glock von Bosch Thermotechnik. Das Unternehmen investiert in den kommenden Jahren rund 100 Millionen Euro in die Forschung und Entwicklung seines W\u00e4rmepumpengesch\u00e4ftes. Dabei liegt der Fokus auf einfach zu installierenden Systeml\u00f6sungen mit digitaler Unterst\u00fctzung. 2018 gab es bereits drei neue Produktanl\u00e4ufe auf drei neuen Fertigungslinien. F\u00fcr den europ\u00e4ischen Markt f\u00fcr Heizungsw\u00e4rmepumpen, der 95 Prozent des Weltmarktes ausmacht, ist Bosch Thermotechnik mit Entwicklungszentren in Schweden f\u00fcr Nordeuropa und in Portugal f\u00fcr S\u00fcdeuropa sowie mit dem neuen Forschungsund Entwicklungsteam im deutschen Wernau f\u00fcr Mitteleuropa gut aufgestellt.<\/p>\n<figure id=\"attachment_2791\" aria-describedby=\"caption-attachment-2791\" style=\"width: 680px\" class=\"wp-caption alignnone\"><img loading=\"lazy\" decoding=\"async\" class=\"size-medium wp-image-2791\" src=\"\/\/www.intelligentbauen.ch\/wp-content\/uploads\/2019\/08\/Smarthome-Bewohner_intelligentbauen.ch_-e1566478450324-680x593.jpg\" alt=\"\" width=\"680\" height=\"593\" \/><figcaption id=\"caption-attachment-2791\" class=\"wp-caption-text\">Smarthome-Bewohner k\u00f6nnen mit dem Energiemanager besonders viel Stromkosten sparen.<\/figcaption><\/figure>\n<p><strong>Weiterentwicklung der Brennstoffzellentechnologie <\/strong><br \/>\nBosch treibt die Entwicklung der Brennstoffzelle f\u00fcr potenzielle neue Energiesysteme weiter voran. Gemeinsam mit dem Technologie-Spezialisten Ceres Power, Horsham, Grossbritannien, will das Unternehmen die Festoxid-Brennstoffzellen- Technologie (SOFC) voranbringen. Die 2018 geschlossene strategische Kooperation umfasst auch eine Beteiligung an Ceres Power. Ziel ist es, die SOFC-Technologie durch Volumenfertigung zu industrialisieren und sie f\u00fcr die vernetzte und dezentrale Energieerzeugung einzusetzen. SOFC-Systeme sollen in St\u00e4dten, Fabriken, Rechenzentren oder Lades\u00e4ulen f\u00fcr Elektrofahrzeuge zum Einsatz kommen. \u00abDie hocheffiziente Brennstoffzellentechnologie ist ein wichtiger Beitrag zur Energiewende, da sie zu Versorgungssicherheit und Flexibilit\u00e4t des Energiesystems beitr\u00e4gt\u00bb, ist Uwe Glock \u00fcberzeugt. Vor allem in einer immer st\u00e4rker urbanisierten Welt ist die Brennstoffzellentechnologie f\u00fcr die Versorgungssicherheit entscheidend. 2050 werden voraussichtlich mehr als sechs Milliarden Menschen und damit 70 Prozent der Weltbev\u00f6lkerung in St\u00e4dten wohnen. Schon heute schlucken Metropolen 75 Prozent der weltweit verbrauchten Energie. Bis 2035 wird der Energieverbrauch weltweit noch deutlich steigen. Dieser erh\u00f6hte Strombedarf kann in Zukunft nicht mehr nur mit grossen, zentralen Kraftwerken abgedeckt werden. Ziel der Kooperation von Bosch und Ceres Power ist es deshalb, einen neuen Industriestandard bei der SOFC-Technologie f\u00fcr die Nutzung in der dezentralen Energieversorgung zu etablieren.<\/p>\n<p><strong>Sektorkopplung in Geb\u00e4uden: Energiemanager von Bosch <\/strong><br \/>\nDas Hausenergiesystem wird immer umfassender, elektrischer und komplexer. Bosch Thermotechnik liefert mit dem Energiemanager die Systemregelung, die neben Komfort auch die Energiekosten optimiert. Er unterst\u00fctzt den Smarthome-Besitzer auf dem Weg in die Energieunabh\u00e4ngigkeit und sorgt daf\u00fcr, dass Energieverbrauch, -gewinnung und -speicherung effizient zwischen verschiedenen Komponenten wie W\u00e4rmepumpe, Photovoltaikanlage und zuk\u00fcnftig auch Elektrofahrzeugen gemanagt werden. Die Software des Energiemanagers bringt die unterschiedlichen Komponenten intelligent zusammen und erm\u00f6glicht Eigenstromnutzung und effiziente W\u00e4rmeerzeugung. Der Energiemanager ist in das Smarthome- System integriert: Mithilfe der App haben die Nutzer alle Daten im Blick und k\u00f6nnen ihre Hausger\u00e4te problemlos einbinden. Smarthome- Bewohner k\u00f6nnen dank effizienter digitaler Steuerung und regenerativer Solarenergie in Verbindung mit einem Batteriespeicher bis zu 70 Prozent ihrer Stromkosten einsparen. In diese Richtung muss die k\u00fcnftige Entwicklung von Energienutzung gehen.<\/p>\n<p><strong>Sektorkopplung in Quartieren: elektrische Speicher und Ladeinfrastruktur <\/strong><br \/>\nDie intelligente Sektorkopplung ist ein wichtiger Schl\u00fcssel, um k\u00fcnftig die Anforderungen der Bev\u00f6lkerung an die Energieversorgung in ihren Wohngebieten zu erf\u00fcllen. Glock betonte an einer Pressekonferenz, wie wichtig es sei, sich hier strategisch als starker Anbieter ganzheitlicher Systeml\u00f6sungen und Services zu positionieren: \u00abWenn man die Energiewende schaffen will, muss man Effizienzen in allen Sektoren heben, und das nicht nacheinander, sondern gemeinsam und gleichzeitig. Daf\u00fcr braucht man in allen Sektoren effiziente Anlagen und m\u00f6glichst erneuerbare Energien\u00bb, erkl\u00e4rte er. Die einzelnen Bausteine \u2013 Elektrospeicher, Schnellladestationen, die Festoxid-Brennstoffzellen-Technologie und erg\u00e4nzende Energiemanagementsoftware \u2013 m\u00fcssen in einem cleveren Gesamtsystem zusammengebracht werden. Hier ist Bosch auf einem guten Weg: Gemeinsam mit ads-tec Energy will das Unternehmen umfassende Systeme f\u00fcr das dezentrale Energiemanagement in Geb\u00e4uden und Wohnquartieren anbieten und so einen wichtigen Beitrag zur Energiewende leisten. Das Management dezentraler elektrischer Energiesysteme etabliert sich derzeit immer st\u00e4rker in den St\u00e4dten und Quartieren.<\/p>\n<p><a href=\"\/\/www.bosch-thermotechnik.de\" target=\"_blank\" rel=\"noopener noreferrer\">www.bosch-thermotechnik.de<\/a><\/p>\n","protected":false},"excerpt":{"rendered":"<p>Unter dem Motto \u00abGemeinsam die Zukunft gestalten\u00bb veranschaulichte Buderus, wie seine Fachpartner bei Auswahl, Inbetriebnahme, Wartung und Reparatur von Heizungssystemen auf die Unterst\u00fctzung und Beratungskompetenz z\u00e4hlen k\u00f6nnen. Mit der Innovationskraft von Bosch steht nun die gesamte Bandbreite wegweisender Raumklima- und Warmwasserl\u00f6sungen zur Verf\u00fcgung. Damit bringt der Markenwechsel das Beste aus zwei Welten zusammen. Ganzheitliche und [&hellip;]<\/p>\n","protected":false},"author":1,"featured_media":2792,"comment_status":"closed","ping_status":"closed","sticky":false,"template":"","format":"standard","meta":{"_acf_changed":false,"pgc_sgb_lightbox_settings":"","footnotes":""},"categories":[20],"tags":[473,814,1476],"class_list":["post-2790","post","type-post","status-publish","format-standard","has-post-thumbnail","hentry","category-intelligent-bauen","tag-energie","tag-immobilien","tag-technik"],"acf":[],"yoast_head":"<!-- This site is optimized with the Yoast SEO plugin v27.4 - https:\/\/yoast.com\/product\/yoast-seo-wordpress\/ -->\n<title>Die Zukunft der Thermotechnik - fachbau.ch<\/title>\n<meta name=\"description\" content=\"Auf der Messe ISH Energy in Frankfurt\/Main pr\u00e4sentierte Bosch Thermotechnik sich erstmals mit direkt nebeneinanderliegenden St\u00e4nden der Marken Bosch und Buderus.\" \/>\n<meta name=\"robots\" content=\"index, follow, max-snippet:-1, max-image-preview:large, max-video-preview:-1\" \/>\n<link rel=\"canonical\" href=\"https:\/\/www.fachbau.ch\/de\/intelligent-bauen\/2019-03-09\/die-zukunft-der-thermotechnik\/\" \/>\n<meta property=\"og:locale\" content=\"de_DE\" \/>\n<meta property=\"og:type\" content=\"article\" \/>\n<meta property=\"og:title\" content=\"Die Zukunft der Thermotechnik - fachbau.ch\" \/>\n<meta property=\"og:description\" content=\"Auf der Messe ISH Energy in Frankfurt\/Main pr\u00e4sentierte Bosch Thermotechnik sich erstmals mit direkt nebeneinanderliegenden St\u00e4nden der Marken Bosch und Buderus.\" \/>\n<meta property=\"og:url\" content=\"https:\/\/www.fachbau.ch\/de\/intelligent-bauen\/2019-03-09\/die-zukunft-der-thermotechnik\/\" \/>\n<meta property=\"og:site_name\" content=\"fachbau.ch\" \/>\n<meta property=\"article:published_time\" content=\"2019-03-09T13:56:18+00:00\" \/>\n<meta property=\"og:image\" content=\"https:\/\/www.fachbau.ch\/wp-content\/uploads\/2019\/08\/Stationaere-Batteriespeicher_intelligentbauen.ch_-scaled-1.jpg\" \/>\n\t<meta property=\"og:image:width\" content=\"1200\" \/>\n\t<meta property=\"og:image:height\" content=\"666\" \/>\n\t<meta property=\"og:image:type\" content=\"image\/jpeg\" \/>\n<meta name=\"author\" content=\"admin\" \/>\n<meta name=\"twitter:card\" content=\"summary_large_image\" \/>\n<meta name=\"twitter:label1\" content=\"Verfasst von\" \/>\n\t<meta name=\"twitter:data1\" content=\"admin\" \/>\n\t<meta name=\"twitter:label2\" content=\"Gesch\u00e4tzte Lesezeit\" \/>\n\t<meta name=\"twitter:data2\" content=\"4\u00a0Minuten\" \/>\n<script type=\"application\/ld+json\" class=\"yoast-schema-graph\">{\"@context\":\"https:\\\/\\\/schema.org\",\"@graph\":[{\"@type\":\"Article\",\"@id\":\"https:\\\/\\\/www.fachbau.ch\\\/intelligent-bauen\\\/2019-03-09\\\/die-zukunft-der-thermotechnik\\\/#article\",\"isPartOf\":{\"@id\":\"https:\\\/\\\/www.fachbau.ch\\\/intelligent-bauen\\\/2019-03-09\\\/die-zukunft-der-thermotechnik\\\/\"},\"author\":{\"name\":\"admin\",\"@id\":\"https:\\\/\\\/www.fachbau.ch\\\/#\\\/schema\\\/person\\\/a968f7ff4d60ab3c15afc1e109549603\"},\"headline\":\"Die Zukunft der Thermotechnik\",\"datePublished\":\"2019-03-09T13:56:18+00:00\",\"mainEntityOfPage\":{\"@id\":\"https:\\\/\\\/www.fachbau.ch\\\/intelligent-bauen\\\/2019-03-09\\\/die-zukunft-der-thermotechnik\\\/\"},\"wordCount\":780,\"publisher\":{\"@id\":\"https:\\\/\\\/www.fachbau.ch\\\/#organization\"},\"image\":{\"@id\":\"https:\\\/\\\/www.fachbau.ch\\\/intelligent-bauen\\\/2019-03-09\\\/die-zukunft-der-thermotechnik\\\/#primaryimage\"},\"thumbnailUrl\":\"https:\\\/\\\/www.fachbau.ch\\\/wp-content\\\/uploads\\\/2019\\\/08\\\/Stationaere-Batteriespeicher_intelligentbauen.ch_-scaled-1.jpg\",\"keywords\":[\"Energie\",\"Immobilien\",\"Technik\"],\"articleSection\":[\"intelligent bauen\"],\"inLanguage\":\"de\"},{\"@type\":\"WebPage\",\"@id\":\"https:\\\/\\\/www.fachbau.ch\\\/intelligent-bauen\\\/2019-03-09\\\/die-zukunft-der-thermotechnik\\\/\",\"url\":\"https:\\\/\\\/www.fachbau.ch\\\/intelligent-bauen\\\/2019-03-09\\\/die-zukunft-der-thermotechnik\\\/\",\"name\":\"Die Zukunft der Thermotechnik - fachbau.ch\",\"isPartOf\":{\"@id\":\"https:\\\/\\\/www.fachbau.ch\\\/#website\"},\"primaryImageOfPage\":{\"@id\":\"https:\\\/\\\/www.fachbau.ch\\\/intelligent-bauen\\\/2019-03-09\\\/die-zukunft-der-thermotechnik\\\/#primaryimage\"},\"image\":{\"@id\":\"https:\\\/\\\/www.fachbau.ch\\\/intelligent-bauen\\\/2019-03-09\\\/die-zukunft-der-thermotechnik\\\/#primaryimage\"},\"thumbnailUrl\":\"https:\\\/\\\/www.fachbau.ch\\\/wp-content\\\/uploads\\\/2019\\\/08\\\/Stationaere-Batteriespeicher_intelligentbauen.ch_-scaled-1.jpg\",\"datePublished\":\"2019-03-09T13:56:18+00:00\",\"description\":\"Auf der Messe ISH Energy in Frankfurt\\\/Main pr\u00e4sentierte Bosch Thermotechnik sich erstmals mit direkt nebeneinanderliegenden St\u00e4nden der Marken Bosch und Buderus.\",\"breadcrumb\":{\"@id\":\"https:\\\/\\\/www.fachbau.ch\\\/intelligent-bauen\\\/2019-03-09\\\/die-zukunft-der-thermotechnik\\\/#breadcrumb\"},\"inLanguage\":\"de\",\"potentialAction\":[{\"@type\":\"ReadAction\",\"target\":[\"https:\\\/\\\/www.fachbau.ch\\\/intelligent-bauen\\\/2019-03-09\\\/die-zukunft-der-thermotechnik\\\/\"]}]},{\"@type\":\"ImageObject\",\"inLanguage\":\"de\",\"@id\":\"https:\\\/\\\/www.fachbau.ch\\\/intelligent-bauen\\\/2019-03-09\\\/die-zukunft-der-thermotechnik\\\/#primaryimage\",\"url\":\"https:\\\/\\\/www.fachbau.ch\\\/wp-content\\\/uploads\\\/2019\\\/08\\\/Stationaere-Batteriespeicher_intelligentbauen.ch_-scaled-1.jpg\",\"contentUrl\":\"https:\\\/\\\/www.fachbau.ch\\\/wp-content\\\/uploads\\\/2019\\\/08\\\/Stationaere-Batteriespeicher_intelligentbauen.ch_-scaled-1.jpg\",\"width\":1200,\"height\":666,\"caption\":\"Station\u00e4re Batteriespeicher sind ein wichtiges Schlu\u0308sselelement, um die Energiewende erfolgreich zu gestalten.\"},{\"@type\":\"BreadcrumbList\",\"@id\":\"https:\\\/\\\/www.fachbau.ch\\\/intelligent-bauen\\\/2019-03-09\\\/die-zukunft-der-thermotechnik\\\/#breadcrumb\",\"itemListElement\":[{\"@type\":\"ListItem\",\"position\":1,\"name\":\"Startseite\",\"item\":\"https:\\\/\\\/www.fachbau.ch\\\/\"},{\"@type\":\"ListItem\",\"position\":2,\"name\":\"Die Zukunft der Thermotechnik\"}]},{\"@type\":\"WebSite\",\"@id\":\"https:\\\/\\\/www.fachbau.ch\\\/#website\",\"url\":\"https:\\\/\\\/www.fachbau.ch\\\/\",\"name\":\"fachbau.ch\",\"description\":\"Modernes, nachhaltiges Bauen.\",\"publisher\":{\"@id\":\"https:\\\/\\\/www.fachbau.ch\\\/#organization\"},\"potentialAction\":[{\"@type\":\"SearchAction\",\"target\":{\"@type\":\"EntryPoint\",\"urlTemplate\":\"https:\\\/\\\/www.fachbau.ch\\\/?s={search_term_string}\"},\"query-input\":{\"@type\":\"PropertyValueSpecification\",\"valueRequired\":true,\"valueName\":\"search_term_string\"}}],\"inLanguage\":\"de\"},{\"@type\":\"Organization\",\"@id\":\"https:\\\/\\\/www.fachbau.ch\\\/#organization\",\"name\":\"fachbau.ch\",\"url\":\"https:\\\/\\\/www.fachbau.ch\\\/\",\"logo\":{\"@type\":\"ImageObject\",\"inLanguage\":\"de\",\"@id\":\"https:\\\/\\\/www.fachbau.ch\\\/#\\\/schema\\\/logo\\\/image\\\/\",\"url\":\"https:\\\/\\\/www.fachbau.ch\\\/wp-content\\\/uploads\\\/2021\\\/12\\\/Logo_fachbau_ch.png\",\"contentUrl\":\"https:\\\/\\\/www.fachbau.ch\\\/wp-content\\\/uploads\\\/2021\\\/12\\\/Logo_fachbau_ch.png\",\"width\":283,\"height\":42,\"caption\":\"fachbau.ch\"},\"image\":{\"@id\":\"https:\\\/\\\/www.fachbau.ch\\\/#\\\/schema\\\/logo\\\/image\\\/\"}},{\"@type\":\"Person\",\"@id\":\"https:\\\/\\\/www.fachbau.ch\\\/#\\\/schema\\\/person\\\/a968f7ff4d60ab3c15afc1e109549603\",\"name\":\"admin\",\"image\":{\"@type\":\"ImageObject\",\"inLanguage\":\"de\",\"@id\":\"https:\\\/\\\/secure.gravatar.com\\\/avatar\\\/ae2f4d718e6c49043e314ce431e7e645d646302a24a5ef5a8bc8e3f5a032e319?s=96&d=mm&r=g\",\"url\":\"https:\\\/\\\/secure.gravatar.com\\\/avatar\\\/ae2f4d718e6c49043e314ce431e7e645d646302a24a5ef5a8bc8e3f5a032e319?s=96&d=mm&r=g\",\"contentUrl\":\"https:\\\/\\\/secure.gravatar.com\\\/avatar\\\/ae2f4d718e6c49043e314ce431e7e645d646302a24a5ef5a8bc8e3f5a032e319?s=96&d=mm&r=g\",\"caption\":\"admin\"},\"sameAs\":[\"https:\\\/\\\/www.fachbau.ch\"],\"url\":\"https:\\\/\\\/www.fachbau.ch\\\/de\\\/author\\\/admin\\\/\"}]}<\/script>\n<!-- \/ Yoast SEO plugin. -->","yoast_head_json":{"title":"Die Zukunft der Thermotechnik - fachbau.ch","description":"Auf der Messe ISH Energy in Frankfurt\/Main pr\u00e4sentierte Bosch Thermotechnik sich erstmals mit direkt nebeneinanderliegenden St\u00e4nden der Marken Bosch und Buderus.","robots":{"index":"index","follow":"follow","max-snippet":"max-snippet:-1","max-image-preview":"max-image-preview:large","max-video-preview":"max-video-preview:-1"},"canonical":"https:\/\/www.fachbau.ch\/de\/intelligent-bauen\/2019-03-09\/die-zukunft-der-thermotechnik\/","og_locale":"de_DE","og_type":"article","og_title":"Die Zukunft der Thermotechnik - fachbau.ch","og_description":"Auf der Messe ISH Energy in Frankfurt\/Main pr\u00e4sentierte Bosch Thermotechnik sich erstmals mit direkt nebeneinanderliegenden St\u00e4nden der Marken Bosch und Buderus.","og_url":"https:\/\/www.fachbau.ch\/de\/intelligent-bauen\/2019-03-09\/die-zukunft-der-thermotechnik\/","og_site_name":"fachbau.ch","article_published_time":"2019-03-09T13:56:18+00:00","og_image":[{"width":1200,"height":666,"url":"https:\/\/www.fachbau.ch\/wp-content\/uploads\/2019\/08\/Stationaere-Batteriespeicher_intelligentbauen.ch_-scaled-1.jpg","type":"image\/jpeg"}],"author":"admin","twitter_card":"summary_large_image","twitter_misc":{"Verfasst von":"admin","Gesch\u00e4tzte Lesezeit":"4\u00a0Minuten"},"schema":{"@context":"https:\/\/schema.org","@graph":[{"@type":"Article","@id":"https:\/\/www.fachbau.ch\/intelligent-bauen\/2019-03-09\/die-zukunft-der-thermotechnik\/#article","isPartOf":{"@id":"https:\/\/www.fachbau.ch\/intelligent-bauen\/2019-03-09\/die-zukunft-der-thermotechnik\/"},"author":{"name":"admin","@id":"https:\/\/www.fachbau.ch\/#\/schema\/person\/a968f7ff4d60ab3c15afc1e109549603"},"headline":"Die Zukunft der Thermotechnik","datePublished":"2019-03-09T13:56:18+00:00","mainEntityOfPage":{"@id":"https:\/\/www.fachbau.ch\/intelligent-bauen\/2019-03-09\/die-zukunft-der-thermotechnik\/"},"wordCount":780,"publisher":{"@id":"https:\/\/www.fachbau.ch\/#organization"},"image":{"@id":"https:\/\/www.fachbau.ch\/intelligent-bauen\/2019-03-09\/die-zukunft-der-thermotechnik\/#primaryimage"},"thumbnailUrl":"https:\/\/www.fachbau.ch\/wp-content\/uploads\/2019\/08\/Stationaere-Batteriespeicher_intelligentbauen.ch_-scaled-1.jpg","keywords":["Energie","Immobilien","Technik"],"articleSection":["intelligent bauen"],"inLanguage":"de"},{"@type":"WebPage","@id":"https:\/\/www.fachbau.ch\/intelligent-bauen\/2019-03-09\/die-zukunft-der-thermotechnik\/","url":"https:\/\/www.fachbau.ch\/intelligent-bauen\/2019-03-09\/die-zukunft-der-thermotechnik\/","name":"Die Zukunft der Thermotechnik - fachbau.ch","isPartOf":{"@id":"https:\/\/www.fachbau.ch\/#website"},"primaryImageOfPage":{"@id":"https:\/\/www.fachbau.ch\/intelligent-bauen\/2019-03-09\/die-zukunft-der-thermotechnik\/#primaryimage"},"image":{"@id":"https:\/\/www.fachbau.ch\/intelligent-bauen\/2019-03-09\/die-zukunft-der-thermotechnik\/#primaryimage"},"thumbnailUrl":"https:\/\/www.fachbau.ch\/wp-content\/uploads\/2019\/08\/Stationaere-Batteriespeicher_intelligentbauen.ch_-scaled-1.jpg","datePublished":"2019-03-09T13:56:18+00:00","description":"Auf der Messe ISH Energy in Frankfurt\/Main pr\u00e4sentierte Bosch Thermotechnik sich erstmals mit direkt nebeneinanderliegenden St\u00e4nden der Marken Bosch und Buderus.","breadcrumb":{"@id":"https:\/\/www.fachbau.ch\/intelligent-bauen\/2019-03-09\/die-zukunft-der-thermotechnik\/#breadcrumb"},"inLanguage":"de","potentialAction":[{"@type":"ReadAction","target":["https:\/\/www.fachbau.ch\/intelligent-bauen\/2019-03-09\/die-zukunft-der-thermotechnik\/"]}]},{"@type":"ImageObject","inLanguage":"de","@id":"https:\/\/www.fachbau.ch\/intelligent-bauen\/2019-03-09\/die-zukunft-der-thermotechnik\/#primaryimage","url":"https:\/\/www.fachbau.ch\/wp-content\/uploads\/2019\/08\/Stationaere-Batteriespeicher_intelligentbauen.ch_-scaled-1.jpg","contentUrl":"https:\/\/www.fachbau.ch\/wp-content\/uploads\/2019\/08\/Stationaere-Batteriespeicher_intelligentbauen.ch_-scaled-1.jpg","width":1200,"height":666,"caption":"Station\u00e4re Batteriespeicher sind ein wichtiges Schlu\u0308sselelement, um die Energiewende erfolgreich zu gestalten."},{"@type":"BreadcrumbList","@id":"https:\/\/www.fachbau.ch\/intelligent-bauen\/2019-03-09\/die-zukunft-der-thermotechnik\/#breadcrumb","itemListElement":[{"@type":"ListItem","position":1,"name":"Startseite","item":"https:\/\/www.fachbau.ch\/"},{"@type":"ListItem","position":2,"name":"Die Zukunft der Thermotechnik"}]},{"@type":"WebSite","@id":"https:\/\/www.fachbau.ch\/#website","url":"https:\/\/www.fachbau.ch\/","name":"fachbau.ch","description":"Modernes, nachhaltiges Bauen.","publisher":{"@id":"https:\/\/www.fachbau.ch\/#organization"},"potentialAction":[{"@type":"SearchAction","target":{"@type":"EntryPoint","urlTemplate":"https:\/\/www.fachbau.ch\/?s={search_term_string}"},"query-input":{"@type":"PropertyValueSpecification","valueRequired":true,"valueName":"search_term_string"}}],"inLanguage":"de"},{"@type":"Organization","@id":"https:\/\/www.fachbau.ch\/#organization","name":"fachbau.ch","url":"https:\/\/www.fachbau.ch\/","logo":{"@type":"ImageObject","inLanguage":"de","@id":"https:\/\/www.fachbau.ch\/#\/schema\/logo\/image\/","url":"https:\/\/www.fachbau.ch\/wp-content\/uploads\/2021\/12\/Logo_fachbau_ch.png","contentUrl":"https:\/\/www.fachbau.ch\/wp-content\/uploads\/2021\/12\/Logo_fachbau_ch.png","width":283,"height":42,"caption":"fachbau.ch"},"image":{"@id":"https:\/\/www.fachbau.ch\/#\/schema\/logo\/image\/"}},{"@type":"Person","@id":"https:\/\/www.fachbau.ch\/#\/schema\/person\/a968f7ff4d60ab3c15afc1e109549603","name":"admin","image":{"@type":"ImageObject","inLanguage":"de","@id":"https:\/\/secure.gravatar.com\/avatar\/ae2f4d718e6c49043e314ce431e7e645d646302a24a5ef5a8bc8e3f5a032e319?s=96&d=mm&r=g","url":"https:\/\/secure.gravatar.com\/avatar\/ae2f4d718e6c49043e314ce431e7e645d646302a24a5ef5a8bc8e3f5a032e319?s=96&d=mm&r=g","contentUrl":"https:\/\/secure.gravatar.com\/avatar\/ae2f4d718e6c49043e314ce431e7e645d646302a24a5ef5a8bc8e3f5a032e319?s=96&d=mm&r=g","caption":"admin"},"sameAs":["https:\/\/www.fachbau.ch"],"url":"https:\/\/www.fachbau.ch\/de\/author\/admin\/"}]}},"_links":{"self":[{"href":"https:\/\/www.fachbau.ch\/de\/wp-json\/wp\/v2\/posts\/2790","targetHints":{"allow":["GET"]}}],"collection":[{"href":"https:\/\/www.fachbau.ch\/de\/wp-json\/wp\/v2\/posts"}],"about":[{"href":"https:\/\/www.fachbau.ch\/de\/wp-json\/wp\/v2\/types\/post"}],"author":[{"embeddable":true,"href":"https:\/\/www.fachbau.ch\/de\/wp-json\/wp\/v2\/users\/1"}],"replies":[{"embeddable":true,"href":"https:\/\/www.fachbau.ch\/de\/wp-json\/wp\/v2\/comments?post=2790"}],"version-history":[{"count":0,"href":"https:\/\/www.fachbau.ch\/de\/wp-json\/wp\/v2\/posts\/2790\/revisions"}],"wp:featuredmedia":[{"embeddable":true,"href":"https:\/\/www.fachbau.ch\/de\/wp-json\/wp\/v2\/media\/2792"}],"wp:attachment":[{"href":"https:\/\/www.fachbau.ch\/de\/wp-json\/wp\/v2\/media?parent=2790"}],"wp:term":[{"taxonomy":"category","embeddable":true,"href":"https:\/\/www.fachbau.ch\/de\/wp-json\/wp\/v2\/categories?post=2790"},{"taxonomy":"post_tag","embeddable":true,"href":"https:\/\/www.fachbau.ch\/de\/wp-json\/wp\/v2\/tags?post=2790"}],"curies":[{"name":"wp","href":"https:\/\/api.w.org\/{rel}","templated":true}]}}