{"id":24759,"date":"2026-09-03T17:00:54","date_gmt":"2026-09-03T15:00:54","guid":{"rendered":"https:\/\/www.fachbau.ch\/?p=24759"},"modified":"2026-09-03T17:08:05","modified_gmt":"2026-09-03T15:08:05","slug":"holcim-schweiz-ag-beteiligt-sich-an-klark","status":"publish","type":"post","link":"https:\/\/www.fachbau.ch\/de\/der-bauingenieur\/2026-09-03\/holcim-schweiz-ag-beteiligt-sich-an-klark\/","title":{"rendered":"Holcim (Schweiz) AG beteiligt sich an KLARK"},"content":{"rendered":"<figure id=\"attachment_24760\" aria-describedby=\"caption-attachment-24760\" style=\"width: 680px\" class=\"wp-caption alignnone\"><img decoding=\"async\" class=\"wp-image-24760 size-medium\" src=\"https:\/\/www.fachbau.ch\/wp-content\/uploads\/2026\/09\/20260903_Bild_Verwaltungsrat-1326x995-1-680x510.jpg\" alt=\"\" width=\"680\" height=\"510\" srcset=\"https:\/\/www.fachbau.ch\/wp-content\/uploads\/2026\/09\/20260903_Bild_Verwaltungsrat-1326x995-1-680x510.jpg 680w, https:\/\/www.fachbau.ch\/wp-content\/uploads\/2026\/09\/20260903_Bild_Verwaltungsrat-1326x995-1-1024x768.jpg 1024w, https:\/\/www.fachbau.ch\/wp-content\/uploads\/2026\/09\/20260903_Bild_Verwaltungsrat-1326x995-1-768x576.jpg 768w, https:\/\/www.fachbau.ch\/wp-content\/uploads\/2026\/09\/20260903_Bild_Verwaltungsrat-1326x995-1-16x12.jpg 16w, https:\/\/www.fachbau.ch\/wp-content\/uploads\/2026\/09\/20260903_Bild_Verwaltungsrat-1326x995-1-375x281.jpg 375w, https:\/\/www.fachbau.ch\/wp-content\/uploads\/2026\/09\/20260903_Bild_Verwaltungsrat-1326x995-1-466x350.jpg 466w, https:\/\/www.fachbau.ch\/wp-content\/uploads\/2026\/09\/20260903_Bild_Verwaltungsrat-1326x995-1-1000x750.jpg 1000w, https:\/\/www.fachbau.ch\/wp-content\/uploads\/2026\/09\/20260903_Bild_Verwaltungsrat-1326x995-1.jpg 1326w\" sizes=\"(max-width: 680px) 100vw, 680px\" \/><figcaption id=\"caption-attachment-24760\" class=\"wp-caption-text\">Neuer Verwaltungsrat der KLARK AG: Peter Bl\u00e4ttler (Marti AG Bern), Olivier Imboden (Ulrich Imboden AG Visp), Truls Toggenburger (Toggenburger AG Winterthur), Hans-Joachim Demmel (Zindel United Maienfeld), Roman Andermatt (Holcim Schweiz AG) &amp; Andreas Schefer (KLARK AG). v.l.n.r.<\/figcaption><\/figure>\n<p>Die Holcim (Schweiz) AG steigt \u00fcber eine Kapitalerh\u00f6hung als neue Partnerin bei der KLARK AG ein. Die Transaktion wurde am 2. September 2026 abgeschlossen. Damit halten neu f\u00fcnf Aktion\u00e4re je 20 Prozent: die bisherigen Partner Logbau AG, Toggenburger AG, Novakies AG und Ulrich Imboden AG sowie neu die Holcim (Schweiz) AG.<br \/>\nMit der Beteiligung erh\u00e4lt KLARK zus\u00e4tzliche Schlagkraft in Produktion, Vermarktung und Vertrieb. Gemeinsam wollen die Partner den Klimabeton breiter verf\u00fcgbar machen und einen konkreten Beitrag zum nachhaltigen Bauen leisten. KLARK bleibt dabei eine eigenst\u00e4ndige L\u00f6sung, die allen Verarbeitern und Bauherren offensteht. Das gemeinsame Ziel der Partner: CO\u2082-speichernde Geb\u00e4ude und Infrastrukturen zum Standard zu machen.<\/p>\n<p><strong>\u00dcber Holcim (Schweiz) AG<\/strong><br \/>\nHolcim (Schweiz) AG ist Teil der international t\u00e4tigen Holcim Gruppe, einem weltweit f\u00fchrenden Anbieter von Baustoffen und L\u00f6sungen f\u00fcr Zement, Zuschlagstoffe und Beton. Mit ihrem Engagement bei der KLARK AG erweitert die Holcim (Schweiz) AG ihr Angebot im Bereich CO\u2082-reduzierter Baustoffe und L\u00f6sungen f\u00fcr die Bauwirtschaft.<\/p>\n<p><strong>KLARK &#8211; der Klimabeton<\/strong><br \/>\nKLARK ist der erste nachweislich CO\u2082-neutrale Beton der Schweiz. In einem speziellen Pyrolyseverfahren wird Kohlenstoff gewonnen und in einem patentierten Prozess dem Beton beigemischt. So bindet KLARK bis zu 250 kg CO\u2082 pro Kubikmeter und macht Bauwerke zu dauerhaften CO\u2082-Speichern. Technisch weist KLARK vergleichbare Eigenschaften wie herk\u00f6mmlicher Beton auf, ist zu 100 Prozent rezyklierbar und schadstofffrei.<\/p>\n<p><strong>www.klark.swiss<\/strong><\/p>\n","protected":false},"excerpt":{"rendered":"<p>Die Holcim (Schweiz) AG beteiligt sich neu an der KLARK AG. Die Beteiligung st\u00e4rkt die Weiterentwicklung des Klimabetons KLARK und unterstreicht das wachsende Engagement der Branche f\u00fcr nachhaltiges Bauen.<\/p>\n","protected":false},"author":5,"featured_media":0,"comment_status":"closed","ping_status":"closed","sticky":false,"template":"","format":"standard","meta":{"_acf_changed":false,"pgc_sgb_lightbox_settings":"","footnotes":""},"categories":[18],"tags":[2660,362,2994,2995],"class_list":["post-24759","post","type-post","status-publish","format-standard","hentry","category-der-bauingenieur","tag-beteiligung","tag-co2-neutral","tag-klimabeton","tag-transaktion"],"acf":{"author":"wm\/red."},"yoast_head":"<!-- This site is optimized with the Yoast SEO plugin v28.4 - https:\/\/yoast.com\/product\/yoast-seo-wordpress\/ -->\n<title>Holcim (Schweiz) AG beteiligt sich an KLARK - fachbau.ch<\/title>\n<meta name=\"robots\" content=\"index, follow, max-snippet:-1, max-image-preview:large, max-video-preview:-1\" \/>\n<link rel=\"canonical\" href=\"https:\/\/www.fachbau.ch\/de\/der-bauingenieur\/2026-09-03\/holcim-schweiz-ag-beteiligt-sich-an-klark\/\" \/>\n<meta property=\"og:locale\" content=\"de_DE\" \/>\n<meta property=\"og:type\" content=\"article\" \/>\n<meta property=\"og:title\" content=\"Holcim (Schweiz) AG beteiligt sich an KLARK - fachbau.ch\" \/>\n<meta property=\"og:description\" content=\"Die Holcim (Schweiz) AG beteiligt sich neu an der KLARK AG. Die Beteiligung st\u00e4rkt die Weiterentwicklung des Klimabetons KLARK und unterstreicht das wachsende Engagement der Branche f\u00fcr nachhaltiges Bauen.\" \/>\n<meta property=\"og:url\" content=\"https:\/\/www.fachbau.ch\/de\/der-bauingenieur\/2026-09-03\/holcim-schweiz-ag-beteiligt-sich-an-klark\/\" \/>\n<meta property=\"og:site_name\" content=\"fachbau.ch\" \/>\n<meta property=\"article:published_time\" content=\"2026-09-03T15:00:54+00:00\" \/>\n<meta property=\"article:modified_time\" content=\"2026-09-03T15:08:05+00:00\" \/>\n<meta property=\"og:image\" content=\"https:\/\/www.fachbau.ch\/wp-content\/uploads\/2026\/09\/20260903_Bild_Verwaltungsrat-1326x995-1.jpg\" \/>\n\t<meta property=\"og:image:width\" content=\"1326\" \/>\n\t<meta property=\"og:image:height\" content=\"995\" \/>\n\t<meta property=\"og:image:type\" content=\"image\/jpeg\" \/>\n<meta name=\"author\" content=\"Werner M\u00fcller\" \/>\n<meta name=\"twitter:card\" content=\"summary_large_image\" \/>\n<meta name=\"twitter:label1\" content=\"Verfasst von\" \/>\n\t<meta name=\"twitter:data1\" content=\"Werner M\u00fcller\" \/>\n\t<meta name=\"twitter:label2\" content=\"Gesch\u00e4tzte Lesezeit\" \/>\n\t<meta name=\"twitter:data2\" content=\"2\u00a0Minuten\" \/>\n<script type=\"application\/ld+json\" class=\"yoast-schema-graph\">{\"@context\":\"https:\\\/\\\/schema.org\",\"@graph\":[{\"@type\":\"Article\",\"@id\":\"https:\\\/\\\/www.fachbau.ch\\\/der-bauingenieur\\\/2026-09-03\\\/holcim-schweiz-ag-beteiligt-sich-an-klark\\\/#article\",\"isPartOf\":{\"@id\":\"https:\\\/\\\/www.fachbau.ch\\\/der-bauingenieur\\\/2026-09-03\\\/holcim-schweiz-ag-beteiligt-sich-an-klark\\\/\"},\"author\":{\"name\":\"Werner M\u00fcller\",\"@id\":\"https:\\\/\\\/www.fachbau.ch\\\/#\\\/schema\\\/person\\\/bb0eb1f344631c91fbdc226d96121267\"},\"headline\":\"Holcim (Schweiz) AG beteiligt sich an KLARK\",\"datePublished\":\"2026-09-03T15:00:54+00:00\",\"dateModified\":\"2026-09-03T15:08:05+00:00\",\"mainEntityOfPage\":{\"@id\":\"https:\\\/\\\/www.fachbau.ch\\\/der-bauingenieur\\\/2026-09-03\\\/holcim-schweiz-ag-beteiligt-sich-an-klark\\\/\"},\"wordCount\":288,\"publisher\":{\"@id\":\"https:\\\/\\\/www.fachbau.ch\\\/#organization\"},\"image\":{\"@id\":\"https:\\\/\\\/www.fachbau.ch\\\/der-bauingenieur\\\/2026-09-03\\\/holcim-schweiz-ag-beteiligt-sich-an-klark\\\/#primaryimage\"},\"thumbnailUrl\":\"https:\\\/\\\/www.fachbau.ch\\\/wp-content\\\/uploads\\\/2026\\\/09\\\/20260903_Bild_Verwaltungsrat-1326x995-1-680x510.jpg\",\"keywords\":[\"Beteiligung\",\"co2-neutral\",\"Klimabeton\",\"Transaktion\"],\"articleSection\":[\"der bauingenieur\"],\"inLanguage\":\"de\"},{\"@type\":\"WebPage\",\"@id\":\"https:\\\/\\\/www.fachbau.ch\\\/der-bauingenieur\\\/2026-09-03\\\/holcim-schweiz-ag-beteiligt-sich-an-klark\\\/\",\"url\":\"https:\\\/\\\/www.fachbau.ch\\\/der-bauingenieur\\\/2026-09-03\\\/holcim-schweiz-ag-beteiligt-sich-an-klark\\\/\",\"name\":\"Holcim (Schweiz) AG beteiligt sich an KLARK - fachbau.ch\",\"isPartOf\":{\"@id\":\"https:\\\/\\\/www.fachbau.ch\\\/#website\"},\"primaryImageOfPage\":{\"@id\":\"https:\\\/\\\/www.fachbau.ch\\\/der-bauingenieur\\\/2026-09-03\\\/holcim-schweiz-ag-beteiligt-sich-an-klark\\\/#primaryimage\"},\"image\":{\"@id\":\"https:\\\/\\\/www.fachbau.ch\\\/der-bauingenieur\\\/2026-09-03\\\/holcim-schweiz-ag-beteiligt-sich-an-klark\\\/#primaryimage\"},\"thumbnailUrl\":\"https:\\\/\\\/www.fachbau.ch\\\/wp-content\\\/uploads\\\/2026\\\/09\\\/20260903_Bild_Verwaltungsrat-1326x995-1-680x510.jpg\",\"datePublished\":\"2026-09-03T15:00:54+00:00\",\"dateModified\":\"2026-09-03T15:08:05+00:00\",\"breadcrumb\":{\"@id\":\"https:\\\/\\\/www.fachbau.ch\\\/der-bauingenieur\\\/2026-09-03\\\/holcim-schweiz-ag-beteiligt-sich-an-klark\\\/#breadcrumb\"},\"inLanguage\":\"de\",\"potentialAction\":[{\"@type\":\"ReadAction\",\"target\":[\"https:\\\/\\\/www.fachbau.ch\\\/der-bauingenieur\\\/2026-09-03\\\/holcim-schweiz-ag-beteiligt-sich-an-klark\\\/\"]}]},{\"@type\":\"ImageObject\",\"inLanguage\":\"de\",\"@id\":\"https:\\\/\\\/www.fachbau.ch\\\/der-bauingenieur\\\/2026-09-03\\\/holcim-schweiz-ag-beteiligt-sich-an-klark\\\/#primaryimage\",\"url\":\"https:\\\/\\\/www.fachbau.ch\\\/wp-content\\\/uploads\\\/2026\\\/09\\\/20260903_Bild_Verwaltungsrat-1326x995-1-680x510.jpg\",\"contentUrl\":\"https:\\\/\\\/www.fachbau.ch\\\/wp-content\\\/uploads\\\/2026\\\/09\\\/20260903_Bild_Verwaltungsrat-1326x995-1-680x510.jpg\"},{\"@type\":\"BreadcrumbList\",\"@id\":\"https:\\\/\\\/www.fachbau.ch\\\/der-bauingenieur\\\/2026-09-03\\\/holcim-schweiz-ag-beteiligt-sich-an-klark\\\/#breadcrumb\",\"itemListElement\":[{\"@type\":\"ListItem\",\"position\":1,\"name\":\"Startseite\",\"item\":\"https:\\\/\\\/www.fachbau.ch\\\/\"},{\"@type\":\"ListItem\",\"position\":2,\"name\":\"Holcim (Schweiz) AG beteiligt sich an KLARK\"}]},{\"@type\":\"WebSite\",\"@id\":\"https:\\\/\\\/www.fachbau.ch\\\/#website\",\"url\":\"https:\\\/\\\/www.fachbau.ch\\\/\",\"name\":\"fachbau.ch\",\"description\":\"Modernes, nachhaltiges Bauen.\",\"publisher\":{\"@id\":\"https:\\\/\\\/www.fachbau.ch\\\/#organization\"},\"potentialAction\":[{\"@type\":\"SearchAction\",\"target\":{\"@type\":\"EntryPoint\",\"urlTemplate\":\"https:\\\/\\\/www.fachbau.ch\\\/?s={search_term_string}\"},\"query-input\":{\"@type\":\"PropertyValueSpecification\",\"valueRequired\":true,\"valueName\":\"search_term_string\"}}],\"inLanguage\":\"de\"},{\"@type\":\"Organization\",\"@id\":\"https:\\\/\\\/www.fachbau.ch\\\/#organization\",\"name\":\"fachbau.ch\",\"url\":\"https:\\\/\\\/www.fachbau.ch\\\/\",\"logo\":{\"@type\":\"ImageObject\",\"inLanguage\":\"de\",\"@id\":\"https:\\\/\\\/www.fachbau.ch\\\/#\\\/schema\\\/logo\\\/image\\\/\",\"url\":\"https:\\\/\\\/www.fachbau.ch\\\/wp-content\\\/uploads\\\/2021\\\/12\\\/Logo_fachbau_ch.png\",\"contentUrl\":\"https:\\\/\\\/www.fachbau.ch\\\/wp-content\\\/uploads\\\/2021\\\/12\\\/Logo_fachbau_ch.png\",\"width\":283,\"height\":42,\"caption\":\"fachbau.ch\"},\"image\":{\"@id\":\"https:\\\/\\\/www.fachbau.ch\\\/#\\\/schema\\\/logo\\\/image\\\/\"}},{\"@type\":\"Person\",\"@id\":\"https:\\\/\\\/www.fachbau.ch\\\/#\\\/schema\\\/person\\\/bb0eb1f344631c91fbdc226d96121267\",\"name\":\"Werner M\u00fcller\",\"image\":{\"@type\":\"ImageObject\",\"inLanguage\":\"de\",\"@id\":\"https:\\\/\\\/secure.gravatar.com\\\/avatar\\\/dd33b3abab5c30713718f3dc2fea531e32746a37961949ca60d33f09919fd018?s=96&d=mm&r=g\",\"url\":\"https:\\\/\\\/secure.gravatar.com\\\/avatar\\\/dd33b3abab5c30713718f3dc2fea531e32746a37961949ca60d33f09919fd018?s=96&d=mm&r=g\",\"contentUrl\":\"https:\\\/\\\/secure.gravatar.com\\\/avatar\\\/dd33b3abab5c30713718f3dc2fea531e32746a37961949ca60d33f09919fd018?s=96&d=mm&r=g\",\"caption\":\"Werner M\u00fcller\"},\"url\":\"https:\\\/\\\/www.fachbau.ch\\\/de\\\/author\\\/muewer\\\/\"}]}<\/script>\n<!-- \/ Yoast SEO plugin. -->","yoast_head_json":{"title":"Holcim (Schweiz) AG beteiligt sich an KLARK - fachbau.ch","robots":{"index":"index","follow":"follow","max-snippet":"max-snippet:-1","max-image-preview":"max-image-preview:large","max-video-preview":"max-video-preview:-1"},"canonical":"https:\/\/www.fachbau.ch\/de\/der-bauingenieur\/2026-09-03\/holcim-schweiz-ag-beteiligt-sich-an-klark\/","og_locale":"de_DE","og_type":"article","og_title":"Holcim (Schweiz) AG beteiligt sich an KLARK - fachbau.ch","og_description":"Die Holcim (Schweiz) AG beteiligt sich neu an der KLARK AG. Die Beteiligung st\u00e4rkt die Weiterentwicklung des Klimabetons KLARK und unterstreicht das wachsende Engagement der Branche f\u00fcr nachhaltiges Bauen.","og_url":"https:\/\/www.fachbau.ch\/de\/der-bauingenieur\/2026-09-03\/holcim-schweiz-ag-beteiligt-sich-an-klark\/","og_site_name":"fachbau.ch","article_published_time":"2026-09-03T15:00:54+00:00","article_modified_time":"2026-09-03T15:08:05+00:00","og_image":[{"width":1326,"height":995,"url":"https:\/\/www.fachbau.ch\/wp-content\/uploads\/2026\/09\/20260903_Bild_Verwaltungsrat-1326x995-1.jpg","type":"image\/jpeg"}],"author":"Werner M\u00fcller","twitter_card":"summary_large_image","twitter_misc":{"Verfasst von":"Werner M\u00fcller","Gesch\u00e4tzte Lesezeit":"2\u00a0Minuten"},"schema":{"@context":"https:\/\/schema.org","@graph":[{"@type":"Article","@id":"https:\/\/www.fachbau.ch\/der-bauingenieur\/2026-09-03\/holcim-schweiz-ag-beteiligt-sich-an-klark\/#article","isPartOf":{"@id":"https:\/\/www.fachbau.ch\/der-bauingenieur\/2026-09-03\/holcim-schweiz-ag-beteiligt-sich-an-klark\/"},"author":{"name":"Werner M\u00fcller","@id":"https:\/\/www.fachbau.ch\/#\/schema\/person\/bb0eb1f344631c91fbdc226d96121267"},"headline":"Holcim (Schweiz) AG beteiligt sich an KLARK","datePublished":"2026-09-03T15:00:54+00:00","dateModified":"2026-09-03T15:08:05+00:00","mainEntityOfPage":{"@id":"https:\/\/www.fachbau.ch\/der-bauingenieur\/2026-09-03\/holcim-schweiz-ag-beteiligt-sich-an-klark\/"},"wordCount":288,"publisher":{"@id":"https:\/\/www.fachbau.ch\/#organization"},"image":{"@id":"https:\/\/www.fachbau.ch\/der-bauingenieur\/2026-09-03\/holcim-schweiz-ag-beteiligt-sich-an-klark\/#primaryimage"},"thumbnailUrl":"https:\/\/www.fachbau.ch\/wp-content\/uploads\/2026\/09\/20260903_Bild_Verwaltungsrat-1326x995-1-680x510.jpg","keywords":["Beteiligung","co2-neutral","Klimabeton","Transaktion"],"articleSection":["der bauingenieur"],"inLanguage":"de"},{"@type":"WebPage","@id":"https:\/\/www.fachbau.ch\/der-bauingenieur\/2026-09-03\/holcim-schweiz-ag-beteiligt-sich-an-klark\/","url":"https:\/\/www.fachbau.ch\/der-bauingenieur\/2026-09-03\/holcim-schweiz-ag-beteiligt-sich-an-klark\/","name":"Holcim (Schweiz) AG beteiligt sich an KLARK - fachbau.ch","isPartOf":{"@id":"https:\/\/www.fachbau.ch\/#website"},"primaryImageOfPage":{"@id":"https:\/\/www.fachbau.ch\/der-bauingenieur\/2026-09-03\/holcim-schweiz-ag-beteiligt-sich-an-klark\/#primaryimage"},"image":{"@id":"https:\/\/www.fachbau.ch\/der-bauingenieur\/2026-09-03\/holcim-schweiz-ag-beteiligt-sich-an-klark\/#primaryimage"},"thumbnailUrl":"https:\/\/www.fachbau.ch\/wp-content\/uploads\/2026\/09\/20260903_Bild_Verwaltungsrat-1326x995-1-680x510.jpg","datePublished":"2026-09-03T15:00:54+00:00","dateModified":"2026-09-03T15:08:05+00:00","breadcrumb":{"@id":"https:\/\/www.fachbau.ch\/der-bauingenieur\/2026-09-03\/holcim-schweiz-ag-beteiligt-sich-an-klark\/#breadcrumb"},"inLanguage":"de","potentialAction":[{"@type":"ReadAction","target":["https:\/\/www.fachbau.ch\/der-bauingenieur\/2026-09-03\/holcim-schweiz-ag-beteiligt-sich-an-klark\/"]}]},{"@type":"ImageObject","inLanguage":"de","@id":"https:\/\/www.fachbau.ch\/der-bauingenieur\/2026-09-03\/holcim-schweiz-ag-beteiligt-sich-an-klark\/#primaryimage","url":"https:\/\/www.fachbau.ch\/wp-content\/uploads\/2026\/09\/20260903_Bild_Verwaltungsrat-1326x995-1-680x510.jpg","contentUrl":"https:\/\/www.fachbau.ch\/wp-content\/uploads\/2026\/09\/20260903_Bild_Verwaltungsrat-1326x995-1-680x510.jpg"},{"@type":"BreadcrumbList","@id":"https:\/\/www.fachbau.ch\/der-bauingenieur\/2026-09-03\/holcim-schweiz-ag-beteiligt-sich-an-klark\/#breadcrumb","itemListElement":[{"@type":"ListItem","position":1,"name":"Startseite","item":"https:\/\/www.fachbau.ch\/"},{"@type":"ListItem","position":2,"name":"Holcim (Schweiz) AG beteiligt sich an KLARK"}]},{"@type":"WebSite","@id":"https:\/\/www.fachbau.ch\/#website","url":"https:\/\/www.fachbau.ch\/","name":"fachbau.ch","description":"Modernes, nachhaltiges Bauen.","publisher":{"@id":"https:\/\/www.fachbau.ch\/#organization"},"potentialAction":[{"@type":"SearchAction","target":{"@type":"EntryPoint","urlTemplate":"https:\/\/www.fachbau.ch\/?s={search_term_string}"},"query-input":{"@type":"PropertyValueSpecification","valueRequired":true,"valueName":"search_term_string"}}],"inLanguage":"de"},{"@type":"Organization","@id":"https:\/\/www.fachbau.ch\/#organization","name":"fachbau.ch","url":"https:\/\/www.fachbau.ch\/","logo":{"@type":"ImageObject","inLanguage":"de","@id":"https:\/\/www.fachbau.ch\/#\/schema\/logo\/image\/","url":"https:\/\/www.fachbau.ch\/wp-content\/uploads\/2021\/12\/Logo_fachbau_ch.png","contentUrl":"https:\/\/www.fachbau.ch\/wp-content\/uploads\/2021\/12\/Logo_fachbau_ch.png","width":283,"height":42,"caption":"fachbau.ch"},"image":{"@id":"https:\/\/www.fachbau.ch\/#\/schema\/logo\/image\/"}},{"@type":"Person","@id":"https:\/\/www.fachbau.ch\/#\/schema\/person\/bb0eb1f344631c91fbdc226d96121267","name":"Werner M\u00fcller","image":{"@type":"ImageObject","inLanguage":"de","@id":"https:\/\/secure.gravatar.com\/avatar\/dd33b3abab5c30713718f3dc2fea531e32746a37961949ca60d33f09919fd018?s=96&d=mm&r=g","url":"https:\/\/secure.gravatar.com\/avatar\/dd33b3abab5c30713718f3dc2fea531e32746a37961949ca60d33f09919fd018?s=96&d=mm&r=g","contentUrl":"https:\/\/secure.gravatar.com\/avatar\/dd33b3abab5c30713718f3dc2fea531e32746a37961949ca60d33f09919fd018?s=96&d=mm&r=g","caption":"Werner M\u00fcller"},"url":"https:\/\/www.fachbau.ch\/de\/author\/muewer\/"}]}},"_links":{"self":[{"href":"https:\/\/www.fachbau.ch\/de\/wp-json\/wp\/v2\/posts\/24759","targetHints":{"allow":["GET"]}}],"collection":[{"href":"https:\/\/www.fachbau.ch\/de\/wp-json\/wp\/v2\/posts"}],"about":[{"href":"https:\/\/www.fachbau.ch\/de\/wp-json\/wp\/v2\/types\/post"}],"author":[{"embeddable":true,"href":"https:\/\/www.fachbau.ch\/de\/wp-json\/wp\/v2\/users\/5"}],"replies":[{"embeddable":true,"href":"https:\/\/www.fachbau.ch\/de\/wp-json\/wp\/v2\/comments?post=24759"}],"version-history":[{"count":1,"href":"https:\/\/www.fachbau.ch\/de\/wp-json\/wp\/v2\/posts\/24759\/revisions"}],"predecessor-version":[{"id":24761,"href":"https:\/\/www.fachbau.ch\/de\/wp-json\/wp\/v2\/posts\/24759\/revisions\/24761"}],"wp:attachment":[{"href":"https:\/\/www.fachbau.ch\/de\/wp-json\/wp\/v2\/media?parent=24759"}],"wp:term":[{"taxonomy":"category","embeddable":true,"href":"https:\/\/www.fachbau.ch\/de\/wp-json\/wp\/v2\/categories?post=24759"},{"taxonomy":"post_tag","embeddable":true,"href":"https:\/\/www.fachbau.ch\/de\/wp-json\/wp\/v2\/tags?post=24759"}],"curies":[{"name":"wp","href":"https:\/\/api.w.org\/{rel}","templated":true}]}}