{"id":24756,"date":"2026-09-03T16:27:26","date_gmt":"2026-09-03T14:27:26","guid":{"rendered":"https:\/\/www.fachbau.ch\/?p=24756"},"modified":"2026-09-03T16:27:26","modified_gmt":"2026-09-03T14:27:26","slug":"jansen-richtet-marktbearbeitung-fuer-stahlsysteme-in-der-schweiz-neu-aus","status":"publish","type":"post","link":"https:\/\/www.fachbau.ch\/de\/intelligent-bauen\/2026-09-03\/jansen-richtet-marktbearbeitung-fuer-stahlsysteme-in-der-schweiz-neu-aus\/","title":{"rendered":"Jansen richtet Marktbearbeitung f\u00fcr Stahlsysteme in der Schweiz neu aus"},"content":{"rendered":"<figure id=\"attachment_24757\" aria-describedby=\"caption-attachment-24757\" style=\"width: 680px\" class=\"wp-caption alignnone\"><img decoding=\"async\" class=\"wp-image-24757 size-medium\" src=\"https:\/\/www.fachbau.ch\/wp-content\/uploads\/2026\/09\/steel-windows-by-jansen_0-680x477.jpg\" alt=\"\" width=\"680\" height=\"477\" srcset=\"https:\/\/www.fachbau.ch\/wp-content\/uploads\/2026\/09\/steel-windows-by-jansen_0-680x477.jpg 680w, https:\/\/www.fachbau.ch\/wp-content\/uploads\/2026\/09\/steel-windows-by-jansen_0-1024x718.jpg 1024w, https:\/\/www.fachbau.ch\/wp-content\/uploads\/2026\/09\/steel-windows-by-jansen_0-768x538.jpg 768w, https:\/\/www.fachbau.ch\/wp-content\/uploads\/2026\/09\/steel-windows-by-jansen_0-1536x1076.jpg 1536w, https:\/\/www.fachbau.ch\/wp-content\/uploads\/2026\/09\/steel-windows-by-jansen_0-2048x1435.jpg 2048w, https:\/\/www.fachbau.ch\/wp-content\/uploads\/2026\/09\/steel-windows-by-jansen_0-18x12.jpg 18w, https:\/\/www.fachbau.ch\/wp-content\/uploads\/2026\/09\/steel-windows-by-jansen_0-375x263.jpg 375w, https:\/\/www.fachbau.ch\/wp-content\/uploads\/2026\/09\/steel-windows-by-jansen_0-499x350.jpg 499w, https:\/\/www.fachbau.ch\/wp-content\/uploads\/2026\/09\/steel-windows-by-jansen_0-1000x701.jpg 1000w, https:\/\/www.fachbau.ch\/wp-content\/uploads\/2026\/09\/steel-windows-by-jansen_0-scaled.jpg 1400w\" sizes=\"(max-width: 680px) 100vw, 680px\" \/><figcaption id=\"caption-attachment-24757\" class=\"wp-caption-text\">Der digitale Service erg\u00e4nzt die pers\u00f6nliche Betreuung durch die Kundenberater.<\/figcaption><\/figure>\n<p>Mit diesem Schritt st\u00e4rkt Jansen die direkte Beziehung zu ihren Kunden und schafft eine durchg\u00e4ngige Betreuung aus einer Hand. K\u00fcnftig erhalten Kunden s\u00e4mtliche Leistungen rund um die Jansen Stahlsysteme direkt vom Hersteller, von der technischen Beratung \u00fcber die Angebotserstellung bis hin zur Bestellung und Lieferung. Die direkte Marktbearbeitung erm\u00f6glicht k\u00fcrzere Wege, klare Verantwortlichkeiten und schnellere Entscheidungsprozesse. Zus\u00e4tzliche Schnittstellen und Zwischenschritte entfallen. Kunden profitieren von festen Ansprechpartnern, einer engen technischen Beratung sowie einer noch effizienteren Zusammenarbeit entlang der gesamten Wertsch\u00f6pfungskette.<\/p>\n<p>\u201eMit der direkten Marktbearbeitung schaffen wir die Voraussetzungen, unsere Kunden noch gezielter und pers\u00f6nlicher zu betreuen\u201c, sagt Christoph Jansen. \u201eWir k\u00f6nnen schneller auf Marktanforderungen reagieren, unsere Prozesse optimieren und unseren Kunden einen direkten Zugang zu unserem Know-how und unseren L\u00f6sungen bieten.\u201c<\/p>\n<p><strong>Mehr Effizienz<\/strong><\/p>\n<p>Ein weiterer Bestandteil der Neuausrichtung ist der Aufbau einer Bausatzfertigung f\u00fcr Stahlsysteme. Damit erweitert Jansen ihr Leistungsangebot um vorkonfektionierte Systeml\u00f6sungen, welche die Verarbeitung vereinfachen und die Effizienz in der Werkstatt sowie in der Projektabwicklung erh\u00f6hen. Zus\u00e4tzlich investiert Jansen in den Ausbau ihrer digitalen Dienstleistungen. Mit einem neuen Webshop erhalten Kunden k\u00fcnftig rund um die Uhr Zugang zu Produkten, Informationen und Bestellm\u00f6glichkeiten. Der digitale Service erg\u00e4nzt die pers\u00f6nliche Betreuung durch die Kundenberater und schafft zus\u00e4tzliche Flexibilit\u00e4t im Tagesgesch\u00e4ft.<\/p>\n<p>Mit der Neuausrichtung unterstreicht Jansen ihr langfristiges Engagement im Schweizer Markt und baut das Dienstleistungsangebot am Standort Oberriet gezielt weiter aus. Ziel ist es, die Kundenn\u00e4he, Servicequalit\u00e4t und Effizienz weiter zu steigern sowie die Zusammenarbeit mit Metallbauunternehmen nachhaltig zu st\u00e4rken.<\/p>\n<p><strong><span lang=\"de-DE\">\u00dcber Jansen<\/span><\/strong><\/p>\n<p align=\"JUSTIFY\">Die Jansen AG mit Hauptsitz in Oberriet (Schweiz) entwickelt, produziert und vertreibt Stahlprofilsysteme f\u00fcr Fenster, T\u00fcren und Fassaden sowie Kunststoffprodukte f\u00fcr die Bauindustrie. Mit ihrer neuen, hochmodernen Pulverbeschichtungsanlage erweitert das international t\u00e4tige Familienunternehmen seine Wertsch\u00f6pfung und bietet seinen Kunden noch umfassendere L\u00f6sungen aus einer Hand. Jansen beliefert Kunden in zahlreichen M\u00e4rkten weltweit und steht f\u00fcr innovative L\u00f6sungen, h\u00f6chste Qualit\u00e4t und langj\u00e4hrige Partnerschaften.<\/p>\n<p align=\"JUSTIFY\"><a href=\"http:\/\/jansen.com\" target=\"_blank\" rel=\"noopener\"><strong>jansen.com<\/strong><\/a><\/p>\n","protected":false},"excerpt":{"rendered":"<p>Die Jansen AG wird die Marktbearbeitung f\u00fcr Stahlsysteme in der Schweiz per 1. Januar 2027 neu ausrichten und den Markt k\u00fcnftig direkt bearbeiten. <\/p>\n","protected":false},"author":5,"featured_media":0,"comment_status":"closed","ping_status":"closed","sticky":false,"template":"","format":"standard","meta":{"_acf_changed":false,"pgc_sgb_lightbox_settings":"","footnotes":""},"categories":[20],"tags":[565,572,2992,2993,1524],"class_list":["post-24756","post","type-post","status-publish","format-standard","hentry","category-intelligent-bauen","tag-fassaden","tag-fenster","tag-stahlprofile","tag-stahlsysteme","tag-tueren"],"acf":{"author":"wm\/pd."},"yoast_head":"<!-- This site is optimized with the Yoast SEO plugin v28.4 - https:\/\/yoast.com\/product\/yoast-seo-wordpress\/ -->\n<title>Jansen richtet Marktbearbeitung f\u00fcr Stahlsysteme in der Schweiz neu aus - fachbau.ch<\/title>\n<meta name=\"robots\" content=\"index, follow, max-snippet:-1, max-image-preview:large, max-video-preview:-1\" \/>\n<link rel=\"canonical\" href=\"https:\/\/www.fachbau.ch\/de\/intelligent-bauen\/2026-09-03\/jansen-richtet-marktbearbeitung-fuer-stahlsysteme-in-der-schweiz-neu-aus\/\" \/>\n<meta property=\"og:locale\" content=\"de_DE\" \/>\n<meta property=\"og:type\" content=\"article\" \/>\n<meta property=\"og:title\" content=\"Jansen richtet Marktbearbeitung f\u00fcr Stahlsysteme in der Schweiz neu aus - fachbau.ch\" \/>\n<meta property=\"og:description\" content=\"Die Jansen AG wird die Marktbearbeitung f\u00fcr Stahlsysteme in der Schweiz per 1. Januar 2027 neu ausrichten und den Markt k\u00fcnftig direkt bearbeiten.\" \/>\n<meta property=\"og:url\" content=\"https:\/\/www.fachbau.ch\/de\/intelligent-bauen\/2026-09-03\/jansen-richtet-marktbearbeitung-fuer-stahlsysteme-in-der-schweiz-neu-aus\/\" \/>\n<meta property=\"og:site_name\" content=\"fachbau.ch\" \/>\n<meta property=\"article:published_time\" content=\"2026-09-03T14:27:26+00:00\" \/>\n<meta property=\"og:image\" content=\"https:\/\/www.fachbau.ch\/wp-content\/uploads\/2026\/09\/steel-windows-by-jansen_0-scaled.jpg\" \/>\n\t<meta property=\"og:image:width\" content=\"1400\" \/>\n\t<meta property=\"og:image:height\" content=\"981\" \/>\n\t<meta property=\"og:image:type\" content=\"image\/jpeg\" \/>\n<meta name=\"author\" content=\"Werner M\u00fcller\" \/>\n<meta name=\"twitter:card\" content=\"summary_large_image\" \/>\n<meta name=\"twitter:label1\" content=\"Verfasst von\" \/>\n\t<meta name=\"twitter:data1\" content=\"Werner M\u00fcller\" \/>\n\t<meta name=\"twitter:label2\" content=\"Gesch\u00e4tzte Lesezeit\" \/>\n\t<meta name=\"twitter:data2\" content=\"2\u00a0Minuten\" \/>\n<script type=\"application\/ld+json\" class=\"yoast-schema-graph\">{\"@context\":\"https:\\\/\\\/schema.org\",\"@graph\":[{\"@type\":\"Article\",\"@id\":\"https:\\\/\\\/www.fachbau.ch\\\/intelligent-bauen\\\/2026-09-03\\\/jansen-richtet-marktbearbeitung-fuer-stahlsysteme-in-der-schweiz-neu-aus\\\/#article\",\"isPartOf\":{\"@id\":\"https:\\\/\\\/www.fachbau.ch\\\/intelligent-bauen\\\/2026-09-03\\\/jansen-richtet-marktbearbeitung-fuer-stahlsysteme-in-der-schweiz-neu-aus\\\/\"},\"author\":{\"name\":\"Werner M\u00fcller\",\"@id\":\"https:\\\/\\\/www.fachbau.ch\\\/#\\\/schema\\\/person\\\/bb0eb1f344631c91fbdc226d96121267\"},\"headline\":\"Jansen richtet Marktbearbeitung f\u00fcr Stahlsysteme in der Schweiz neu aus\",\"datePublished\":\"2026-09-03T14:27:26+00:00\",\"mainEntityOfPage\":{\"@id\":\"https:\\\/\\\/www.fachbau.ch\\\/intelligent-bauen\\\/2026-09-03\\\/jansen-richtet-marktbearbeitung-fuer-stahlsysteme-in-der-schweiz-neu-aus\\\/\"},\"wordCount\":372,\"publisher\":{\"@id\":\"https:\\\/\\\/www.fachbau.ch\\\/#organization\"},\"image\":{\"@id\":\"https:\\\/\\\/www.fachbau.ch\\\/intelligent-bauen\\\/2026-09-03\\\/jansen-richtet-marktbearbeitung-fuer-stahlsysteme-in-der-schweiz-neu-aus\\\/#primaryimage\"},\"thumbnailUrl\":\"https:\\\/\\\/www.fachbau.ch\\\/wp-content\\\/uploads\\\/2026\\\/09\\\/steel-windows-by-jansen_0-680x477.jpg\",\"keywords\":[\"Fassaden\",\"Fenster\",\"Stahlprofile\",\"Stahlsysteme\",\"T\u00fcren\"],\"articleSection\":[\"intelligent bauen\"],\"inLanguage\":\"de\"},{\"@type\":\"WebPage\",\"@id\":\"https:\\\/\\\/www.fachbau.ch\\\/intelligent-bauen\\\/2026-09-03\\\/jansen-richtet-marktbearbeitung-fuer-stahlsysteme-in-der-schweiz-neu-aus\\\/\",\"url\":\"https:\\\/\\\/www.fachbau.ch\\\/intelligent-bauen\\\/2026-09-03\\\/jansen-richtet-marktbearbeitung-fuer-stahlsysteme-in-der-schweiz-neu-aus\\\/\",\"name\":\"Jansen richtet Marktbearbeitung f\u00fcr Stahlsysteme in der Schweiz neu aus - fachbau.ch\",\"isPartOf\":{\"@id\":\"https:\\\/\\\/www.fachbau.ch\\\/#website\"},\"primaryImageOfPage\":{\"@id\":\"https:\\\/\\\/www.fachbau.ch\\\/intelligent-bauen\\\/2026-09-03\\\/jansen-richtet-marktbearbeitung-fuer-stahlsysteme-in-der-schweiz-neu-aus\\\/#primaryimage\"},\"image\":{\"@id\":\"https:\\\/\\\/www.fachbau.ch\\\/intelligent-bauen\\\/2026-09-03\\\/jansen-richtet-marktbearbeitung-fuer-stahlsysteme-in-der-schweiz-neu-aus\\\/#primaryimage\"},\"thumbnailUrl\":\"https:\\\/\\\/www.fachbau.ch\\\/wp-content\\\/uploads\\\/2026\\\/09\\\/steel-windows-by-jansen_0-680x477.jpg\",\"datePublished\":\"2026-09-03T14:27:26+00:00\",\"breadcrumb\":{\"@id\":\"https:\\\/\\\/www.fachbau.ch\\\/intelligent-bauen\\\/2026-09-03\\\/jansen-richtet-marktbearbeitung-fuer-stahlsysteme-in-der-schweiz-neu-aus\\\/#breadcrumb\"},\"inLanguage\":\"de\",\"potentialAction\":[{\"@type\":\"ReadAction\",\"target\":[\"https:\\\/\\\/www.fachbau.ch\\\/intelligent-bauen\\\/2026-09-03\\\/jansen-richtet-marktbearbeitung-fuer-stahlsysteme-in-der-schweiz-neu-aus\\\/\"]}]},{\"@type\":\"ImageObject\",\"inLanguage\":\"de\",\"@id\":\"https:\\\/\\\/www.fachbau.ch\\\/intelligent-bauen\\\/2026-09-03\\\/jansen-richtet-marktbearbeitung-fuer-stahlsysteme-in-der-schweiz-neu-aus\\\/#primaryimage\",\"url\":\"https:\\\/\\\/www.fachbau.ch\\\/wp-content\\\/uploads\\\/2026\\\/09\\\/steel-windows-by-jansen_0-680x477.jpg\",\"contentUrl\":\"https:\\\/\\\/www.fachbau.ch\\\/wp-content\\\/uploads\\\/2026\\\/09\\\/steel-windows-by-jansen_0-680x477.jpg\"},{\"@type\":\"BreadcrumbList\",\"@id\":\"https:\\\/\\\/www.fachbau.ch\\\/intelligent-bauen\\\/2026-09-03\\\/jansen-richtet-marktbearbeitung-fuer-stahlsysteme-in-der-schweiz-neu-aus\\\/#breadcrumb\",\"itemListElement\":[{\"@type\":\"ListItem\",\"position\":1,\"name\":\"Startseite\",\"item\":\"https:\\\/\\\/www.fachbau.ch\\\/\"},{\"@type\":\"ListItem\",\"position\":2,\"name\":\"Jansen richtet Marktbearbeitung f\u00fcr Stahlsysteme in der Schweiz neu aus\"}]},{\"@type\":\"WebSite\",\"@id\":\"https:\\\/\\\/www.fachbau.ch\\\/#website\",\"url\":\"https:\\\/\\\/www.fachbau.ch\\\/\",\"name\":\"fachbau.ch\",\"description\":\"Modernes, nachhaltiges Bauen.\",\"publisher\":{\"@id\":\"https:\\\/\\\/www.fachbau.ch\\\/#organization\"},\"potentialAction\":[{\"@type\":\"SearchAction\",\"target\":{\"@type\":\"EntryPoint\",\"urlTemplate\":\"https:\\\/\\\/www.fachbau.ch\\\/?s={search_term_string}\"},\"query-input\":{\"@type\":\"PropertyValueSpecification\",\"valueRequired\":true,\"valueName\":\"search_term_string\"}}],\"inLanguage\":\"de\"},{\"@type\":\"Organization\",\"@id\":\"https:\\\/\\\/www.fachbau.ch\\\/#organization\",\"name\":\"fachbau.ch\",\"url\":\"https:\\\/\\\/www.fachbau.ch\\\/\",\"logo\":{\"@type\":\"ImageObject\",\"inLanguage\":\"de\",\"@id\":\"https:\\\/\\\/www.fachbau.ch\\\/#\\\/schema\\\/logo\\\/image\\\/\",\"url\":\"https:\\\/\\\/www.fachbau.ch\\\/wp-content\\\/uploads\\\/2021\\\/12\\\/Logo_fachbau_ch.png\",\"contentUrl\":\"https:\\\/\\\/www.fachbau.ch\\\/wp-content\\\/uploads\\\/2021\\\/12\\\/Logo_fachbau_ch.png\",\"width\":283,\"height\":42,\"caption\":\"fachbau.ch\"},\"image\":{\"@id\":\"https:\\\/\\\/www.fachbau.ch\\\/#\\\/schema\\\/logo\\\/image\\\/\"}},{\"@type\":\"Person\",\"@id\":\"https:\\\/\\\/www.fachbau.ch\\\/#\\\/schema\\\/person\\\/bb0eb1f344631c91fbdc226d96121267\",\"name\":\"Werner M\u00fcller\",\"image\":{\"@type\":\"ImageObject\",\"inLanguage\":\"de\",\"@id\":\"https:\\\/\\\/secure.gravatar.com\\\/avatar\\\/dd33b3abab5c30713718f3dc2fea531e32746a37961949ca60d33f09919fd018?s=96&d=mm&r=g\",\"url\":\"https:\\\/\\\/secure.gravatar.com\\\/avatar\\\/dd33b3abab5c30713718f3dc2fea531e32746a37961949ca60d33f09919fd018?s=96&d=mm&r=g\",\"contentUrl\":\"https:\\\/\\\/secure.gravatar.com\\\/avatar\\\/dd33b3abab5c30713718f3dc2fea531e32746a37961949ca60d33f09919fd018?s=96&d=mm&r=g\",\"caption\":\"Werner M\u00fcller\"},\"url\":\"https:\\\/\\\/www.fachbau.ch\\\/de\\\/author\\\/muewer\\\/\"}]}<\/script>\n<!-- \/ Yoast SEO plugin. -->","yoast_head_json":{"title":"Jansen richtet Marktbearbeitung f\u00fcr Stahlsysteme in der Schweiz neu aus - fachbau.ch","robots":{"index":"index","follow":"follow","max-snippet":"max-snippet:-1","max-image-preview":"max-image-preview:large","max-video-preview":"max-video-preview:-1"},"canonical":"https:\/\/www.fachbau.ch\/de\/intelligent-bauen\/2026-09-03\/jansen-richtet-marktbearbeitung-fuer-stahlsysteme-in-der-schweiz-neu-aus\/","og_locale":"de_DE","og_type":"article","og_title":"Jansen richtet Marktbearbeitung f\u00fcr Stahlsysteme in der Schweiz neu aus - fachbau.ch","og_description":"Die Jansen AG wird die Marktbearbeitung f\u00fcr Stahlsysteme in der Schweiz per 1. Januar 2027 neu ausrichten und den Markt k\u00fcnftig direkt bearbeiten.","og_url":"https:\/\/www.fachbau.ch\/de\/intelligent-bauen\/2026-09-03\/jansen-richtet-marktbearbeitung-fuer-stahlsysteme-in-der-schweiz-neu-aus\/","og_site_name":"fachbau.ch","article_published_time":"2026-09-03T14:27:26+00:00","og_image":[{"width":1400,"height":981,"url":"https:\/\/www.fachbau.ch\/wp-content\/uploads\/2026\/09\/steel-windows-by-jansen_0-scaled.jpg","type":"image\/jpeg"}],"author":"Werner M\u00fcller","twitter_card":"summary_large_image","twitter_misc":{"Verfasst von":"Werner M\u00fcller","Gesch\u00e4tzte Lesezeit":"2\u00a0Minuten"},"schema":{"@context":"https:\/\/schema.org","@graph":[{"@type":"Article","@id":"https:\/\/www.fachbau.ch\/intelligent-bauen\/2026-09-03\/jansen-richtet-marktbearbeitung-fuer-stahlsysteme-in-der-schweiz-neu-aus\/#article","isPartOf":{"@id":"https:\/\/www.fachbau.ch\/intelligent-bauen\/2026-09-03\/jansen-richtet-marktbearbeitung-fuer-stahlsysteme-in-der-schweiz-neu-aus\/"},"author":{"name":"Werner M\u00fcller","@id":"https:\/\/www.fachbau.ch\/#\/schema\/person\/bb0eb1f344631c91fbdc226d96121267"},"headline":"Jansen richtet Marktbearbeitung f\u00fcr Stahlsysteme in der Schweiz neu aus","datePublished":"2026-09-03T14:27:26+00:00","mainEntityOfPage":{"@id":"https:\/\/www.fachbau.ch\/intelligent-bauen\/2026-09-03\/jansen-richtet-marktbearbeitung-fuer-stahlsysteme-in-der-schweiz-neu-aus\/"},"wordCount":372,"publisher":{"@id":"https:\/\/www.fachbau.ch\/#organization"},"image":{"@id":"https:\/\/www.fachbau.ch\/intelligent-bauen\/2026-09-03\/jansen-richtet-marktbearbeitung-fuer-stahlsysteme-in-der-schweiz-neu-aus\/#primaryimage"},"thumbnailUrl":"https:\/\/www.fachbau.ch\/wp-content\/uploads\/2026\/09\/steel-windows-by-jansen_0-680x477.jpg","keywords":["Fassaden","Fenster","Stahlprofile","Stahlsysteme","T\u00fcren"],"articleSection":["intelligent bauen"],"inLanguage":"de"},{"@type":"WebPage","@id":"https:\/\/www.fachbau.ch\/intelligent-bauen\/2026-09-03\/jansen-richtet-marktbearbeitung-fuer-stahlsysteme-in-der-schweiz-neu-aus\/","url":"https:\/\/www.fachbau.ch\/intelligent-bauen\/2026-09-03\/jansen-richtet-marktbearbeitung-fuer-stahlsysteme-in-der-schweiz-neu-aus\/","name":"Jansen richtet Marktbearbeitung f\u00fcr Stahlsysteme in der Schweiz neu aus - fachbau.ch","isPartOf":{"@id":"https:\/\/www.fachbau.ch\/#website"},"primaryImageOfPage":{"@id":"https:\/\/www.fachbau.ch\/intelligent-bauen\/2026-09-03\/jansen-richtet-marktbearbeitung-fuer-stahlsysteme-in-der-schweiz-neu-aus\/#primaryimage"},"image":{"@id":"https:\/\/www.fachbau.ch\/intelligent-bauen\/2026-09-03\/jansen-richtet-marktbearbeitung-fuer-stahlsysteme-in-der-schweiz-neu-aus\/#primaryimage"},"thumbnailUrl":"https:\/\/www.fachbau.ch\/wp-content\/uploads\/2026\/09\/steel-windows-by-jansen_0-680x477.jpg","datePublished":"2026-09-03T14:27:26+00:00","breadcrumb":{"@id":"https:\/\/www.fachbau.ch\/intelligent-bauen\/2026-09-03\/jansen-richtet-marktbearbeitung-fuer-stahlsysteme-in-der-schweiz-neu-aus\/#breadcrumb"},"inLanguage":"de","potentialAction":[{"@type":"ReadAction","target":["https:\/\/www.fachbau.ch\/intelligent-bauen\/2026-09-03\/jansen-richtet-marktbearbeitung-fuer-stahlsysteme-in-der-schweiz-neu-aus\/"]}]},{"@type":"ImageObject","inLanguage":"de","@id":"https:\/\/www.fachbau.ch\/intelligent-bauen\/2026-09-03\/jansen-richtet-marktbearbeitung-fuer-stahlsysteme-in-der-schweiz-neu-aus\/#primaryimage","url":"https:\/\/www.fachbau.ch\/wp-content\/uploads\/2026\/09\/steel-windows-by-jansen_0-680x477.jpg","contentUrl":"https:\/\/www.fachbau.ch\/wp-content\/uploads\/2026\/09\/steel-windows-by-jansen_0-680x477.jpg"},{"@type":"BreadcrumbList","@id":"https:\/\/www.fachbau.ch\/intelligent-bauen\/2026-09-03\/jansen-richtet-marktbearbeitung-fuer-stahlsysteme-in-der-schweiz-neu-aus\/#breadcrumb","itemListElement":[{"@type":"ListItem","position":1,"name":"Startseite","item":"https:\/\/www.fachbau.ch\/"},{"@type":"ListItem","position":2,"name":"Jansen richtet Marktbearbeitung f\u00fcr Stahlsysteme in der Schweiz neu aus"}]},{"@type":"WebSite","@id":"https:\/\/www.fachbau.ch\/#website","url":"https:\/\/www.fachbau.ch\/","name":"fachbau.ch","description":"Modernes, nachhaltiges Bauen.","publisher":{"@id":"https:\/\/www.fachbau.ch\/#organization"},"potentialAction":[{"@type":"SearchAction","target":{"@type":"EntryPoint","urlTemplate":"https:\/\/www.fachbau.ch\/?s={search_term_string}"},"query-input":{"@type":"PropertyValueSpecification","valueRequired":true,"valueName":"search_term_string"}}],"inLanguage":"de"},{"@type":"Organization","@id":"https:\/\/www.fachbau.ch\/#organization","name":"fachbau.ch","url":"https:\/\/www.fachbau.ch\/","logo":{"@type":"ImageObject","inLanguage":"de","@id":"https:\/\/www.fachbau.ch\/#\/schema\/logo\/image\/","url":"https:\/\/www.fachbau.ch\/wp-content\/uploads\/2021\/12\/Logo_fachbau_ch.png","contentUrl":"https:\/\/www.fachbau.ch\/wp-content\/uploads\/2021\/12\/Logo_fachbau_ch.png","width":283,"height":42,"caption":"fachbau.ch"},"image":{"@id":"https:\/\/www.fachbau.ch\/#\/schema\/logo\/image\/"}},{"@type":"Person","@id":"https:\/\/www.fachbau.ch\/#\/schema\/person\/bb0eb1f344631c91fbdc226d96121267","name":"Werner M\u00fcller","image":{"@type":"ImageObject","inLanguage":"de","@id":"https:\/\/secure.gravatar.com\/avatar\/dd33b3abab5c30713718f3dc2fea531e32746a37961949ca60d33f09919fd018?s=96&d=mm&r=g","url":"https:\/\/secure.gravatar.com\/avatar\/dd33b3abab5c30713718f3dc2fea531e32746a37961949ca60d33f09919fd018?s=96&d=mm&r=g","contentUrl":"https:\/\/secure.gravatar.com\/avatar\/dd33b3abab5c30713718f3dc2fea531e32746a37961949ca60d33f09919fd018?s=96&d=mm&r=g","caption":"Werner M\u00fcller"},"url":"https:\/\/www.fachbau.ch\/de\/author\/muewer\/"}]}},"_links":{"self":[{"href":"https:\/\/www.fachbau.ch\/de\/wp-json\/wp\/v2\/posts\/24756","targetHints":{"allow":["GET"]}}],"collection":[{"href":"https:\/\/www.fachbau.ch\/de\/wp-json\/wp\/v2\/posts"}],"about":[{"href":"https:\/\/www.fachbau.ch\/de\/wp-json\/wp\/v2\/types\/post"}],"author":[{"embeddable":true,"href":"https:\/\/www.fachbau.ch\/de\/wp-json\/wp\/v2\/users\/5"}],"replies":[{"embeddable":true,"href":"https:\/\/www.fachbau.ch\/de\/wp-json\/wp\/v2\/comments?post=24756"}],"version-history":[{"count":1,"href":"https:\/\/www.fachbau.ch\/de\/wp-json\/wp\/v2\/posts\/24756\/revisions"}],"predecessor-version":[{"id":24758,"href":"https:\/\/www.fachbau.ch\/de\/wp-json\/wp\/v2\/posts\/24756\/revisions\/24758"}],"wp:attachment":[{"href":"https:\/\/www.fachbau.ch\/de\/wp-json\/wp\/v2\/media?parent=24756"}],"wp:term":[{"taxonomy":"category","embeddable":true,"href":"https:\/\/www.fachbau.ch\/de\/wp-json\/wp\/v2\/categories?post=24756"},{"taxonomy":"post_tag","embeddable":true,"href":"https:\/\/www.fachbau.ch\/de\/wp-json\/wp\/v2\/tags?post=24756"}],"curies":[{"name":"wp","href":"https:\/\/api.w.org\/{rel}","templated":true}]}}