{"id":24743,"date":"2026-09-02T10:28:31","date_gmt":"2026-09-02T08:28:31","guid":{"rendered":"https:\/\/www.fachbau.ch\/?p=24743"},"modified":"2026-09-02T10:31:13","modified_gmt":"2026-09-02T08:31:13","slug":"neues-kompetenzzentrum-fuer-modulbau","status":"publish","type":"post","link":"https:\/\/www.fachbau.ch\/de\/die-baustellen\/2026-09-02\/neues-kompetenzzentrum-fuer-modulbau\/","title":{"rendered":"Neues Kompetenzzentrum f\u00fcr Modulbau"},"content":{"rendered":"<p>Das Unternehmen Condecta AG hat als f\u00fchrende Anbieterin modularer Systeml\u00f6sungen in der Schweiz am 31. August 2026 die WL Bau AG aus Meggen \u00fcbernommen und am 1. September in Wikon (LU) ihr Kompetenzzentrum f\u00fcr Modulbau er\u00f6ffnet. 25 Mitarbeitende kommen dazu, die Gruppe besch\u00e4ftigt rund 200 Personen an 15 Standorten.<\/p>\n<p>Bei mobilen Raumsysteml\u00f6sungen h\u00e4lt Condecta in der Schweiz einen Marktanteil von \u00fcber 45 Prozent. Mit der \u00dcbernahme baut Condecta ihren bestehenden Modulbau weiter aus und f\u00fchrt s\u00e4mtliche Aktivit\u00e4ten dieses Bereichs in Wikon zusammen. Das Unternehmen bedient damit die europaweit steigende Nachfrage nach hochwertigen modularen Raumsystemen und setzt seinen Wachstumskurs fort.<\/p>\n<p><strong>Wikon \u00fcbernimmt Modulbau f\u00fcr die ganze Schweiz<\/strong><\/p>\n<p>Condecta realisiert seit Jahren modulare Bauten f\u00fcr Industrie und Dienstleistung, f\u00fcr Verwaltung, Schulen, B\u00fcros, Wohnen und Gesundheitseinrichtungen. Mit Wikon richtet sich das Unternehmen auf die gestiegene Nachfrage nach hochwertigen Rauml\u00f6sungen aus: Dort ist ein Kompetenzzentrum entstanden, das eigens f\u00fcr diese Projekte eingerichtet wurde und Kunden in der ganzen Schweiz bedient.<\/p>\n<p>F\u00fcr die Zentralschweiz bleibt Wikon zugleich die regionale Niederlassung. Auf mehr als 12&#8217;000 Quadratmeter Fl\u00e4che, davon 7000 Quadratmeter Halle, entstehen Raumsysteme, die individuell auf die Anforderungen der Kunden zugeschnitten sind; dazu kommt Lagerplatz f\u00fcr rund 750 Module.<\/p>\n<p><strong>WL Bau: zwanzig Jahre Erfahrung im Modulbau<\/strong><\/p>\n<p>Die WL Bau AG mit Sitz in Meggen hat sich im Container- und Modulbau einen Ruf f\u00fcr anspruchsvolle Rauml\u00f6sungen erarbeitet. \u00abMit WL Bau kommt ein eingespieltes Team zu uns, das seit zwanzig Jahren vielf\u00e4ltige Modulbauten plant, baut und \u00fcbergibt\u00bb, erkl\u00e4rt Condecta-CEO Olivier Annaheim. \u00abWas dieses Team kann, w\u00e4chst \u00fcber Jahre. Dass es jetzt zu Condecta geh\u00f6rt und unser Kompetenzzentrum von Anfang an mittr\u00e4gt, freut mich sehr.\u00bb<\/p>\n<p>Alle 25 Mitarbeitenden werden \u00fcbernommen und arbeiten k\u00fcnftig geschlossen am Standort Wikon. Die WL Bau AG bleibt vorerst als eigene Gesellschaft bestehen. Das Gesch\u00e4ft geht voraussichtlich bis Ende Jahr vollst\u00e4ndig in Condecta \u00fcber. Bestehende Kundenbeziehungen und laufende Projekte werden ohne Unterbrechung weitergef\u00fchrt; die gewohnten Ansprechpartner bleiben.<\/p>\n<div id='gallery-1' class='gallery galleryid-24743 gallery-columns-3 gallery-size-thumbnail'><figure class='gallery-item'>\n\t\t\t<div class='gallery-icon landscape'>\n\t\t\t\t<a href='https:\/\/www.fachbau.ch\/wp-content\/uploads\/2026\/09\/condecta_olivier_annaheim_emsud_ljutic_eroeffnung_wikon_fachbau.ch_-scaled.jpg'><img decoding=\"async\" width=\"150\" height=\"150\" src=\"https:\/\/www.fachbau.ch\/wp-content\/uploads\/2026\/09\/condecta_olivier_annaheim_emsud_ljutic_eroeffnung_wikon_fachbau.ch_-150x150.jpg\" class=\"attachment-thumbnail size-thumbnail\" alt=\"\" aria-describedby=\"gallery-1-24745\" srcset=\"https:\/\/www.fachbau.ch\/wp-content\/uploads\/2026\/09\/condecta_olivier_annaheim_emsud_ljutic_eroeffnung_wikon_fachbau.ch_-150x150.jpg 150w, https:\/\/www.fachbau.ch\/wp-content\/uploads\/2026\/09\/condecta_olivier_annaheim_emsud_ljutic_eroeffnung_wikon_fachbau.ch_-250x250.jpg 250w\" sizes=\"(max-width: 150px) 100vw, 150px\" \/><\/a>\n\t\t\t<\/div>\n\t\t\t\t<figcaption class='wp-caption-text gallery-caption' id='gallery-1-24745'>\n\t\t\t\tBei der Er\u00f6ffnung des Kompetenzzentrums f\u00fcr Modulbau in Wikon, von links: Emsud Ljuti\u0107, der Gr\u00fcnder von WL Bau leitet jetzt den  Modulbau bei Condecta, sowie Olivier Annaheim, CEO von Condecta.\n\t\t\t\t<\/figcaption><\/figure><figure class='gallery-item'>\n\t\t\t<div class='gallery-icon landscape'>\n\t\t\t\t<a href='https:\/\/www.fachbau.ch\/wp-content\/uploads\/2026\/09\/condecta_referenz_schule_rheinfelden_01_fachbau.ch_-scaled.jpg'><img decoding=\"async\" width=\"150\" height=\"150\" src=\"https:\/\/www.fachbau.ch\/wp-content\/uploads\/2026\/09\/condecta_referenz_schule_rheinfelden_01_fachbau.ch_-150x150.jpg\" class=\"attachment-thumbnail size-thumbnail\" alt=\"\" aria-describedby=\"gallery-1-24747\" srcset=\"https:\/\/www.fachbau.ch\/wp-content\/uploads\/2026\/09\/condecta_referenz_schule_rheinfelden_01_fachbau.ch_-150x150.jpg 150w, https:\/\/www.fachbau.ch\/wp-content\/uploads\/2026\/09\/condecta_referenz_schule_rheinfelden_01_fachbau.ch_-250x250.jpg 250w\" sizes=\"(max-width: 150px) 100vw, 150px\" \/><\/a>\n\t\t\t<\/div>\n\t\t\t\t<figcaption class='wp-caption-text gallery-caption' id='gallery-1-24747'>\n\t\t\t\tWie Modulbau von Condecta in der Praxis aussieht, zeigt ein Projekt in Rheinfelden: Dort entstand 2025 ein zweigeschossiges Schulhaus mit 1300 Quadratmeter Fl\u00e4che.\n\t\t\t\t<\/figcaption><\/figure><figure class='gallery-item'>\n\t\t\t<div class='gallery-icon landscape'>\n\t\t\t\t<a href='https:\/\/www.fachbau.ch\/wp-content\/uploads\/2026\/09\/condecta_referenz_schule_rheinfelden_02_fachbau.ch_-scaled.jpg'><img decoding=\"async\" width=\"150\" height=\"150\" src=\"https:\/\/www.fachbau.ch\/wp-content\/uploads\/2026\/09\/condecta_referenz_schule_rheinfelden_02_fachbau.ch_-150x150.jpg\" class=\"attachment-thumbnail size-thumbnail\" alt=\"\" aria-describedby=\"gallery-1-24748\" srcset=\"https:\/\/www.fachbau.ch\/wp-content\/uploads\/2026\/09\/condecta_referenz_schule_rheinfelden_02_fachbau.ch_-150x150.jpg 150w, https:\/\/www.fachbau.ch\/wp-content\/uploads\/2026\/09\/condecta_referenz_schule_rheinfelden_02_fachbau.ch_-250x250.jpg 250w\" sizes=\"(max-width: 150px) 100vw, 150px\" \/><\/a>\n\t\t\t<\/div>\n\t\t\t\t<figcaption class='wp-caption-text gallery-caption' id='gallery-1-24748'>\n\t\t\t\tWie Modulbau von Condecta in der Praxis aussieht, zeigt ein Projekt in Rheinfelden: Dort entstand 2025 ein zweigeschossiges Schulhaus mit 1300 Quadratmeter Fl\u00e4che.\n\t\t\t\t<\/figcaption><\/figure><figure class='gallery-item'>\n\t\t\t<div class='gallery-icon landscape'>\n\t\t\t\t<a href='https:\/\/www.fachbau.ch\/wp-content\/uploads\/2026\/09\/condecta_referenz_schule_rheinfelden_04_fachbau.ch_-scaled.jpg'><img decoding=\"async\" width=\"150\" height=\"150\" src=\"https:\/\/www.fachbau.ch\/wp-content\/uploads\/2026\/09\/condecta_referenz_schule_rheinfelden_04_fachbau.ch_-150x150.jpg\" class=\"attachment-thumbnail size-thumbnail\" alt=\"\" aria-describedby=\"gallery-1-24750\" srcset=\"https:\/\/www.fachbau.ch\/wp-content\/uploads\/2026\/09\/condecta_referenz_schule_rheinfelden_04_fachbau.ch_-150x150.jpg 150w, https:\/\/www.fachbau.ch\/wp-content\/uploads\/2026\/09\/condecta_referenz_schule_rheinfelden_04_fachbau.ch_-250x250.jpg 250w\" sizes=\"(max-width: 150px) 100vw, 150px\" \/><\/a>\n\t\t\t<\/div>\n\t\t\t\t<figcaption class='wp-caption-text gallery-caption' id='gallery-1-24750'>\n\t\t\t\tWie Modulbau von Condecta in der Praxis aussieht, zeigt ein Projekt in Rheinfelden: Dort entstand 2025 ein zweigeschossiges Schulhaus mit 1300 Quadratmeter Fl\u00e4che.\n\t\t\t\t<\/figcaption><\/figure><figure class='gallery-item'>\n\t\t\t<div class='gallery-icon landscape'>\n\t\t\t\t<a href='https:\/\/www.fachbau.ch\/wp-content\/uploads\/2026\/09\/condecta_referenz_schule_rheinfelden_03_fachbau.ch_-scaled.jpg'><img decoding=\"async\" width=\"150\" height=\"150\" src=\"https:\/\/www.fachbau.ch\/wp-content\/uploads\/2026\/09\/condecta_referenz_schule_rheinfelden_03_fachbau.ch_-150x150.jpg\" class=\"attachment-thumbnail size-thumbnail\" alt=\"\" aria-describedby=\"gallery-1-24749\" srcset=\"https:\/\/www.fachbau.ch\/wp-content\/uploads\/2026\/09\/condecta_referenz_schule_rheinfelden_03_fachbau.ch_-150x150.jpg 150w, https:\/\/www.fachbau.ch\/wp-content\/uploads\/2026\/09\/condecta_referenz_schule_rheinfelden_03_fachbau.ch_-250x250.jpg 250w\" sizes=\"(max-width: 150px) 100vw, 150px\" \/><\/a>\n\t\t\t<\/div>\n\t\t\t\t<figcaption class='wp-caption-text gallery-caption' id='gallery-1-24749'>\n\t\t\t\tWie Modulbau von Condecta in der Praxis aussieht, zeigt ein Projekt in Rheinfelden: Dort entstand 2025 ein zweigeschossiges Schulhaus mit 1300 Quadratmeter Fl\u00e4che.\n\t\t\t\t<\/figcaption><\/figure><figure class='gallery-item'>\n\t\t\t<div class='gallery-icon landscape'>\n\t\t\t\t<a href='https:\/\/www.fachbau.ch\/wp-content\/uploads\/2026\/09\/condecta_standort_wikon_fachbau.ch_-scaled.jpg'><img decoding=\"async\" width=\"150\" height=\"150\" src=\"https:\/\/www.fachbau.ch\/wp-content\/uploads\/2026\/09\/condecta_standort_wikon_fachbau.ch_-150x150.jpg\" class=\"attachment-thumbnail size-thumbnail\" alt=\"\" aria-describedby=\"gallery-1-24752\" srcset=\"https:\/\/www.fachbau.ch\/wp-content\/uploads\/2026\/09\/condecta_standort_wikon_fachbau.ch_-150x150.jpg 150w, https:\/\/www.fachbau.ch\/wp-content\/uploads\/2026\/09\/condecta_standort_wikon_fachbau.ch_-250x250.jpg 250w\" sizes=\"(max-width: 150px) 100vw, 150px\" \/><\/a>\n\t\t\t<\/div>\n\t\t\t\t<figcaption class='wp-caption-text gallery-caption' id='gallery-1-24752'>\n\t\t\t\tAb 1. September 2026 ist hier das neue Kompetenzzentrum f\u00fcr Modulbau in der Schweiz: Condecta AG, Industriestrasse 8, 4806 Wikon. \n\t\t\t\t<\/figcaption><\/figure>\n\t\t<\/div>\n\n<p><a href=\"https:\/\/www.condecta.ch\/\" target=\"_blank\" rel=\"noopener\"><strong>&gt; Condecta AG, Stegackerstrasse 6, 8409 Winterthur<\/strong><\/a><\/p>\n","protected":false},"excerpt":{"rendered":"<p>Die Schweizer Marktf\u00fchrerin Condecta baut den Modulbau aus und investiert in die Zentralschweiz. Mit der \u00dcbernahme der Luzerner WL Bau AG und wurde nun das neue Kompetenzzentrum f\u00fcr Modulbau in Wikon er\u00f6ffnet.<\/p>\n","protected":false},"author":7,"featured_media":24745,"comment_status":"closed","ping_status":"closed","sticky":false,"template":"","format":"standard","meta":{"_acf_changed":false,"pgc_sgb_lightbox_settings":"","footnotes":""},"categories":[19],"tags":[2171,2990,1068,2991,1234,2612],"class_list":["post-24743","post","type-post","status-publish","format-standard","has-post-thumbnail","hentry","category-die-baustellen","tag-condecta","tag-kompetenzzentrum","tag-modulbau","tag-raumloesungen","tag-raumsysteme","tag-systemloesungen"],"acf":{"author":"Text: pd\/wa | Fotos: Condecta"},"yoast_head":"<!-- This site is optimized with the Yoast SEO plugin v28.4 - https:\/\/yoast.com\/product\/yoast-seo-wordpress\/ -->\n<title>Neues Kompetenzzentrum f\u00fcr Modulbau - fachbau.ch<\/title>\n<meta name=\"description\" content=\"Ab 1. September 2026 ist das neue Kompetenzzentrum f\u00fcr Modulbau in der Schweiz bei Condecta AG, Industriestrasse 8, 4806 Wikon.\" \/>\n<meta name=\"robots\" content=\"index, follow, max-snippet:-1, max-image-preview:large, max-video-preview:-1\" \/>\n<link rel=\"canonical\" href=\"https:\/\/www.fachbau.ch\/de\/die-baustellen\/2026-09-02\/neues-kompetenzzentrum-fuer-modulbau\/\" \/>\n<meta property=\"og:locale\" content=\"de_DE\" \/>\n<meta property=\"og:type\" content=\"article\" \/>\n<meta property=\"og:title\" content=\"Neues Kompetenzzentrum f\u00fcr Modulbau - fachbau.ch\" \/>\n<meta property=\"og:description\" content=\"Ab 1. September 2026 ist das neue Kompetenzzentrum f\u00fcr Modulbau in der Schweiz bei Condecta AG, Industriestrasse 8, 4806 Wikon.\" \/>\n<meta property=\"og:url\" content=\"https:\/\/www.fachbau.ch\/de\/die-baustellen\/2026-09-02\/neues-kompetenzzentrum-fuer-modulbau\/\" \/>\n<meta property=\"og:site_name\" content=\"fachbau.ch\" \/>\n<meta property=\"article:published_time\" content=\"2026-09-02T08:28:31+00:00\" \/>\n<meta property=\"article:modified_time\" content=\"2026-09-02T08:31:13+00:00\" \/>\n<meta property=\"og:image\" content=\"https:\/\/www.fachbau.ch\/wp-content\/uploads\/2026\/09\/condecta_olivier_annaheim_emsud_ljutic_eroeffnung_wikon_fachbau.ch_-scaled.jpg\" \/>\n\t<meta property=\"og:image:width\" content=\"1400\" \/>\n\t<meta property=\"og:image:height\" content=\"933\" \/>\n\t<meta property=\"og:image:type\" content=\"image\/jpeg\" \/>\n<meta name=\"author\" content=\"Werner Aebi\" \/>\n<meta name=\"twitter:card\" content=\"summary_large_image\" \/>\n<meta name=\"twitter:label1\" content=\"Verfasst von\" \/>\n\t<meta name=\"twitter:data1\" content=\"Werner Aebi\" \/>\n\t<meta name=\"twitter:label2\" content=\"Gesch\u00e4tzte Lesezeit\" \/>\n\t<meta name=\"twitter:data2\" content=\"2\u00a0Minuten\" \/>\n<script type=\"application\/ld+json\" class=\"yoast-schema-graph\">{\"@context\":\"https:\\\/\\\/schema.org\",\"@graph\":[{\"@type\":\"Article\",\"@id\":\"https:\\\/\\\/www.fachbau.ch\\\/die-baustellen\\\/2026-09-02\\\/neues-kompetenzzentrum-fuer-modulbau\\\/#article\",\"isPartOf\":{\"@id\":\"https:\\\/\\\/www.fachbau.ch\\\/die-baustellen\\\/2026-09-02\\\/neues-kompetenzzentrum-fuer-modulbau\\\/\"},\"author\":{\"name\":\"Werner Aebi\",\"@id\":\"https:\\\/\\\/www.fachbau.ch\\\/#\\\/schema\\\/person\\\/a4627586d043140d4a039b224581b1af\"},\"headline\":\"Neues Kompetenzzentrum f\u00fcr Modulbau\",\"datePublished\":\"2026-09-02T08:28:31+00:00\",\"dateModified\":\"2026-09-02T08:31:13+00:00\",\"mainEntityOfPage\":{\"@id\":\"https:\\\/\\\/www.fachbau.ch\\\/die-baustellen\\\/2026-09-02\\\/neues-kompetenzzentrum-fuer-modulbau\\\/\"},\"wordCount\":345,\"publisher\":{\"@id\":\"https:\\\/\\\/www.fachbau.ch\\\/#organization\"},\"image\":{\"@id\":\"https:\\\/\\\/www.fachbau.ch\\\/die-baustellen\\\/2026-09-02\\\/neues-kompetenzzentrum-fuer-modulbau\\\/#primaryimage\"},\"thumbnailUrl\":\"https:\\\/\\\/www.fachbau.ch\\\/wp-content\\\/uploads\\\/2026\\\/09\\\/condecta_olivier_annaheim_emsud_ljutic_eroeffnung_wikon_fachbau.ch_-scaled.jpg\",\"keywords\":[\"Condecta\",\"Kompetenzzentrum\",\"Modulbau\",\"Rauml\u00f6sungen\",\"Raumsysteme\",\"Systeml\u00f6sungen\"],\"articleSection\":[\"die baustellen\"],\"inLanguage\":\"de\"},{\"@type\":\"WebPage\",\"@id\":\"https:\\\/\\\/www.fachbau.ch\\\/die-baustellen\\\/2026-09-02\\\/neues-kompetenzzentrum-fuer-modulbau\\\/\",\"url\":\"https:\\\/\\\/www.fachbau.ch\\\/die-baustellen\\\/2026-09-02\\\/neues-kompetenzzentrum-fuer-modulbau\\\/\",\"name\":\"Neues Kompetenzzentrum f\u00fcr Modulbau - fachbau.ch\",\"isPartOf\":{\"@id\":\"https:\\\/\\\/www.fachbau.ch\\\/#website\"},\"primaryImageOfPage\":{\"@id\":\"https:\\\/\\\/www.fachbau.ch\\\/die-baustellen\\\/2026-09-02\\\/neues-kompetenzzentrum-fuer-modulbau\\\/#primaryimage\"},\"image\":{\"@id\":\"https:\\\/\\\/www.fachbau.ch\\\/die-baustellen\\\/2026-09-02\\\/neues-kompetenzzentrum-fuer-modulbau\\\/#primaryimage\"},\"thumbnailUrl\":\"https:\\\/\\\/www.fachbau.ch\\\/wp-content\\\/uploads\\\/2026\\\/09\\\/condecta_olivier_annaheim_emsud_ljutic_eroeffnung_wikon_fachbau.ch_-scaled.jpg\",\"datePublished\":\"2026-09-02T08:28:31+00:00\",\"dateModified\":\"2026-09-02T08:31:13+00:00\",\"description\":\"Ab 1. September 2026 ist das neue Kompetenzzentrum f\u00fcr Modulbau in der Schweiz bei Condecta AG, Industriestrasse 8, 4806 Wikon.\",\"breadcrumb\":{\"@id\":\"https:\\\/\\\/www.fachbau.ch\\\/die-baustellen\\\/2026-09-02\\\/neues-kompetenzzentrum-fuer-modulbau\\\/#breadcrumb\"},\"inLanguage\":\"de\",\"potentialAction\":[{\"@type\":\"ReadAction\",\"target\":[\"https:\\\/\\\/www.fachbau.ch\\\/die-baustellen\\\/2026-09-02\\\/neues-kompetenzzentrum-fuer-modulbau\\\/\"]}]},{\"@type\":\"ImageObject\",\"inLanguage\":\"de\",\"@id\":\"https:\\\/\\\/www.fachbau.ch\\\/die-baustellen\\\/2026-09-02\\\/neues-kompetenzzentrum-fuer-modulbau\\\/#primaryimage\",\"url\":\"https:\\\/\\\/www.fachbau.ch\\\/wp-content\\\/uploads\\\/2026\\\/09\\\/condecta_olivier_annaheim_emsud_ljutic_eroeffnung_wikon_fachbau.ch_-scaled.jpg\",\"contentUrl\":\"https:\\\/\\\/www.fachbau.ch\\\/wp-content\\\/uploads\\\/2026\\\/09\\\/condecta_olivier_annaheim_emsud_ljutic_eroeffnung_wikon_fachbau.ch_-scaled.jpg\",\"width\":1400,\"height\":933,\"caption\":\"Bei der Er\u00f6ffnung des Kompetenzzentrums f\u00fcr Modulbau in Wikon, von links: Emsud Ljuti\u0107, der Gr\u00fcnder von WL Bau leitet jetzt den Modulbau bei Condecta, sowie Olivier Annaheim, CEO von Condecta.\"},{\"@type\":\"BreadcrumbList\",\"@id\":\"https:\\\/\\\/www.fachbau.ch\\\/die-baustellen\\\/2026-09-02\\\/neues-kompetenzzentrum-fuer-modulbau\\\/#breadcrumb\",\"itemListElement\":[{\"@type\":\"ListItem\",\"position\":1,\"name\":\"Startseite\",\"item\":\"https:\\\/\\\/www.fachbau.ch\\\/\"},{\"@type\":\"ListItem\",\"position\":2,\"name\":\"Neues Kompetenzzentrum f\u00fcr Modulbau\"}]},{\"@type\":\"WebSite\",\"@id\":\"https:\\\/\\\/www.fachbau.ch\\\/#website\",\"url\":\"https:\\\/\\\/www.fachbau.ch\\\/\",\"name\":\"fachbau.ch\",\"description\":\"Modernes, nachhaltiges Bauen.\",\"publisher\":{\"@id\":\"https:\\\/\\\/www.fachbau.ch\\\/#organization\"},\"potentialAction\":[{\"@type\":\"SearchAction\",\"target\":{\"@type\":\"EntryPoint\",\"urlTemplate\":\"https:\\\/\\\/www.fachbau.ch\\\/?s={search_term_string}\"},\"query-input\":{\"@type\":\"PropertyValueSpecification\",\"valueRequired\":true,\"valueName\":\"search_term_string\"}}],\"inLanguage\":\"de\"},{\"@type\":\"Organization\",\"@id\":\"https:\\\/\\\/www.fachbau.ch\\\/#organization\",\"name\":\"fachbau.ch\",\"url\":\"https:\\\/\\\/www.fachbau.ch\\\/\",\"logo\":{\"@type\":\"ImageObject\",\"inLanguage\":\"de\",\"@id\":\"https:\\\/\\\/www.fachbau.ch\\\/#\\\/schema\\\/logo\\\/image\\\/\",\"url\":\"https:\\\/\\\/www.fachbau.ch\\\/wp-content\\\/uploads\\\/2021\\\/12\\\/Logo_fachbau_ch.png\",\"contentUrl\":\"https:\\\/\\\/www.fachbau.ch\\\/wp-content\\\/uploads\\\/2021\\\/12\\\/Logo_fachbau_ch.png\",\"width\":283,\"height\":42,\"caption\":\"fachbau.ch\"},\"image\":{\"@id\":\"https:\\\/\\\/www.fachbau.ch\\\/#\\\/schema\\\/logo\\\/image\\\/\"}},{\"@type\":\"Person\",\"@id\":\"https:\\\/\\\/www.fachbau.ch\\\/#\\\/schema\\\/person\\\/a4627586d043140d4a039b224581b1af\",\"name\":\"Werner Aebi\",\"image\":{\"@type\":\"ImageObject\",\"inLanguage\":\"de\",\"@id\":\"https:\\\/\\\/secure.gravatar.com\\\/avatar\\\/709f2e7d8c043deb29462567c2f269a1d1b5e78571fd8ba3e634c50c2e7a3b18?s=96&d=mm&r=g\",\"url\":\"https:\\\/\\\/secure.gravatar.com\\\/avatar\\\/709f2e7d8c043deb29462567c2f269a1d1b5e78571fd8ba3e634c50c2e7a3b18?s=96&d=mm&r=g\",\"contentUrl\":\"https:\\\/\\\/secure.gravatar.com\\\/avatar\\\/709f2e7d8c043deb29462567c2f269a1d1b5e78571fd8ba3e634c50c2e7a3b18?s=96&d=mm&r=g\",\"caption\":\"Werner Aebi\"},\"url\":\"https:\\\/\\\/www.fachbau.ch\\\/de\\\/author\\\/werner-aebi\\\/\"}]}<\/script>\n<!-- \/ Yoast SEO plugin. -->","yoast_head_json":{"title":"Neues Kompetenzzentrum f\u00fcr Modulbau - fachbau.ch","description":"Ab 1. September 2026 ist das neue Kompetenzzentrum f\u00fcr Modulbau in der Schweiz bei Condecta AG, Industriestrasse 8, 4806 Wikon.","robots":{"index":"index","follow":"follow","max-snippet":"max-snippet:-1","max-image-preview":"max-image-preview:large","max-video-preview":"max-video-preview:-1"},"canonical":"https:\/\/www.fachbau.ch\/de\/die-baustellen\/2026-09-02\/neues-kompetenzzentrum-fuer-modulbau\/","og_locale":"de_DE","og_type":"article","og_title":"Neues Kompetenzzentrum f\u00fcr Modulbau - fachbau.ch","og_description":"Ab 1. September 2026 ist das neue Kompetenzzentrum f\u00fcr Modulbau in der Schweiz bei Condecta AG, Industriestrasse 8, 4806 Wikon.","og_url":"https:\/\/www.fachbau.ch\/de\/die-baustellen\/2026-09-02\/neues-kompetenzzentrum-fuer-modulbau\/","og_site_name":"fachbau.ch","article_published_time":"2026-09-02T08:28:31+00:00","article_modified_time":"2026-09-02T08:31:13+00:00","og_image":[{"width":1400,"height":933,"url":"https:\/\/www.fachbau.ch\/wp-content\/uploads\/2026\/09\/condecta_olivier_annaheim_emsud_ljutic_eroeffnung_wikon_fachbau.ch_-scaled.jpg","type":"image\/jpeg"}],"author":"Werner Aebi","twitter_card":"summary_large_image","twitter_misc":{"Verfasst von":"Werner Aebi","Gesch\u00e4tzte Lesezeit":"2\u00a0Minuten"},"schema":{"@context":"https:\/\/schema.org","@graph":[{"@type":"Article","@id":"https:\/\/www.fachbau.ch\/die-baustellen\/2026-09-02\/neues-kompetenzzentrum-fuer-modulbau\/#article","isPartOf":{"@id":"https:\/\/www.fachbau.ch\/die-baustellen\/2026-09-02\/neues-kompetenzzentrum-fuer-modulbau\/"},"author":{"name":"Werner Aebi","@id":"https:\/\/www.fachbau.ch\/#\/schema\/person\/a4627586d043140d4a039b224581b1af"},"headline":"Neues Kompetenzzentrum f\u00fcr Modulbau","datePublished":"2026-09-02T08:28:31+00:00","dateModified":"2026-09-02T08:31:13+00:00","mainEntityOfPage":{"@id":"https:\/\/www.fachbau.ch\/die-baustellen\/2026-09-02\/neues-kompetenzzentrum-fuer-modulbau\/"},"wordCount":345,"publisher":{"@id":"https:\/\/www.fachbau.ch\/#organization"},"image":{"@id":"https:\/\/www.fachbau.ch\/die-baustellen\/2026-09-02\/neues-kompetenzzentrum-fuer-modulbau\/#primaryimage"},"thumbnailUrl":"https:\/\/www.fachbau.ch\/wp-content\/uploads\/2026\/09\/condecta_olivier_annaheim_emsud_ljutic_eroeffnung_wikon_fachbau.ch_-scaled.jpg","keywords":["Condecta","Kompetenzzentrum","Modulbau","Rauml\u00f6sungen","Raumsysteme","Systeml\u00f6sungen"],"articleSection":["die baustellen"],"inLanguage":"de"},{"@type":"WebPage","@id":"https:\/\/www.fachbau.ch\/die-baustellen\/2026-09-02\/neues-kompetenzzentrum-fuer-modulbau\/","url":"https:\/\/www.fachbau.ch\/die-baustellen\/2026-09-02\/neues-kompetenzzentrum-fuer-modulbau\/","name":"Neues Kompetenzzentrum f\u00fcr Modulbau - fachbau.ch","isPartOf":{"@id":"https:\/\/www.fachbau.ch\/#website"},"primaryImageOfPage":{"@id":"https:\/\/www.fachbau.ch\/die-baustellen\/2026-09-02\/neues-kompetenzzentrum-fuer-modulbau\/#primaryimage"},"image":{"@id":"https:\/\/www.fachbau.ch\/die-baustellen\/2026-09-02\/neues-kompetenzzentrum-fuer-modulbau\/#primaryimage"},"thumbnailUrl":"https:\/\/www.fachbau.ch\/wp-content\/uploads\/2026\/09\/condecta_olivier_annaheim_emsud_ljutic_eroeffnung_wikon_fachbau.ch_-scaled.jpg","datePublished":"2026-09-02T08:28:31+00:00","dateModified":"2026-09-02T08:31:13+00:00","description":"Ab 1. September 2026 ist das neue Kompetenzzentrum f\u00fcr Modulbau in der Schweiz bei Condecta AG, Industriestrasse 8, 4806 Wikon.","breadcrumb":{"@id":"https:\/\/www.fachbau.ch\/die-baustellen\/2026-09-02\/neues-kompetenzzentrum-fuer-modulbau\/#breadcrumb"},"inLanguage":"de","potentialAction":[{"@type":"ReadAction","target":["https:\/\/www.fachbau.ch\/die-baustellen\/2026-09-02\/neues-kompetenzzentrum-fuer-modulbau\/"]}]},{"@type":"ImageObject","inLanguage":"de","@id":"https:\/\/www.fachbau.ch\/die-baustellen\/2026-09-02\/neues-kompetenzzentrum-fuer-modulbau\/#primaryimage","url":"https:\/\/www.fachbau.ch\/wp-content\/uploads\/2026\/09\/condecta_olivier_annaheim_emsud_ljutic_eroeffnung_wikon_fachbau.ch_-scaled.jpg","contentUrl":"https:\/\/www.fachbau.ch\/wp-content\/uploads\/2026\/09\/condecta_olivier_annaheim_emsud_ljutic_eroeffnung_wikon_fachbau.ch_-scaled.jpg","width":1400,"height":933,"caption":"Bei der Er\u00f6ffnung des Kompetenzzentrums f\u00fcr Modulbau in Wikon, von links: Emsud Ljuti\u0107, der Gr\u00fcnder von WL Bau leitet jetzt den Modulbau bei Condecta, sowie Olivier Annaheim, CEO von Condecta."},{"@type":"BreadcrumbList","@id":"https:\/\/www.fachbau.ch\/die-baustellen\/2026-09-02\/neues-kompetenzzentrum-fuer-modulbau\/#breadcrumb","itemListElement":[{"@type":"ListItem","position":1,"name":"Startseite","item":"https:\/\/www.fachbau.ch\/"},{"@type":"ListItem","position":2,"name":"Neues Kompetenzzentrum f\u00fcr Modulbau"}]},{"@type":"WebSite","@id":"https:\/\/www.fachbau.ch\/#website","url":"https:\/\/www.fachbau.ch\/","name":"fachbau.ch","description":"Modernes, nachhaltiges Bauen.","publisher":{"@id":"https:\/\/www.fachbau.ch\/#organization"},"potentialAction":[{"@type":"SearchAction","target":{"@type":"EntryPoint","urlTemplate":"https:\/\/www.fachbau.ch\/?s={search_term_string}"},"query-input":{"@type":"PropertyValueSpecification","valueRequired":true,"valueName":"search_term_string"}}],"inLanguage":"de"},{"@type":"Organization","@id":"https:\/\/www.fachbau.ch\/#organization","name":"fachbau.ch","url":"https:\/\/www.fachbau.ch\/","logo":{"@type":"ImageObject","inLanguage":"de","@id":"https:\/\/www.fachbau.ch\/#\/schema\/logo\/image\/","url":"https:\/\/www.fachbau.ch\/wp-content\/uploads\/2021\/12\/Logo_fachbau_ch.png","contentUrl":"https:\/\/www.fachbau.ch\/wp-content\/uploads\/2021\/12\/Logo_fachbau_ch.png","width":283,"height":42,"caption":"fachbau.ch"},"image":{"@id":"https:\/\/www.fachbau.ch\/#\/schema\/logo\/image\/"}},{"@type":"Person","@id":"https:\/\/www.fachbau.ch\/#\/schema\/person\/a4627586d043140d4a039b224581b1af","name":"Werner Aebi","image":{"@type":"ImageObject","inLanguage":"de","@id":"https:\/\/secure.gravatar.com\/avatar\/709f2e7d8c043deb29462567c2f269a1d1b5e78571fd8ba3e634c50c2e7a3b18?s=96&d=mm&r=g","url":"https:\/\/secure.gravatar.com\/avatar\/709f2e7d8c043deb29462567c2f269a1d1b5e78571fd8ba3e634c50c2e7a3b18?s=96&d=mm&r=g","contentUrl":"https:\/\/secure.gravatar.com\/avatar\/709f2e7d8c043deb29462567c2f269a1d1b5e78571fd8ba3e634c50c2e7a3b18?s=96&d=mm&r=g","caption":"Werner Aebi"},"url":"https:\/\/www.fachbau.ch\/de\/author\/werner-aebi\/"}]}},"_links":{"self":[{"href":"https:\/\/www.fachbau.ch\/de\/wp-json\/wp\/v2\/posts\/24743","targetHints":{"allow":["GET"]}}],"collection":[{"href":"https:\/\/www.fachbau.ch\/de\/wp-json\/wp\/v2\/posts"}],"about":[{"href":"https:\/\/www.fachbau.ch\/de\/wp-json\/wp\/v2\/types\/post"}],"author":[{"embeddable":true,"href":"https:\/\/www.fachbau.ch\/de\/wp-json\/wp\/v2\/users\/7"}],"replies":[{"embeddable":true,"href":"https:\/\/www.fachbau.ch\/de\/wp-json\/wp\/v2\/comments?post=24743"}],"version-history":[{"count":4,"href":"https:\/\/www.fachbau.ch\/de\/wp-json\/wp\/v2\/posts\/24743\/revisions"}],"predecessor-version":[{"id":24755,"href":"https:\/\/www.fachbau.ch\/de\/wp-json\/wp\/v2\/posts\/24743\/revisions\/24755"}],"wp:featuredmedia":[{"embeddable":true,"href":"https:\/\/www.fachbau.ch\/de\/wp-json\/wp\/v2\/media\/24745"}],"wp:attachment":[{"href":"https:\/\/www.fachbau.ch\/de\/wp-json\/wp\/v2\/media?parent=24743"}],"wp:term":[{"taxonomy":"category","embeddable":true,"href":"https:\/\/www.fachbau.ch\/de\/wp-json\/wp\/v2\/categories?post=24743"},{"taxonomy":"post_tag","embeddable":true,"href":"https:\/\/www.fachbau.ch\/de\/wp-json\/wp\/v2\/tags?post=24743"}],"curies":[{"name":"wp","href":"https:\/\/api.w.org\/{rel}","templated":true}]}}