{"id":24723,"date":"2026-09-01T10:37:05","date_gmt":"2026-09-01T08:37:05","guid":{"rendered":"https:\/\/www.fachbau.ch\/?p=24723"},"modified":"2026-09-01T10:37:05","modified_gmt":"2026-09-01T08:37:05","slug":"velux-praesentiert-flachdach-fenster-mit-glas-kuppel","status":"publish","type":"post","link":"https:\/\/www.fachbau.ch\/de\/publireportage\/2026-09-01\/velux-praesentiert-flachdach-fenster-mit-glas-kuppel\/","title":{"rendered":"Velux pr\u00e4sentiert Flachdach-Fenster mit Glas-Kuppel"},"content":{"rendered":"<figure id=\"attachment_24726\" aria-describedby=\"caption-attachment-24726\" style=\"width: 680px\" class=\"wp-caption alignnone\"><img decoding=\"async\" class=\"wp-image-24726 size-medium\" src=\"https:\/\/www.fachbau.ch\/wp-content\/uploads\/2026\/08\/velux_online_03_fachbau.ch_-680x680.jpg\" alt=\"\" width=\"680\" height=\"680\" srcset=\"https:\/\/www.fachbau.ch\/wp-content\/uploads\/2026\/08\/velux_online_03_fachbau.ch_-680x680.jpg 680w, https:\/\/www.fachbau.ch\/wp-content\/uploads\/2026\/08\/velux_online_03_fachbau.ch_-1024x1024.jpg 1024w, https:\/\/www.fachbau.ch\/wp-content\/uploads\/2026\/08\/velux_online_03_fachbau.ch_-150x150.jpg 150w, https:\/\/www.fachbau.ch\/wp-content\/uploads\/2026\/08\/velux_online_03_fachbau.ch_-768x768.jpg 768w, https:\/\/www.fachbau.ch\/wp-content\/uploads\/2026\/08\/velux_online_03_fachbau.ch_-1536x1536.jpg 1536w, https:\/\/www.fachbau.ch\/wp-content\/uploads\/2026\/08\/velux_online_03_fachbau.ch_-2048x2048.jpg 2048w, https:\/\/www.fachbau.ch\/wp-content\/uploads\/2026\/08\/velux_online_03_fachbau.ch_-12x12.jpg 12w, https:\/\/www.fachbau.ch\/wp-content\/uploads\/2026\/08\/velux_online_03_fachbau.ch_-300x300.jpg 300w, https:\/\/www.fachbau.ch\/wp-content\/uploads\/2026\/08\/velux_online_03_fachbau.ch_-350x350.jpg 350w, https:\/\/www.fachbau.ch\/wp-content\/uploads\/2026\/08\/velux_online_03_fachbau.ch_-800x800.jpg 800w, https:\/\/www.fachbau.ch\/wp-content\/uploads\/2026\/08\/velux_online_03_fachbau.ch_-250x250.jpg 250w, https:\/\/www.fachbau.ch\/wp-content\/uploads\/2026\/08\/velux_online_03_fachbau.ch_-scaled.jpg 1400w\" sizes=\"(max-width: 680px) 100vw, 680px\" \/><figcaption id=\"caption-attachment-24726\" class=\"wp-caption-text\">Velux komplettiert sein Flachdach-Fenster Portfolio um eine optisch ansprechende L\u00f6sung im mittleren Preissegment.<\/figcaption><\/figure>\n<p align=\"JUSTIFY\">Tageslicht und Frischluft beeinflussen Wohlbefinden, Leistungsf\u00e4higkeit und Atmosph\u00e4re in Innenr\u00e4umen und gewinnen angesichts steigender Anforderungen an Raumluftqualit\u00e4t und nachhaltigen Energiekonzepten wieder vermehrt an Bedeutung. Immer mehr Architekten blicken daher auf die sogenannte \u00abf\u00fcnfte Fassade\u00bb, um L\u00f6sungen zu finden, die den Menschen ebenso wie dem Geb\u00e4ude zugutekommen.<\/p>\n<p align=\"JUSTIFY\"><strong>Tageslicht von oben<\/strong><\/p>\n<p align=\"JUSTIFY\">Optimale Tageslichtbedingungen lassen sich in vielen Projekten besonders effizient \u00fcber das Dach erreichen. Glasoberlichter sind dabei weit mehr als technische Komponenten \u2013 sie sind ein architektonisches Gestaltungsmittel, pr\u00e4gen die Raustimmung, lenken den Blick nach draussen und machen den Wechsel von Tageslicht im Verlauf des Tages auch im Innenraum sp\u00fcrbar. \u00dcber den visuellen Komfort hinaus st\u00e4rkt Tageslicht nachweislich das Wohlbefinden, hilft dabei, Stimmung, Wahrnehmung und r\u00e4umliches Erleben zu generieren und reduziert den Bedarf an k\u00fcnstlicher Beleuchtung und senkt so auch den Energieverbrauch.<\/p>\n<p align=\"JUSTIFY\">Licht, das von oben einf\u00e4llt, besitzt andere Qualit\u00e4ten als Licht aus der Fassade. Flachdach-Fenster eignen sich dabei besonders aufgrund ihrer zum Himmel gerichteten Lage, denn sie leiten bis zu dreimal mehr Tageslicht ins Innere als \u00fcber die Fassade. So werden selbst tiefliegende Zonen mit nat\u00fcrlichem Licht versorgt. Zudem bieten sie einen Blick nach draussen, im Gegenzug zu Fassadenfenstern jedoch keinen Einblick ins Innere.<\/p>\n<figure id=\"attachment_24724\" aria-describedby=\"caption-attachment-24724\" style=\"width: 680px\" class=\"wp-caption alignnone\"><img decoding=\"async\" class=\"wp-image-24724 size-medium\" src=\"https:\/\/www.fachbau.ch\/wp-content\/uploads\/2026\/08\/velux_online_01_fachbau.ch_-680x680.jpg\" alt=\"\" width=\"680\" height=\"680\" srcset=\"https:\/\/www.fachbau.ch\/wp-content\/uploads\/2026\/08\/velux_online_01_fachbau.ch_-680x680.jpg 680w, https:\/\/www.fachbau.ch\/wp-content\/uploads\/2026\/08\/velux_online_01_fachbau.ch_-1024x1024.jpg 1024w, https:\/\/www.fachbau.ch\/wp-content\/uploads\/2026\/08\/velux_online_01_fachbau.ch_-150x150.jpg 150w, https:\/\/www.fachbau.ch\/wp-content\/uploads\/2026\/08\/velux_online_01_fachbau.ch_-768x768.jpg 768w, https:\/\/www.fachbau.ch\/wp-content\/uploads\/2026\/08\/velux_online_01_fachbau.ch_-1536x1536.jpg 1536w, https:\/\/www.fachbau.ch\/wp-content\/uploads\/2026\/08\/velux_online_01_fachbau.ch_-2048x2048.jpg 2048w, https:\/\/www.fachbau.ch\/wp-content\/uploads\/2026\/08\/velux_online_01_fachbau.ch_-12x12.jpg 12w, https:\/\/www.fachbau.ch\/wp-content\/uploads\/2026\/08\/velux_online_01_fachbau.ch_-300x300.jpg 300w, https:\/\/www.fachbau.ch\/wp-content\/uploads\/2026\/08\/velux_online_01_fachbau.ch_-350x350.jpg 350w, https:\/\/www.fachbau.ch\/wp-content\/uploads\/2026\/08\/velux_online_01_fachbau.ch_-800x800.jpg 800w, https:\/\/www.fachbau.ch\/wp-content\/uploads\/2026\/08\/velux_online_01_fachbau.ch_-250x250.jpg 250w, https:\/\/www.fachbau.ch\/wp-content\/uploads\/2026\/08\/velux_online_01_fachbau.ch_-scaled.jpg 1400w\" sizes=\"(max-width: 680px) 100vw, 680px\" \/><figcaption id=\"caption-attachment-24724\" class=\"wp-caption-text\">Flachdach-Fenster bringen viel Licht in jeden Raum.<\/figcaption><\/figure>\n<p align=\"JUSTIFY\"><strong>Das Leistungspotenzial von Flachdach-Fenstern<\/strong><\/p>\n<p align=\"JUSTIFY\">Der Dachfensterhersteller Velux bietet eine Reihe an unterschiedlichen Produkten f\u00fcr das Flachdach an. Maximale Tageslichtfl\u00e4che bieten die Produkte mit Bogen- und Flachglas, welche zudem mit einer hervorragenden Energieeffizienz punkten. Hochmodernes Design trifft dabei auf ausgezeichnete Schalld\u00e4mmung.<\/p>\n<p align=\"JUSTIFY\">Ab September komplettiert Velux sein Flachdach-Sortiment mit einer optisch ansprechenden L\u00f6sung im mittleren Preissegment und bietet den Aufsetzkranz seiner 2009 eingef\u00fchrten Flachdach-L\u00f6sung auch mit einem Glas-Oberelement im robusten Aluminium-Design an. Damit l\u00e4sst sich attraktives Design bei Oberlichtern im Flachdach auch abseits des Premium-Segments realisieren. Das unter dem Namen Velux Flachdach-Fenster Glas-Kuppel eingef\u00fchrte neue Produkt ist mit einer flachen Glasscheibe als Oberelement ausgestattet. Damit eignet es sich f\u00fcr den Einsatz in D\u00e4chern mit einer Neigung von 2\u00b0\u201315\u00b0 Neigung, wobei die Dachneigung bauseitig zu erstellen ist. Erh\u00e4ltlich ist es in acht Gr\u00f6ssen von 60&#215;60 cm bis 120&#215;120 cm, ausschliesslich 2-fach-verglast. Da im Aufsetzkranz zus\u00e4tzlich eine Isolierglas-Scheibe integriert ist, \u00fcberzeugt sie trotzdem mit einem guten W\u00e4rmed\u00e4mmwert von 0,75 W\/(m\u00b2K). F\u00fcr angenehme Temperaturen im Innenraum kann das Fenster zudem mit einer Solar-Hitzeschutz-Markise oder f\u00fcr die Steuerung des Lichteinfalls mit einem Waben-Plissee ausger\u00fcstet werden.<\/p>\n<figure id=\"attachment_24725\" aria-describedby=\"caption-attachment-24725\" style=\"width: 680px\" class=\"wp-caption alignnone\"><img decoding=\"async\" class=\"wp-image-24725 size-medium\" src=\"https:\/\/www.fachbau.ch\/wp-content\/uploads\/2026\/08\/velux_online_02_fachbau.ch_-680x680.jpg\" alt=\"\" width=\"680\" height=\"680\" srcset=\"https:\/\/www.fachbau.ch\/wp-content\/uploads\/2026\/08\/velux_online_02_fachbau.ch_-680x680.jpg 680w, https:\/\/www.fachbau.ch\/wp-content\/uploads\/2026\/08\/velux_online_02_fachbau.ch_-1024x1024.jpg 1024w, https:\/\/www.fachbau.ch\/wp-content\/uploads\/2026\/08\/velux_online_02_fachbau.ch_-150x150.jpg 150w, https:\/\/www.fachbau.ch\/wp-content\/uploads\/2026\/08\/velux_online_02_fachbau.ch_-768x768.jpg 768w, https:\/\/www.fachbau.ch\/wp-content\/uploads\/2026\/08\/velux_online_02_fachbau.ch_-1536x1536.jpg 1536w, https:\/\/www.fachbau.ch\/wp-content\/uploads\/2026\/08\/velux_online_02_fachbau.ch_-2048x2048.jpg 2048w, https:\/\/www.fachbau.ch\/wp-content\/uploads\/2026\/08\/velux_online_02_fachbau.ch_-12x12.jpg 12w, https:\/\/www.fachbau.ch\/wp-content\/uploads\/2026\/08\/velux_online_02_fachbau.ch_-300x300.jpg 300w, https:\/\/www.fachbau.ch\/wp-content\/uploads\/2026\/08\/velux_online_02_fachbau.ch_-350x350.jpg 350w, https:\/\/www.fachbau.ch\/wp-content\/uploads\/2026\/08\/velux_online_02_fachbau.ch_-800x800.jpg 800w, https:\/\/www.fachbau.ch\/wp-content\/uploads\/2026\/08\/velux_online_02_fachbau.ch_-250x250.jpg 250w, https:\/\/www.fachbau.ch\/wp-content\/uploads\/2026\/08\/velux_online_02_fachbau.ch_-scaled.jpg 1400w\" sizes=\"(max-width: 680px) 100vw, 680px\" \/><figcaption id=\"caption-attachment-24725\" class=\"wp-caption-text\">Tageslicht und Frischluft beeinflussen unser Wohlbefinden.<\/figcaption><\/figure>\n<p align=\"JUSTIFY\">Zus\u00e4tzlich bietet Velux auch eine Reihe an Flachdachl\u00f6sungen mit Sonderfunktionen an. F\u00fcr die neue Generation der Velux Flachdach-Fenster ist auch eine Variante f\u00fcr Ausstieg aufs Dach erh\u00e4ltlich. Damit l\u00e4sst sich bei Bauvorhaben mit speziellen Anforderungen eine einheitliche Gestaltung der Oberlichter mit den anspruchsvoll designten Bogenglas- oder Flachglas-L\u00f6sungen realisieren. Bei Reparaturen oder Wartungsarbeiten erm\u00f6glicht diese Variante einen einfachen und sicheren Zugang zum Dach. Eine separat zu bestellende Steuereinheit und das im Lieferumfang enthaltene Schl\u00fcsselboxkontrollset gew\u00e4hrleisten Einklemm- und Durchsturzschutz.<\/p>\n<p align=\"JUSTIFY\"><a href=\"https:\/\/www.velux.ch\/de-ch\/fachkunden\/kampagne\/flachdachfenster?utm_source=website_architekturtechnik&amp;utm_medium=display&amp;utm_campaign=ch_campaign_frw_campaign_architect\" target=\"_blank\" rel=\"noopener\">www.velux.ch<\/a><\/p>\n<p align=\"JUSTIFY\">\n","protected":false},"excerpt":{"rendered":"<p>Geb\u00e4ude werden immer dichter, tiefer und komplexer. Nat\u00fcrliches Licht und frische Luft sind somit l\u00e4ngst keine optionalen Komfortfaktoren mehr, sondern integrale Bestandteile einer zukunftsorientierten Planung. Die modernen Flachdach-Fenster von Velux eignen sich dabei f\u00fcr alle Arten von Projekten. <\/p>\n","protected":false},"author":5,"featured_media":0,"comment_status":"closed","ping_status":"closed","sticky":false,"template":"","format":"standard","meta":{"_acf_changed":false,"pgc_sgb_lightbox_settings":"","footnotes":""},"categories":[20,21],"tags":[564,2984,2985,972],"class_list":["post-24723","post","type-post","status-publish","format-standard","hentry","category-intelligent-bauen","category-publireportage","tag-fassade","tag-flachdach-fenster","tag-glas-kuppel","tag-licht"],"acf":{"author":"Publireportage"},"yoast_head":"<!-- This site is optimized with the Yoast SEO plugin v28.4 - https:\/\/yoast.com\/product\/yoast-seo-wordpress\/ -->\n<title>Velux pr\u00e4sentiert Flachdach-Fenster mit Glas-Kuppel - fachbau.ch<\/title>\n<meta name=\"robots\" content=\"index, follow, max-snippet:-1, max-image-preview:large, max-video-preview:-1\" \/>\n<link rel=\"canonical\" href=\"https:\/\/www.fachbau.ch\/de\/publireportage\/2026-09-01\/velux-praesentiert-flachdach-fenster-mit-glas-kuppel\/\" \/>\n<meta property=\"og:locale\" content=\"de_DE\" \/>\n<meta property=\"og:type\" content=\"article\" \/>\n<meta property=\"og:title\" content=\"Velux pr\u00e4sentiert Flachdach-Fenster mit Glas-Kuppel - fachbau.ch\" \/>\n<meta property=\"og:description\" content=\"Geb\u00e4ude werden immer dichter, tiefer und komplexer. Nat\u00fcrliches Licht und frische Luft sind somit l\u00e4ngst keine optionalen Komfortfaktoren mehr, sondern integrale Bestandteile einer zukunftsorientierten Planung. Die modernen Flachdach-Fenster von Velux eignen sich dabei f\u00fcr alle Arten von Projekten.\" \/>\n<meta property=\"og:url\" content=\"https:\/\/www.fachbau.ch\/de\/publireportage\/2026-09-01\/velux-praesentiert-flachdach-fenster-mit-glas-kuppel\/\" \/>\n<meta property=\"og:site_name\" content=\"fachbau.ch\" \/>\n<meta property=\"article:published_time\" content=\"2026-09-01T08:37:05+00:00\" \/>\n<meta property=\"og:image\" content=\"https:\/\/www.fachbau.ch\/wp-content\/uploads\/2026\/08\/velux_online_03_fachbau.ch_-scaled.jpg\" \/>\n\t<meta property=\"og:image:width\" content=\"1400\" \/>\n\t<meta property=\"og:image:height\" content=\"1400\" \/>\n\t<meta property=\"og:image:type\" content=\"image\/jpeg\" \/>\n<meta name=\"author\" content=\"Werner M\u00fcller\" \/>\n<meta name=\"twitter:card\" content=\"summary_large_image\" \/>\n<meta name=\"twitter:label1\" content=\"Verfasst von\" \/>\n\t<meta name=\"twitter:data1\" content=\"Werner M\u00fcller\" \/>\n\t<meta name=\"twitter:label2\" content=\"Gesch\u00e4tzte Lesezeit\" \/>\n\t<meta name=\"twitter:data2\" content=\"4\u00a0Minuten\" \/>\n<script type=\"application\/ld+json\" class=\"yoast-schema-graph\">{\"@context\":\"https:\\\/\\\/schema.org\",\"@graph\":[{\"@type\":\"Article\",\"@id\":\"https:\\\/\\\/www.fachbau.ch\\\/publireportage\\\/2026-09-01\\\/velux-praesentiert-flachdach-fenster-mit-glas-kuppel\\\/#article\",\"isPartOf\":{\"@id\":\"https:\\\/\\\/www.fachbau.ch\\\/publireportage\\\/2026-09-01\\\/velux-praesentiert-flachdach-fenster-mit-glas-kuppel\\\/\"},\"author\":{\"name\":\"Werner M\u00fcller\",\"@id\":\"https:\\\/\\\/www.fachbau.ch\\\/#\\\/schema\\\/person\\\/bb0eb1f344631c91fbdc226d96121267\"},\"headline\":\"Velux pr\u00e4sentiert Flachdach-Fenster mit Glas-Kuppel\",\"datePublished\":\"2026-09-01T08:37:05+00:00\",\"mainEntityOfPage\":{\"@id\":\"https:\\\/\\\/www.fachbau.ch\\\/publireportage\\\/2026-09-01\\\/velux-praesentiert-flachdach-fenster-mit-glas-kuppel\\\/\"},\"wordCount\":547,\"publisher\":{\"@id\":\"https:\\\/\\\/www.fachbau.ch\\\/#organization\"},\"image\":{\"@id\":\"https:\\\/\\\/www.fachbau.ch\\\/publireportage\\\/2026-09-01\\\/velux-praesentiert-flachdach-fenster-mit-glas-kuppel\\\/#primaryimage\"},\"thumbnailUrl\":\"https:\\\/\\\/www.fachbau.ch\\\/wp-content\\\/uploads\\\/2026\\\/08\\\/velux_online_03_fachbau.ch_-680x680.jpg\",\"keywords\":[\"Fassade\",\"Flachdach-Fenster\",\"Glas-Kuppel\",\"Licht\"],\"articleSection\":[\"intelligent bauen\",\"Publireportage\"],\"inLanguage\":\"de\"},{\"@type\":\"WebPage\",\"@id\":\"https:\\\/\\\/www.fachbau.ch\\\/publireportage\\\/2026-09-01\\\/velux-praesentiert-flachdach-fenster-mit-glas-kuppel\\\/\",\"url\":\"https:\\\/\\\/www.fachbau.ch\\\/publireportage\\\/2026-09-01\\\/velux-praesentiert-flachdach-fenster-mit-glas-kuppel\\\/\",\"name\":\"Velux pr\u00e4sentiert Flachdach-Fenster mit Glas-Kuppel - fachbau.ch\",\"isPartOf\":{\"@id\":\"https:\\\/\\\/www.fachbau.ch\\\/#website\"},\"primaryImageOfPage\":{\"@id\":\"https:\\\/\\\/www.fachbau.ch\\\/publireportage\\\/2026-09-01\\\/velux-praesentiert-flachdach-fenster-mit-glas-kuppel\\\/#primaryimage\"},\"image\":{\"@id\":\"https:\\\/\\\/www.fachbau.ch\\\/publireportage\\\/2026-09-01\\\/velux-praesentiert-flachdach-fenster-mit-glas-kuppel\\\/#primaryimage\"},\"thumbnailUrl\":\"https:\\\/\\\/www.fachbau.ch\\\/wp-content\\\/uploads\\\/2026\\\/08\\\/velux_online_03_fachbau.ch_-680x680.jpg\",\"datePublished\":\"2026-09-01T08:37:05+00:00\",\"breadcrumb\":{\"@id\":\"https:\\\/\\\/www.fachbau.ch\\\/publireportage\\\/2026-09-01\\\/velux-praesentiert-flachdach-fenster-mit-glas-kuppel\\\/#breadcrumb\"},\"inLanguage\":\"de\",\"potentialAction\":[{\"@type\":\"ReadAction\",\"target\":[\"https:\\\/\\\/www.fachbau.ch\\\/publireportage\\\/2026-09-01\\\/velux-praesentiert-flachdach-fenster-mit-glas-kuppel\\\/\"]}]},{\"@type\":\"ImageObject\",\"inLanguage\":\"de\",\"@id\":\"https:\\\/\\\/www.fachbau.ch\\\/publireportage\\\/2026-09-01\\\/velux-praesentiert-flachdach-fenster-mit-glas-kuppel\\\/#primaryimage\",\"url\":\"https:\\\/\\\/www.fachbau.ch\\\/wp-content\\\/uploads\\\/2026\\\/08\\\/velux_online_03_fachbau.ch_-680x680.jpg\",\"contentUrl\":\"https:\\\/\\\/www.fachbau.ch\\\/wp-content\\\/uploads\\\/2026\\\/08\\\/velux_online_03_fachbau.ch_-680x680.jpg\"},{\"@type\":\"BreadcrumbList\",\"@id\":\"https:\\\/\\\/www.fachbau.ch\\\/publireportage\\\/2026-09-01\\\/velux-praesentiert-flachdach-fenster-mit-glas-kuppel\\\/#breadcrumb\",\"itemListElement\":[{\"@type\":\"ListItem\",\"position\":1,\"name\":\"Startseite\",\"item\":\"https:\\\/\\\/www.fachbau.ch\\\/\"},{\"@type\":\"ListItem\",\"position\":2,\"name\":\"Velux pr\u00e4sentiert Flachdach-Fenster mit Glas-Kuppel\"}]},{\"@type\":\"WebSite\",\"@id\":\"https:\\\/\\\/www.fachbau.ch\\\/#website\",\"url\":\"https:\\\/\\\/www.fachbau.ch\\\/\",\"name\":\"fachbau.ch\",\"description\":\"Modernes, nachhaltiges Bauen.\",\"publisher\":{\"@id\":\"https:\\\/\\\/www.fachbau.ch\\\/#organization\"},\"potentialAction\":[{\"@type\":\"SearchAction\",\"target\":{\"@type\":\"EntryPoint\",\"urlTemplate\":\"https:\\\/\\\/www.fachbau.ch\\\/?s={search_term_string}\"},\"query-input\":{\"@type\":\"PropertyValueSpecification\",\"valueRequired\":true,\"valueName\":\"search_term_string\"}}],\"inLanguage\":\"de\"},{\"@type\":\"Organization\",\"@id\":\"https:\\\/\\\/www.fachbau.ch\\\/#organization\",\"name\":\"fachbau.ch\",\"url\":\"https:\\\/\\\/www.fachbau.ch\\\/\",\"logo\":{\"@type\":\"ImageObject\",\"inLanguage\":\"de\",\"@id\":\"https:\\\/\\\/www.fachbau.ch\\\/#\\\/schema\\\/logo\\\/image\\\/\",\"url\":\"https:\\\/\\\/www.fachbau.ch\\\/wp-content\\\/uploads\\\/2021\\\/12\\\/Logo_fachbau_ch.png\",\"contentUrl\":\"https:\\\/\\\/www.fachbau.ch\\\/wp-content\\\/uploads\\\/2021\\\/12\\\/Logo_fachbau_ch.png\",\"width\":283,\"height\":42,\"caption\":\"fachbau.ch\"},\"image\":{\"@id\":\"https:\\\/\\\/www.fachbau.ch\\\/#\\\/schema\\\/logo\\\/image\\\/\"}},{\"@type\":\"Person\",\"@id\":\"https:\\\/\\\/www.fachbau.ch\\\/#\\\/schema\\\/person\\\/bb0eb1f344631c91fbdc226d96121267\",\"name\":\"Werner M\u00fcller\",\"image\":{\"@type\":\"ImageObject\",\"inLanguage\":\"de\",\"@id\":\"https:\\\/\\\/secure.gravatar.com\\\/avatar\\\/dd33b3abab5c30713718f3dc2fea531e32746a37961949ca60d33f09919fd018?s=96&d=mm&r=g\",\"url\":\"https:\\\/\\\/secure.gravatar.com\\\/avatar\\\/dd33b3abab5c30713718f3dc2fea531e32746a37961949ca60d33f09919fd018?s=96&d=mm&r=g\",\"contentUrl\":\"https:\\\/\\\/secure.gravatar.com\\\/avatar\\\/dd33b3abab5c30713718f3dc2fea531e32746a37961949ca60d33f09919fd018?s=96&d=mm&r=g\",\"caption\":\"Werner M\u00fcller\"},\"url\":\"https:\\\/\\\/www.fachbau.ch\\\/de\\\/author\\\/muewer\\\/\"}]}<\/script>\n<!-- \/ Yoast SEO plugin. -->","yoast_head_json":{"title":"Velux pr\u00e4sentiert Flachdach-Fenster mit Glas-Kuppel - fachbau.ch","robots":{"index":"index","follow":"follow","max-snippet":"max-snippet:-1","max-image-preview":"max-image-preview:large","max-video-preview":"max-video-preview:-1"},"canonical":"https:\/\/www.fachbau.ch\/de\/publireportage\/2026-09-01\/velux-praesentiert-flachdach-fenster-mit-glas-kuppel\/","og_locale":"de_DE","og_type":"article","og_title":"Velux pr\u00e4sentiert Flachdach-Fenster mit Glas-Kuppel - fachbau.ch","og_description":"Geb\u00e4ude werden immer dichter, tiefer und komplexer. Nat\u00fcrliches Licht und frische Luft sind somit l\u00e4ngst keine optionalen Komfortfaktoren mehr, sondern integrale Bestandteile einer zukunftsorientierten Planung. Die modernen Flachdach-Fenster von Velux eignen sich dabei f\u00fcr alle Arten von Projekten.","og_url":"https:\/\/www.fachbau.ch\/de\/publireportage\/2026-09-01\/velux-praesentiert-flachdach-fenster-mit-glas-kuppel\/","og_site_name":"fachbau.ch","article_published_time":"2026-09-01T08:37:05+00:00","og_image":[{"width":1400,"height":1400,"url":"https:\/\/www.fachbau.ch\/wp-content\/uploads\/2026\/08\/velux_online_03_fachbau.ch_-scaled.jpg","type":"image\/jpeg"}],"author":"Werner M\u00fcller","twitter_card":"summary_large_image","twitter_misc":{"Verfasst von":"Werner M\u00fcller","Gesch\u00e4tzte Lesezeit":"4\u00a0Minuten"},"schema":{"@context":"https:\/\/schema.org","@graph":[{"@type":"Article","@id":"https:\/\/www.fachbau.ch\/publireportage\/2026-09-01\/velux-praesentiert-flachdach-fenster-mit-glas-kuppel\/#article","isPartOf":{"@id":"https:\/\/www.fachbau.ch\/publireportage\/2026-09-01\/velux-praesentiert-flachdach-fenster-mit-glas-kuppel\/"},"author":{"name":"Werner M\u00fcller","@id":"https:\/\/www.fachbau.ch\/#\/schema\/person\/bb0eb1f344631c91fbdc226d96121267"},"headline":"Velux pr\u00e4sentiert Flachdach-Fenster mit Glas-Kuppel","datePublished":"2026-09-01T08:37:05+00:00","mainEntityOfPage":{"@id":"https:\/\/www.fachbau.ch\/publireportage\/2026-09-01\/velux-praesentiert-flachdach-fenster-mit-glas-kuppel\/"},"wordCount":547,"publisher":{"@id":"https:\/\/www.fachbau.ch\/#organization"},"image":{"@id":"https:\/\/www.fachbau.ch\/publireportage\/2026-09-01\/velux-praesentiert-flachdach-fenster-mit-glas-kuppel\/#primaryimage"},"thumbnailUrl":"https:\/\/www.fachbau.ch\/wp-content\/uploads\/2026\/08\/velux_online_03_fachbau.ch_-680x680.jpg","keywords":["Fassade","Flachdach-Fenster","Glas-Kuppel","Licht"],"articleSection":["intelligent bauen","Publireportage"],"inLanguage":"de"},{"@type":"WebPage","@id":"https:\/\/www.fachbau.ch\/publireportage\/2026-09-01\/velux-praesentiert-flachdach-fenster-mit-glas-kuppel\/","url":"https:\/\/www.fachbau.ch\/publireportage\/2026-09-01\/velux-praesentiert-flachdach-fenster-mit-glas-kuppel\/","name":"Velux pr\u00e4sentiert Flachdach-Fenster mit Glas-Kuppel - fachbau.ch","isPartOf":{"@id":"https:\/\/www.fachbau.ch\/#website"},"primaryImageOfPage":{"@id":"https:\/\/www.fachbau.ch\/publireportage\/2026-09-01\/velux-praesentiert-flachdach-fenster-mit-glas-kuppel\/#primaryimage"},"image":{"@id":"https:\/\/www.fachbau.ch\/publireportage\/2026-09-01\/velux-praesentiert-flachdach-fenster-mit-glas-kuppel\/#primaryimage"},"thumbnailUrl":"https:\/\/www.fachbau.ch\/wp-content\/uploads\/2026\/08\/velux_online_03_fachbau.ch_-680x680.jpg","datePublished":"2026-09-01T08:37:05+00:00","breadcrumb":{"@id":"https:\/\/www.fachbau.ch\/publireportage\/2026-09-01\/velux-praesentiert-flachdach-fenster-mit-glas-kuppel\/#breadcrumb"},"inLanguage":"de","potentialAction":[{"@type":"ReadAction","target":["https:\/\/www.fachbau.ch\/publireportage\/2026-09-01\/velux-praesentiert-flachdach-fenster-mit-glas-kuppel\/"]}]},{"@type":"ImageObject","inLanguage":"de","@id":"https:\/\/www.fachbau.ch\/publireportage\/2026-09-01\/velux-praesentiert-flachdach-fenster-mit-glas-kuppel\/#primaryimage","url":"https:\/\/www.fachbau.ch\/wp-content\/uploads\/2026\/08\/velux_online_03_fachbau.ch_-680x680.jpg","contentUrl":"https:\/\/www.fachbau.ch\/wp-content\/uploads\/2026\/08\/velux_online_03_fachbau.ch_-680x680.jpg"},{"@type":"BreadcrumbList","@id":"https:\/\/www.fachbau.ch\/publireportage\/2026-09-01\/velux-praesentiert-flachdach-fenster-mit-glas-kuppel\/#breadcrumb","itemListElement":[{"@type":"ListItem","position":1,"name":"Startseite","item":"https:\/\/www.fachbau.ch\/"},{"@type":"ListItem","position":2,"name":"Velux pr\u00e4sentiert Flachdach-Fenster mit Glas-Kuppel"}]},{"@type":"WebSite","@id":"https:\/\/www.fachbau.ch\/#website","url":"https:\/\/www.fachbau.ch\/","name":"fachbau.ch","description":"Modernes, nachhaltiges Bauen.","publisher":{"@id":"https:\/\/www.fachbau.ch\/#organization"},"potentialAction":[{"@type":"SearchAction","target":{"@type":"EntryPoint","urlTemplate":"https:\/\/www.fachbau.ch\/?s={search_term_string}"},"query-input":{"@type":"PropertyValueSpecification","valueRequired":true,"valueName":"search_term_string"}}],"inLanguage":"de"},{"@type":"Organization","@id":"https:\/\/www.fachbau.ch\/#organization","name":"fachbau.ch","url":"https:\/\/www.fachbau.ch\/","logo":{"@type":"ImageObject","inLanguage":"de","@id":"https:\/\/www.fachbau.ch\/#\/schema\/logo\/image\/","url":"https:\/\/www.fachbau.ch\/wp-content\/uploads\/2021\/12\/Logo_fachbau_ch.png","contentUrl":"https:\/\/www.fachbau.ch\/wp-content\/uploads\/2021\/12\/Logo_fachbau_ch.png","width":283,"height":42,"caption":"fachbau.ch"},"image":{"@id":"https:\/\/www.fachbau.ch\/#\/schema\/logo\/image\/"}},{"@type":"Person","@id":"https:\/\/www.fachbau.ch\/#\/schema\/person\/bb0eb1f344631c91fbdc226d96121267","name":"Werner M\u00fcller","image":{"@type":"ImageObject","inLanguage":"de","@id":"https:\/\/secure.gravatar.com\/avatar\/dd33b3abab5c30713718f3dc2fea531e32746a37961949ca60d33f09919fd018?s=96&d=mm&r=g","url":"https:\/\/secure.gravatar.com\/avatar\/dd33b3abab5c30713718f3dc2fea531e32746a37961949ca60d33f09919fd018?s=96&d=mm&r=g","contentUrl":"https:\/\/secure.gravatar.com\/avatar\/dd33b3abab5c30713718f3dc2fea531e32746a37961949ca60d33f09919fd018?s=96&d=mm&r=g","caption":"Werner M\u00fcller"},"url":"https:\/\/www.fachbau.ch\/de\/author\/muewer\/"}]}},"_links":{"self":[{"href":"https:\/\/www.fachbau.ch\/de\/wp-json\/wp\/v2\/posts\/24723","targetHints":{"allow":["GET"]}}],"collection":[{"href":"https:\/\/www.fachbau.ch\/de\/wp-json\/wp\/v2\/posts"}],"about":[{"href":"https:\/\/www.fachbau.ch\/de\/wp-json\/wp\/v2\/types\/post"}],"author":[{"embeddable":true,"href":"https:\/\/www.fachbau.ch\/de\/wp-json\/wp\/v2\/users\/5"}],"replies":[{"embeddable":true,"href":"https:\/\/www.fachbau.ch\/de\/wp-json\/wp\/v2\/comments?post=24723"}],"version-history":[{"count":1,"href":"https:\/\/www.fachbau.ch\/de\/wp-json\/wp\/v2\/posts\/24723\/revisions"}],"predecessor-version":[{"id":24728,"href":"https:\/\/www.fachbau.ch\/de\/wp-json\/wp\/v2\/posts\/24723\/revisions\/24728"}],"wp:attachment":[{"href":"https:\/\/www.fachbau.ch\/de\/wp-json\/wp\/v2\/media?parent=24723"}],"wp:term":[{"taxonomy":"category","embeddable":true,"href":"https:\/\/www.fachbau.ch\/de\/wp-json\/wp\/v2\/categories?post=24723"},{"taxonomy":"post_tag","embeddable":true,"href":"https:\/\/www.fachbau.ch\/de\/wp-json\/wp\/v2\/tags?post=24723"}],"curies":[{"name":"wp","href":"https:\/\/api.w.org\/{rel}","templated":true}]}}