{"id":24719,"date":"2026-09-01T10:38:04","date_gmt":"2026-09-01T08:38:04","guid":{"rendered":"https:\/\/www.fachbau.ch\/?p=24719"},"modified":"2026-09-01T10:38:04","modified_gmt":"2026-09-01T08:38:04","slug":"gebaeudeautomation-neu-durchdacht","status":"publish","type":"post","link":"https:\/\/www.fachbau.ch\/de\/publireportage\/2026-09-01\/gebaeudeautomation-neu-durchdacht\/","title":{"rendered":"Geb\u00e4udeautomation neu durchdacht"},"content":{"rendered":"<figure id=\"attachment_24720\" aria-describedby=\"caption-attachment-24720\" style=\"width: 680px\" class=\"wp-caption alignnone\"><img decoding=\"async\" class=\"wp-image-24720 size-medium\" src=\"https:\/\/www.fachbau.ch\/wp-content\/uploads\/2026\/08\/schneider_ebo_01_fachbau.ch_-680x358.jpg\" alt=\"\" width=\"680\" height=\"358\" srcset=\"https:\/\/www.fachbau.ch\/wp-content\/uploads\/2026\/08\/schneider_ebo_01_fachbau.ch_-680x358.jpg 680w, https:\/\/www.fachbau.ch\/wp-content\/uploads\/2026\/08\/schneider_ebo_01_fachbau.ch_-1024x539.jpg 1024w, https:\/\/www.fachbau.ch\/wp-content\/uploads\/2026\/08\/schneider_ebo_01_fachbau.ch_-768x404.jpg 768w, https:\/\/www.fachbau.ch\/wp-content\/uploads\/2026\/08\/schneider_ebo_01_fachbau.ch_-18x9.jpg 18w, https:\/\/www.fachbau.ch\/wp-content\/uploads\/2026\/08\/schneider_ebo_01_fachbau.ch_-375x197.jpg 375w, https:\/\/www.fachbau.ch\/wp-content\/uploads\/2026\/08\/schneider_ebo_01_fachbau.ch_-665x350.jpg 665w, https:\/\/www.fachbau.ch\/wp-content\/uploads\/2026\/08\/schneider_ebo_01_fachbau.ch_-1000x526.jpg 1000w, https:\/\/www.fachbau.ch\/wp-content\/uploads\/2026\/08\/schneider_ebo_01_fachbau.ch_.jpg 1347w\" sizes=\"(max-width: 680px) 100vw, 680px\" \/><figcaption id=\"caption-attachment-24720\" class=\"wp-caption-text\">Durch die Unterst\u00fctzung offener Standards wie BACnet, Modbus und MQTT bleibt die L\u00f6sung langfristig interoperabel.<\/figcaption><\/figure>\n<p><span style=\"font-family: Times New Roman, serif;\"><span style=\"font-size: large;\">Viele bestehende Geb\u00e4udeautomationsl\u00f6sungen stossen dabei an ihre Grenzen: geschlossene Architekturen, unzureichende Leistung, Integrationsschwierigkeiten, schwache Cybersicherheit und mangelnde Transparenz bei Betriebsdaten sind allesamt Risiken f\u00fcr den zuk\u00fcnftigen Betrieb der Geb\u00e4ude. <\/span><\/span><span style=\"font-family: Times New Roman, serif;\"><span style=\"font-size: large;\">Mit EcoStruxure Building Operation 7 und dem SpaceLogic Automation Server AS-P V3 bietet Schneider Electric eine moderne, offene und skalierbare Plattform f\u00fcr die Geb\u00e4udeautomation. Die L\u00f6sung unterst\u00fctzt Planer, Integratoren und Betreiber dabei, Geb\u00e4ude effizienter, nachhaltiger und widerstandsf\u00e4higer zu gestalten.<\/span><\/span><\/p>\n<p><strong><span style=\"font-family: Times New Roman, serif;\"><span style=\"font-size: large;\">F\u00fcnfmal h\u00f6here Datenverarbeitungsgeschwindigkeit<\/span><\/span><\/strong><\/p>\n<p><span style=\"font-family: Times New Roman, serif;\"><span style=\"font-size: large;\">Im Zentrum steht der neue SpaceLogic Automation Server AS-P V3. Dank einer bis zu f\u00fcnfmal h\u00f6heren Datenverarbeitungsgeschwindigkeit k\u00f6nnen geb\u00e4udetechnische Anlagen wie Heizung, L\u00fcftung und Klima noch effizienter \u00fcberwacht und gesteuert werden. Die leistungsstarke Dual-Core-Architektur sorgt daf\u00fcr, dass wichtige Automationsfunktionen auch bei Netzwerkunterbr\u00fcchen lokal weiterlaufen. Gleichzeitig schafft sie die Grundlage f\u00fcr zuk\u00fcnftige Anwendungen wie K\u00fcnstliche Intelligenz oder Machine Learning zur Optimierung von Energieverbrauch und Betriebsabl\u00e4ufen.<\/span><\/span><\/p>\n<p><img decoding=\"async\" class=\"wp-image-24721 size-medium\" style=\"font-family: 'Times New Roman', serif; font-size: large;\" src=\"https:\/\/www.fachbau.ch\/wp-content\/uploads\/2026\/08\/schneider_ebo_02_fachbau.ch_-680x680.jpg\" alt=\"\" width=\"680\" height=\"680\" srcset=\"https:\/\/www.fachbau.ch\/wp-content\/uploads\/2026\/08\/schneider_ebo_02_fachbau.ch_-680x680.jpg 680w, https:\/\/www.fachbau.ch\/wp-content\/uploads\/2026\/08\/schneider_ebo_02_fachbau.ch_-1024x1024.jpg 1024w, https:\/\/www.fachbau.ch\/wp-content\/uploads\/2026\/08\/schneider_ebo_02_fachbau.ch_-150x150.jpg 150w, https:\/\/www.fachbau.ch\/wp-content\/uploads\/2026\/08\/schneider_ebo_02_fachbau.ch_-768x768.jpg 768w, https:\/\/www.fachbau.ch\/wp-content\/uploads\/2026\/08\/schneider_ebo_02_fachbau.ch_-12x12.jpg 12w, https:\/\/www.fachbau.ch\/wp-content\/uploads\/2026\/08\/schneider_ebo_02_fachbau.ch_-300x300.jpg 300w, https:\/\/www.fachbau.ch\/wp-content\/uploads\/2026\/08\/schneider_ebo_02_fachbau.ch_-350x350.jpg 350w, https:\/\/www.fachbau.ch\/wp-content\/uploads\/2026\/08\/schneider_ebo_02_fachbau.ch_-800x800.jpg 800w, https:\/\/www.fachbau.ch\/wp-content\/uploads\/2026\/08\/schneider_ebo_02_fachbau.ch_-250x250.jpg 250w, https:\/\/www.fachbau.ch\/wp-content\/uploads\/2026\/08\/schneider_ebo_02_fachbau.ch_.jpg 1080w\" sizes=\"(max-width: 680px) 100vw, 680px\" \/><\/p>\n<p>Die Geb\u00e4udeautomatikl\u00f6sung unterst\u00fctzt Planer, Integratoren und Betreiber dabei, Geb\u00e4ude effizienter, nachhaltiger und widerstandsf\u00e4higer zu gestalten.<span style=\"font-family: Times New Roman, serif;\"><span style=\"font-size: large;\">EcoStruxure Building Operation 7 basiert auf einer offenen, IP-f\u00e4higen Plattform und eignet sich sowohl f\u00fcr Neubauten als auch f\u00fcr Modernisierungs- und Erweiterungsprojekte. Flexible Visualisierungen, mobile Zugriffsm\u00f6glichkeiten und die nahtlose Einbindung von Drittsystemen erleichtern den Betrieb komplexer Geb\u00e4udeinfrastrukturen. Erweiterte Engineering-Tools unterst\u00fctzen eine effiziente Planung und Inbetriebnahme und tragen dazu bei, Projektlaufzeiten zu reduzieren. Dank vereinfachtem Lizenzmodell erfolgt die Aktivierung in wenigen Minuten, w\u00e4hrend alle Lizenzen zentral \u00fcber ein einheitliches Portal verwaltet werden k\u00f6nnen. Dies reduziert den administrativen Aufwand und schafft zus\u00e4tzliche Transparenz \u00fcber mehrere Standorte hinweg.<\/span><\/span><\/p>\n<p><strong><span style=\"font-family: Times New Roman, serif;\"><span style=\"font-size: large;\">Geb\u00e4udeautomation wird zum strategischen Werkzeug<\/span><\/span><\/strong><\/p>\n<p><span style=\"font-family: Times New Roman, serif;\"><span style=\"font-size: large;\">Durch die Unterst\u00fctzung offener Standards wie BACnet, Modbus und MQTT bleibt die L\u00f6sung langfristig interoperabel und sch\u00fctzt bestehende Investitionen. Gleichzeitig erm\u00f6glicht die Integration in das EcoStruxure-\u00d6kosystem eine umfassende Nutzung von Geb\u00e4udedaten f\u00fcr Echtzeit-Monitoring, Performanceanalysen und Energieoptimierung sowie erh\u00f6hte Cybersicherheit. <\/span><\/span><span style=\"font-family: Times New Roman, serif;\"><span style=\"font-size: large;\">Mit EcoStruxure Building Operation 7 und dem SpaceLogic Automation Server ASP Gen 3 wird Geb\u00e4udeautomation zum strategischen Werkzeug f\u00fcr mehr Effizienz, Nachhaltigkeit und Betriebssicherheit. Eine zukunftsorientierte L\u00f6sung f\u00fcr die Herausforderungen moderner Geb\u00e4ude und eine intelligente Grundlage f\u00fcr die digitale Transformation in der Geb\u00e4udetechnik.<\/span><\/span><\/p>\n<p><a href=\"http:\/\/se.com\" target=\"_blank\" rel=\"noopener\"><strong><span style=\"font-family: Times New Roman, serif;\"><span style=\"font-size: large;\">se.com<\/span><\/span><\/strong><\/a><\/p>\n","protected":false},"excerpt":{"rendered":"<p>Die Anforderungen an moderne Geb\u00e4ude steigen kontinuierlich. Betreiber m\u00fcssen Energieeffizienz, Betriebssicherheit und Cybersicherheit gew\u00e4hrleisten, w\u00e4hrend Geb\u00e4ude zunehmend vernetzt und technische Systeme immer komplexer werden. <\/p>\n","protected":false},"author":5,"featured_media":0,"comment_status":"closed","ping_status":"closed","sticky":false,"template":"","format":"standard","meta":{"_acf_changed":false,"pgc_sgb_lightbox_settings":"","footnotes":""},"categories":[20,21],"tags":[2983,639,2982],"class_list":["post-24719","post","type-post","status-publish","format-standard","hentry","category-intelligent-bauen","category-publireportage","tag-engineering-tool","tag-gebaeudeautomation","tag-offene-standards"],"acf":{"author":"Publireportage"},"yoast_head":"<!-- This site is optimized with the Yoast SEO plugin v28.4 - https:\/\/yoast.com\/product\/yoast-seo-wordpress\/ -->\n<title>Geb\u00e4udeautomation neu durchdacht - fachbau.ch<\/title>\n<meta name=\"robots\" content=\"index, follow, max-snippet:-1, max-image-preview:large, max-video-preview:-1\" \/>\n<link rel=\"canonical\" href=\"https:\/\/www.fachbau.ch\/de\/publireportage\/2026-09-01\/gebaeudeautomation-neu-durchdacht\/\" \/>\n<meta property=\"og:locale\" content=\"de_DE\" \/>\n<meta property=\"og:type\" content=\"article\" \/>\n<meta property=\"og:title\" content=\"Geb\u00e4udeautomation neu durchdacht - fachbau.ch\" \/>\n<meta property=\"og:description\" content=\"Die Anforderungen an moderne Geb\u00e4ude steigen kontinuierlich. Betreiber m\u00fcssen Energieeffizienz, Betriebssicherheit und Cybersicherheit gew\u00e4hrleisten, w\u00e4hrend Geb\u00e4ude zunehmend vernetzt und technische Systeme immer komplexer werden.\" \/>\n<meta property=\"og:url\" content=\"https:\/\/www.fachbau.ch\/de\/publireportage\/2026-09-01\/gebaeudeautomation-neu-durchdacht\/\" \/>\n<meta property=\"og:site_name\" content=\"fachbau.ch\" \/>\n<meta property=\"article:published_time\" content=\"2026-09-01T08:38:04+00:00\" \/>\n<meta property=\"og:image\" content=\"https:\/\/www.fachbau.ch\/wp-content\/uploads\/2026\/08\/schneider_ebo_01_fachbau.ch_.jpg\" \/>\n\t<meta property=\"og:image:width\" content=\"1347\" \/>\n\t<meta property=\"og:image:height\" content=\"709\" \/>\n\t<meta property=\"og:image:type\" content=\"image\/jpeg\" \/>\n<meta name=\"author\" content=\"Werner M\u00fcller\" \/>\n<meta name=\"twitter:card\" content=\"summary_large_image\" \/>\n<meta name=\"twitter:label1\" content=\"Verfasst von\" \/>\n\t<meta name=\"twitter:data1\" content=\"Werner M\u00fcller\" \/>\n\t<meta name=\"twitter:label2\" content=\"Gesch\u00e4tzte Lesezeit\" \/>\n\t<meta name=\"twitter:data2\" content=\"3\u00a0Minuten\" \/>\n<script type=\"application\/ld+json\" class=\"yoast-schema-graph\">{\"@context\":\"https:\\\/\\\/schema.org\",\"@graph\":[{\"@type\":\"Article\",\"@id\":\"https:\\\/\\\/www.fachbau.ch\\\/publireportage\\\/2026-09-01\\\/gebaeudeautomation-neu-durchdacht\\\/#article\",\"isPartOf\":{\"@id\":\"https:\\\/\\\/www.fachbau.ch\\\/publireportage\\\/2026-09-01\\\/gebaeudeautomation-neu-durchdacht\\\/\"},\"author\":{\"name\":\"Werner M\u00fcller\",\"@id\":\"https:\\\/\\\/www.fachbau.ch\\\/#\\\/schema\\\/person\\\/bb0eb1f344631c91fbdc226d96121267\"},\"headline\":\"Geb\u00e4udeautomation neu durchdacht\",\"datePublished\":\"2026-09-01T08:38:04+00:00\",\"mainEntityOfPage\":{\"@id\":\"https:\\\/\\\/www.fachbau.ch\\\/publireportage\\\/2026-09-01\\\/gebaeudeautomation-neu-durchdacht\\\/\"},\"wordCount\":402,\"publisher\":{\"@id\":\"https:\\\/\\\/www.fachbau.ch\\\/#organization\"},\"image\":{\"@id\":\"https:\\\/\\\/www.fachbau.ch\\\/publireportage\\\/2026-09-01\\\/gebaeudeautomation-neu-durchdacht\\\/#primaryimage\"},\"thumbnailUrl\":\"https:\\\/\\\/www.fachbau.ch\\\/wp-content\\\/uploads\\\/2026\\\/08\\\/schneider_ebo_01_fachbau.ch_-680x358.jpg\",\"keywords\":[\"Engineering-Tool\",\"Geb\u00e4udeautomation\",\"Offene Standards\"],\"articleSection\":[\"intelligent bauen\",\"Publireportage\"],\"inLanguage\":\"de\"},{\"@type\":\"WebPage\",\"@id\":\"https:\\\/\\\/www.fachbau.ch\\\/publireportage\\\/2026-09-01\\\/gebaeudeautomation-neu-durchdacht\\\/\",\"url\":\"https:\\\/\\\/www.fachbau.ch\\\/publireportage\\\/2026-09-01\\\/gebaeudeautomation-neu-durchdacht\\\/\",\"name\":\"Geb\u00e4udeautomation neu durchdacht - fachbau.ch\",\"isPartOf\":{\"@id\":\"https:\\\/\\\/www.fachbau.ch\\\/#website\"},\"primaryImageOfPage\":{\"@id\":\"https:\\\/\\\/www.fachbau.ch\\\/publireportage\\\/2026-09-01\\\/gebaeudeautomation-neu-durchdacht\\\/#primaryimage\"},\"image\":{\"@id\":\"https:\\\/\\\/www.fachbau.ch\\\/publireportage\\\/2026-09-01\\\/gebaeudeautomation-neu-durchdacht\\\/#primaryimage\"},\"thumbnailUrl\":\"https:\\\/\\\/www.fachbau.ch\\\/wp-content\\\/uploads\\\/2026\\\/08\\\/schneider_ebo_01_fachbau.ch_-680x358.jpg\",\"datePublished\":\"2026-09-01T08:38:04+00:00\",\"breadcrumb\":{\"@id\":\"https:\\\/\\\/www.fachbau.ch\\\/publireportage\\\/2026-09-01\\\/gebaeudeautomation-neu-durchdacht\\\/#breadcrumb\"},\"inLanguage\":\"de\",\"potentialAction\":[{\"@type\":\"ReadAction\",\"target\":[\"https:\\\/\\\/www.fachbau.ch\\\/publireportage\\\/2026-09-01\\\/gebaeudeautomation-neu-durchdacht\\\/\"]}]},{\"@type\":\"ImageObject\",\"inLanguage\":\"de\",\"@id\":\"https:\\\/\\\/www.fachbau.ch\\\/publireportage\\\/2026-09-01\\\/gebaeudeautomation-neu-durchdacht\\\/#primaryimage\",\"url\":\"https:\\\/\\\/www.fachbau.ch\\\/wp-content\\\/uploads\\\/2026\\\/08\\\/schneider_ebo_01_fachbau.ch_-680x358.jpg\",\"contentUrl\":\"https:\\\/\\\/www.fachbau.ch\\\/wp-content\\\/uploads\\\/2026\\\/08\\\/schneider_ebo_01_fachbau.ch_-680x358.jpg\"},{\"@type\":\"BreadcrumbList\",\"@id\":\"https:\\\/\\\/www.fachbau.ch\\\/publireportage\\\/2026-09-01\\\/gebaeudeautomation-neu-durchdacht\\\/#breadcrumb\",\"itemListElement\":[{\"@type\":\"ListItem\",\"position\":1,\"name\":\"Startseite\",\"item\":\"https:\\\/\\\/www.fachbau.ch\\\/\"},{\"@type\":\"ListItem\",\"position\":2,\"name\":\"Geb\u00e4udeautomation neu durchdacht\"}]},{\"@type\":\"WebSite\",\"@id\":\"https:\\\/\\\/www.fachbau.ch\\\/#website\",\"url\":\"https:\\\/\\\/www.fachbau.ch\\\/\",\"name\":\"fachbau.ch\",\"description\":\"Modernes, nachhaltiges Bauen.\",\"publisher\":{\"@id\":\"https:\\\/\\\/www.fachbau.ch\\\/#organization\"},\"potentialAction\":[{\"@type\":\"SearchAction\",\"target\":{\"@type\":\"EntryPoint\",\"urlTemplate\":\"https:\\\/\\\/www.fachbau.ch\\\/?s={search_term_string}\"},\"query-input\":{\"@type\":\"PropertyValueSpecification\",\"valueRequired\":true,\"valueName\":\"search_term_string\"}}],\"inLanguage\":\"de\"},{\"@type\":\"Organization\",\"@id\":\"https:\\\/\\\/www.fachbau.ch\\\/#organization\",\"name\":\"fachbau.ch\",\"url\":\"https:\\\/\\\/www.fachbau.ch\\\/\",\"logo\":{\"@type\":\"ImageObject\",\"inLanguage\":\"de\",\"@id\":\"https:\\\/\\\/www.fachbau.ch\\\/#\\\/schema\\\/logo\\\/image\\\/\",\"url\":\"https:\\\/\\\/www.fachbau.ch\\\/wp-content\\\/uploads\\\/2021\\\/12\\\/Logo_fachbau_ch.png\",\"contentUrl\":\"https:\\\/\\\/www.fachbau.ch\\\/wp-content\\\/uploads\\\/2021\\\/12\\\/Logo_fachbau_ch.png\",\"width\":283,\"height\":42,\"caption\":\"fachbau.ch\"},\"image\":{\"@id\":\"https:\\\/\\\/www.fachbau.ch\\\/#\\\/schema\\\/logo\\\/image\\\/\"}},{\"@type\":\"Person\",\"@id\":\"https:\\\/\\\/www.fachbau.ch\\\/#\\\/schema\\\/person\\\/bb0eb1f344631c91fbdc226d96121267\",\"name\":\"Werner M\u00fcller\",\"image\":{\"@type\":\"ImageObject\",\"inLanguage\":\"de\",\"@id\":\"https:\\\/\\\/secure.gravatar.com\\\/avatar\\\/dd33b3abab5c30713718f3dc2fea531e32746a37961949ca60d33f09919fd018?s=96&d=mm&r=g\",\"url\":\"https:\\\/\\\/secure.gravatar.com\\\/avatar\\\/dd33b3abab5c30713718f3dc2fea531e32746a37961949ca60d33f09919fd018?s=96&d=mm&r=g\",\"contentUrl\":\"https:\\\/\\\/secure.gravatar.com\\\/avatar\\\/dd33b3abab5c30713718f3dc2fea531e32746a37961949ca60d33f09919fd018?s=96&d=mm&r=g\",\"caption\":\"Werner M\u00fcller\"},\"url\":\"https:\\\/\\\/www.fachbau.ch\\\/de\\\/author\\\/muewer\\\/\"}]}<\/script>\n<!-- \/ Yoast SEO plugin. -->","yoast_head_json":{"title":"Geb\u00e4udeautomation neu durchdacht - fachbau.ch","robots":{"index":"index","follow":"follow","max-snippet":"max-snippet:-1","max-image-preview":"max-image-preview:large","max-video-preview":"max-video-preview:-1"},"canonical":"https:\/\/www.fachbau.ch\/de\/publireportage\/2026-09-01\/gebaeudeautomation-neu-durchdacht\/","og_locale":"de_DE","og_type":"article","og_title":"Geb\u00e4udeautomation neu durchdacht - fachbau.ch","og_description":"Die Anforderungen an moderne Geb\u00e4ude steigen kontinuierlich. Betreiber m\u00fcssen Energieeffizienz, Betriebssicherheit und Cybersicherheit gew\u00e4hrleisten, w\u00e4hrend Geb\u00e4ude zunehmend vernetzt und technische Systeme immer komplexer werden.","og_url":"https:\/\/www.fachbau.ch\/de\/publireportage\/2026-09-01\/gebaeudeautomation-neu-durchdacht\/","og_site_name":"fachbau.ch","article_published_time":"2026-09-01T08:38:04+00:00","og_image":[{"width":1347,"height":709,"url":"https:\/\/www.fachbau.ch\/wp-content\/uploads\/2026\/08\/schneider_ebo_01_fachbau.ch_.jpg","type":"image\/jpeg"}],"author":"Werner M\u00fcller","twitter_card":"summary_large_image","twitter_misc":{"Verfasst von":"Werner M\u00fcller","Gesch\u00e4tzte Lesezeit":"3\u00a0Minuten"},"schema":{"@context":"https:\/\/schema.org","@graph":[{"@type":"Article","@id":"https:\/\/www.fachbau.ch\/publireportage\/2026-09-01\/gebaeudeautomation-neu-durchdacht\/#article","isPartOf":{"@id":"https:\/\/www.fachbau.ch\/publireportage\/2026-09-01\/gebaeudeautomation-neu-durchdacht\/"},"author":{"name":"Werner M\u00fcller","@id":"https:\/\/www.fachbau.ch\/#\/schema\/person\/bb0eb1f344631c91fbdc226d96121267"},"headline":"Geb\u00e4udeautomation neu durchdacht","datePublished":"2026-09-01T08:38:04+00:00","mainEntityOfPage":{"@id":"https:\/\/www.fachbau.ch\/publireportage\/2026-09-01\/gebaeudeautomation-neu-durchdacht\/"},"wordCount":402,"publisher":{"@id":"https:\/\/www.fachbau.ch\/#organization"},"image":{"@id":"https:\/\/www.fachbau.ch\/publireportage\/2026-09-01\/gebaeudeautomation-neu-durchdacht\/#primaryimage"},"thumbnailUrl":"https:\/\/www.fachbau.ch\/wp-content\/uploads\/2026\/08\/schneider_ebo_01_fachbau.ch_-680x358.jpg","keywords":["Engineering-Tool","Geb\u00e4udeautomation","Offene Standards"],"articleSection":["intelligent bauen","Publireportage"],"inLanguage":"de"},{"@type":"WebPage","@id":"https:\/\/www.fachbau.ch\/publireportage\/2026-09-01\/gebaeudeautomation-neu-durchdacht\/","url":"https:\/\/www.fachbau.ch\/publireportage\/2026-09-01\/gebaeudeautomation-neu-durchdacht\/","name":"Geb\u00e4udeautomation neu durchdacht - fachbau.ch","isPartOf":{"@id":"https:\/\/www.fachbau.ch\/#website"},"primaryImageOfPage":{"@id":"https:\/\/www.fachbau.ch\/publireportage\/2026-09-01\/gebaeudeautomation-neu-durchdacht\/#primaryimage"},"image":{"@id":"https:\/\/www.fachbau.ch\/publireportage\/2026-09-01\/gebaeudeautomation-neu-durchdacht\/#primaryimage"},"thumbnailUrl":"https:\/\/www.fachbau.ch\/wp-content\/uploads\/2026\/08\/schneider_ebo_01_fachbau.ch_-680x358.jpg","datePublished":"2026-09-01T08:38:04+00:00","breadcrumb":{"@id":"https:\/\/www.fachbau.ch\/publireportage\/2026-09-01\/gebaeudeautomation-neu-durchdacht\/#breadcrumb"},"inLanguage":"de","potentialAction":[{"@type":"ReadAction","target":["https:\/\/www.fachbau.ch\/publireportage\/2026-09-01\/gebaeudeautomation-neu-durchdacht\/"]}]},{"@type":"ImageObject","inLanguage":"de","@id":"https:\/\/www.fachbau.ch\/publireportage\/2026-09-01\/gebaeudeautomation-neu-durchdacht\/#primaryimage","url":"https:\/\/www.fachbau.ch\/wp-content\/uploads\/2026\/08\/schneider_ebo_01_fachbau.ch_-680x358.jpg","contentUrl":"https:\/\/www.fachbau.ch\/wp-content\/uploads\/2026\/08\/schneider_ebo_01_fachbau.ch_-680x358.jpg"},{"@type":"BreadcrumbList","@id":"https:\/\/www.fachbau.ch\/publireportage\/2026-09-01\/gebaeudeautomation-neu-durchdacht\/#breadcrumb","itemListElement":[{"@type":"ListItem","position":1,"name":"Startseite","item":"https:\/\/www.fachbau.ch\/"},{"@type":"ListItem","position":2,"name":"Geb\u00e4udeautomation neu durchdacht"}]},{"@type":"WebSite","@id":"https:\/\/www.fachbau.ch\/#website","url":"https:\/\/www.fachbau.ch\/","name":"fachbau.ch","description":"Modernes, nachhaltiges Bauen.","publisher":{"@id":"https:\/\/www.fachbau.ch\/#organization"},"potentialAction":[{"@type":"SearchAction","target":{"@type":"EntryPoint","urlTemplate":"https:\/\/www.fachbau.ch\/?s={search_term_string}"},"query-input":{"@type":"PropertyValueSpecification","valueRequired":true,"valueName":"search_term_string"}}],"inLanguage":"de"},{"@type":"Organization","@id":"https:\/\/www.fachbau.ch\/#organization","name":"fachbau.ch","url":"https:\/\/www.fachbau.ch\/","logo":{"@type":"ImageObject","inLanguage":"de","@id":"https:\/\/www.fachbau.ch\/#\/schema\/logo\/image\/","url":"https:\/\/www.fachbau.ch\/wp-content\/uploads\/2021\/12\/Logo_fachbau_ch.png","contentUrl":"https:\/\/www.fachbau.ch\/wp-content\/uploads\/2021\/12\/Logo_fachbau_ch.png","width":283,"height":42,"caption":"fachbau.ch"},"image":{"@id":"https:\/\/www.fachbau.ch\/#\/schema\/logo\/image\/"}},{"@type":"Person","@id":"https:\/\/www.fachbau.ch\/#\/schema\/person\/bb0eb1f344631c91fbdc226d96121267","name":"Werner M\u00fcller","image":{"@type":"ImageObject","inLanguage":"de","@id":"https:\/\/secure.gravatar.com\/avatar\/dd33b3abab5c30713718f3dc2fea531e32746a37961949ca60d33f09919fd018?s=96&d=mm&r=g","url":"https:\/\/secure.gravatar.com\/avatar\/dd33b3abab5c30713718f3dc2fea531e32746a37961949ca60d33f09919fd018?s=96&d=mm&r=g","contentUrl":"https:\/\/secure.gravatar.com\/avatar\/dd33b3abab5c30713718f3dc2fea531e32746a37961949ca60d33f09919fd018?s=96&d=mm&r=g","caption":"Werner M\u00fcller"},"url":"https:\/\/www.fachbau.ch\/de\/author\/muewer\/"}]}},"_links":{"self":[{"href":"https:\/\/www.fachbau.ch\/de\/wp-json\/wp\/v2\/posts\/24719","targetHints":{"allow":["GET"]}}],"collection":[{"href":"https:\/\/www.fachbau.ch\/de\/wp-json\/wp\/v2\/posts"}],"about":[{"href":"https:\/\/www.fachbau.ch\/de\/wp-json\/wp\/v2\/types\/post"}],"author":[{"embeddable":true,"href":"https:\/\/www.fachbau.ch\/de\/wp-json\/wp\/v2\/users\/5"}],"replies":[{"embeddable":true,"href":"https:\/\/www.fachbau.ch\/de\/wp-json\/wp\/v2\/comments?post=24719"}],"version-history":[{"count":1,"href":"https:\/\/www.fachbau.ch\/de\/wp-json\/wp\/v2\/posts\/24719\/revisions"}],"predecessor-version":[{"id":24722,"href":"https:\/\/www.fachbau.ch\/de\/wp-json\/wp\/v2\/posts\/24719\/revisions\/24722"}],"wp:attachment":[{"href":"https:\/\/www.fachbau.ch\/de\/wp-json\/wp\/v2\/media?parent=24719"}],"wp:term":[{"taxonomy":"category","embeddable":true,"href":"https:\/\/www.fachbau.ch\/de\/wp-json\/wp\/v2\/categories?post=24719"},{"taxonomy":"post_tag","embeddable":true,"href":"https:\/\/www.fachbau.ch\/de\/wp-json\/wp\/v2\/tags?post=24719"}],"curies":[{"name":"wp","href":"https:\/\/api.w.org\/{rel}","templated":true}]}}