{"id":23993,"date":"2026-04-30T15:45:21","date_gmt":"2026-04-30T13:45:21","guid":{"rendered":"https:\/\/www.fachbau.ch\/?p=23993"},"modified":"2026-04-30T15:45:21","modified_gmt":"2026-04-30T13:45:21","slug":"bremgarten-ag-stadt-zeigt-die-plaene-fuer-das-bahnhofareal","status":"publish","type":"post","link":"https:\/\/www.fachbau.ch\/de\/intelligent-bauen\/2026-04-30\/bremgarten-ag-stadt-zeigt-die-plaene-fuer-das-bahnhofareal\/","title":{"rendered":"Bremgarten AG: Stadt zeigt die Pl\u00e4ne f\u00fcr das Bahnhofareal"},"content":{"rendered":"<figure id=\"attachment_23996\" aria-describedby=\"caption-attachment-23996\" style=\"width: 680px\" class=\"wp-caption alignnone\"><img loading=\"lazy\" decoding=\"async\" class=\"wp-image-23996 size-medium\" src=\"https:\/\/www.fachbau.ch\/wp-content\/uploads\/2026\/04\/bremgarten_01_fachbau.ch_-680x501.jpg\" alt=\"\" width=\"680\" height=\"501\" srcset=\"https:\/\/www.fachbau.ch\/wp-content\/uploads\/2026\/04\/bremgarten_01_fachbau.ch_-680x501.jpg 680w, https:\/\/www.fachbau.ch\/wp-content\/uploads\/2026\/04\/bremgarten_01_fachbau.ch_-16x12.jpg 16w, https:\/\/www.fachbau.ch\/wp-content\/uploads\/2026\/04\/bremgarten_01_fachbau.ch_-375x276.jpg 375w, https:\/\/www.fachbau.ch\/wp-content\/uploads\/2026\/04\/bremgarten_01_fachbau.ch_-475x350.jpg 475w, https:\/\/www.fachbau.ch\/wp-content\/uploads\/2026\/04\/bremgarten_01_fachbau.ch_.jpg 739w\" sizes=\"auto, (max-width: 680px) 100vw, 680px\" \/><figcaption id=\"caption-attachment-23996\" class=\"wp-caption-text\">Der zentrale Bahn- und Bushofbereich des Bahnhofs Bremgarten. (Visualisierung: Filippo Bolognese Images)<\/figcaption><\/figure>\n<p>\u00abEs gibt viele Fragen zu kl\u00e4ren, insbesondere bei der \u00d6V-Drehscheibe in Kombination mit dem Wohn- und Dienstleistungsangebot.\u00bb Mit diesen Worten begr\u00fcsste Stadtammann Stephan Troxler die rund 70 Interessierten zur Pr\u00e4sentation des Gestaltungsplans des Bremgarter Bahnhofareals.\u00a0 Zum Gestaltungsplan tragen die vier Mosaiksteine Kantonsstrassen-Bauprojekt Z\u00fcrcherstrasse, Bauprojekt Bushof, Ausbau Gleis- und Perronanlagen, sowie Neubau Geb\u00e4ude \u00abGleis 1\u00bb und \u00abReusstor\u00bb bei.<\/p>\n<p><strong>Ausbau zur \u00d6V-Drehscheibe<\/strong><\/p>\n<p>Der Bahnhof Bremgarten AG soll zu einer modernen \u00d6V-Drehscheibe mit neuen Haltestellen ausgebaut werden. Grundlage daf\u00fcr sind die \u00fcberarbeitete Nutzungsplanung und der Gestaltungsplan. Wie die verschiedenen Projekte zusammenspielen und das Gebiet aufwerten sollen, erkl\u00e4rte die Stadt an einer Infoveranstaltung im Zeughaussaal.<\/p>\n<p><strong>Eine l\u00e4ngere Planungshistorie<\/strong><\/p>\n<p>\u00dcber die Planungshistorie \u2013 von den Ideen mit Projektwettbewerb im Jahr 2020 bis zur \u00dcberf\u00fchrung in ein Richtprojekt 2022 \u2013 orientierte Dieter Zumsteg von der Z\u00fcrcher Planwerkstadt AG. Ebenso wurden Aufbau und die Inhalte des Gestaltungsplans Bahnhofareal erl\u00e4utert. \u00abDa sich das gesamte Gebiet rund um den Bahnhof Bremgarten in der Kernzone befindet, untersteht das ganze Areal einer Gestaltungsplanpflicht.\u00bb Dies betrifft den k\u00fcnftigen Bushof, die neuen Geb\u00e4ude der Aargau Verkehr AG (AVA) und das bestehende City Center.<\/p>\n<p>Anhand der Planunterlagen wurden unter anderem die Art und Weise der Nutzung der neuen Geb\u00e4ude aufgezeigt. Dies auch mit den verschiedenen Baubereichen, den Geschossen und Gesamth\u00f6hen. Visuell dargestellt wurden auch die entflochtene Fussg\u00e4ngerf\u00fchrung und die optimierte Anlieferung. Der Kanton hat Unterschreitungen bei Strassenabst\u00e4nden bereits in der Vorpr\u00fcfung genehmigt. Derzeit l\u00e4uft das Mitwirkungsverfahren. Die Planunterlagen liegen noch bis 26. Mai bei der Bauverwaltung auf.<\/p>\n<p><a href=\"http:\/\/www.bremgarten.ch\" target=\"_blank\" rel=\"noopener\"><strong>www.bremgarten.ch<\/strong><\/a><\/p>\n","protected":false},"excerpt":{"rendered":"<p>\u00abEs gibt viele Fragen zu kl\u00e4ren, insbesondere bei der \u00d6V-Drehscheibe in Kombination mit dem Wohn- und Dienstleistungsangebot.\u00bb Mit diesen Worten begr\u00fcsste Stadtammann Stephan Troxler die rund 70 Interessierten zur Pr\u00e4sentation des Gestaltungsplans des Bremgarter Bahnhofareals.\u00a0 Zum Gestaltungsplan tragen die vier Mosaiksteine Kantonsstrassen-Bauprojekt Z\u00fcrcherstrasse, Bauprojekt Bushof, Ausbau Gleis- und Perronanlagen, sowie Neubau Geb\u00e4ude \u00abGleis 1\u00bb und [&hellip;]<\/p>\n","protected":false},"author":5,"featured_media":0,"comment_status":"closed","ping_status":"closed","sticky":false,"template":"","format":"standard","meta":{"_acf_changed":false,"pgc_sgb_lightbox_settings":"","footnotes":""},"categories":[20],"tags":[87,2848,2847,2153],"class_list":["post-23993","post","type-post","status-publish","format-standard","hentry","category-intelligent-bauen","tag-arealueberbauung","tag-gestaltungsplan","tag-oev-drehscheibe","tag-projektwettbewerb"],"acf":[],"yoast_head":"<!-- This site is optimized with the Yoast SEO plugin v27.5 - https:\/\/yoast.com\/product\/yoast-seo-wordpress\/ -->\n<title>Bremgarten AG: Stadt zeigt die Pl\u00e4ne f\u00fcr das Bahnhofareal - fachbau.ch<\/title>\n<meta name=\"robots\" content=\"index, follow, max-snippet:-1, max-image-preview:large, max-video-preview:-1\" \/>\n<link rel=\"canonical\" href=\"https:\/\/www.fachbau.ch\/de\/intelligent-bauen\/2026-04-30\/bremgarten-ag-stadt-zeigt-die-plaene-fuer-das-bahnhofareal\/\" \/>\n<meta property=\"og:locale\" content=\"de_DE\" \/>\n<meta property=\"og:type\" content=\"article\" \/>\n<meta property=\"og:title\" content=\"Bremgarten AG: Stadt zeigt die Pl\u00e4ne f\u00fcr das Bahnhofareal - fachbau.ch\" \/>\n<meta property=\"og:description\" content=\"\u00abEs gibt viele Fragen zu kl\u00e4ren, insbesondere bei der \u00d6V-Drehscheibe in Kombination mit dem Wohn- und Dienstleistungsangebot.\u00bb Mit diesen Worten begr\u00fcsste Stadtammann Stephan Troxler die rund 70 Interessierten zur Pr\u00e4sentation des Gestaltungsplans des Bremgarter Bahnhofareals.\u00a0 Zum Gestaltungsplan tragen die vier Mosaiksteine Kantonsstrassen-Bauprojekt Z\u00fcrcherstrasse, Bauprojekt Bushof, Ausbau Gleis- und Perronanlagen, sowie Neubau Geb\u00e4ude \u00abGleis 1\u00bb und [&hellip;]\" \/>\n<meta property=\"og:url\" content=\"https:\/\/www.fachbau.ch\/de\/intelligent-bauen\/2026-04-30\/bremgarten-ag-stadt-zeigt-die-plaene-fuer-das-bahnhofareal\/\" \/>\n<meta property=\"og:site_name\" content=\"fachbau.ch\" \/>\n<meta property=\"article:published_time\" content=\"2026-04-30T13:45:21+00:00\" \/>\n<meta property=\"og:image\" content=\"https:\/\/www.fachbau.ch\/wp-content\/uploads\/2026\/04\/bremgarten_01_fachbau.ch_.jpg\" \/>\n\t<meta property=\"og:image:width\" content=\"739\" \/>\n\t<meta property=\"og:image:height\" content=\"544\" \/>\n\t<meta property=\"og:image:type\" content=\"image\/jpeg\" \/>\n<meta name=\"author\" content=\"Werner M\u00fcller\" \/>\n<meta name=\"twitter:card\" content=\"summary_large_image\" \/>\n<meta name=\"twitter:label1\" content=\"Verfasst von\" \/>\n\t<meta name=\"twitter:data1\" content=\"Werner M\u00fcller\" \/>\n\t<meta name=\"twitter:label2\" content=\"Gesch\u00e4tzte Lesezeit\" \/>\n\t<meta name=\"twitter:data2\" content=\"2\u00a0Minuten\" \/>\n<script type=\"application\/ld+json\" class=\"yoast-schema-graph\">{\"@context\":\"https:\\\/\\\/schema.org\",\"@graph\":[{\"@type\":\"Article\",\"@id\":\"https:\\\/\\\/www.fachbau.ch\\\/intelligent-bauen\\\/2026-04-30\\\/bremgarten-ag-stadt-zeigt-die-plaene-fuer-das-bahnhofareal\\\/#article\",\"isPartOf\":{\"@id\":\"https:\\\/\\\/www.fachbau.ch\\\/intelligent-bauen\\\/2026-04-30\\\/bremgarten-ag-stadt-zeigt-die-plaene-fuer-das-bahnhofareal\\\/\"},\"author\":{\"name\":\"Werner M\u00fcller\",\"@id\":\"https:\\\/\\\/www.fachbau.ch\\\/#\\\/schema\\\/person\\\/bb0eb1f344631c91fbdc226d96121267\"},\"headline\":\"Bremgarten AG: Stadt zeigt die Pl\u00e4ne f\u00fcr das Bahnhofareal\",\"datePublished\":\"2026-04-30T13:45:21+00:00\",\"mainEntityOfPage\":{\"@id\":\"https:\\\/\\\/www.fachbau.ch\\\/intelligent-bauen\\\/2026-04-30\\\/bremgarten-ag-stadt-zeigt-die-plaene-fuer-das-bahnhofareal\\\/\"},\"wordCount\":289,\"publisher\":{\"@id\":\"https:\\\/\\\/www.fachbau.ch\\\/#organization\"},\"image\":{\"@id\":\"https:\\\/\\\/www.fachbau.ch\\\/intelligent-bauen\\\/2026-04-30\\\/bremgarten-ag-stadt-zeigt-die-plaene-fuer-das-bahnhofareal\\\/#primaryimage\"},\"thumbnailUrl\":\"https:\\\/\\\/www.fachbau.ch\\\/wp-content\\\/uploads\\\/2026\\\/04\\\/bremgarten_01_fachbau.ch_-680x501.jpg\",\"keywords\":[\"Areal\u00fcberbauung\",\"Gestaltungsplan\",\"\u00d6V-Drehscheibe\",\"Projektwettbewerb\"],\"articleSection\":[\"intelligent bauen\"],\"inLanguage\":\"de\"},{\"@type\":\"WebPage\",\"@id\":\"https:\\\/\\\/www.fachbau.ch\\\/intelligent-bauen\\\/2026-04-30\\\/bremgarten-ag-stadt-zeigt-die-plaene-fuer-das-bahnhofareal\\\/\",\"url\":\"https:\\\/\\\/www.fachbau.ch\\\/intelligent-bauen\\\/2026-04-30\\\/bremgarten-ag-stadt-zeigt-die-plaene-fuer-das-bahnhofareal\\\/\",\"name\":\"Bremgarten AG: Stadt zeigt die Pl\u00e4ne f\u00fcr das Bahnhofareal - fachbau.ch\",\"isPartOf\":{\"@id\":\"https:\\\/\\\/www.fachbau.ch\\\/#website\"},\"primaryImageOfPage\":{\"@id\":\"https:\\\/\\\/www.fachbau.ch\\\/intelligent-bauen\\\/2026-04-30\\\/bremgarten-ag-stadt-zeigt-die-plaene-fuer-das-bahnhofareal\\\/#primaryimage\"},\"image\":{\"@id\":\"https:\\\/\\\/www.fachbau.ch\\\/intelligent-bauen\\\/2026-04-30\\\/bremgarten-ag-stadt-zeigt-die-plaene-fuer-das-bahnhofareal\\\/#primaryimage\"},\"thumbnailUrl\":\"https:\\\/\\\/www.fachbau.ch\\\/wp-content\\\/uploads\\\/2026\\\/04\\\/bremgarten_01_fachbau.ch_-680x501.jpg\",\"datePublished\":\"2026-04-30T13:45:21+00:00\",\"breadcrumb\":{\"@id\":\"https:\\\/\\\/www.fachbau.ch\\\/intelligent-bauen\\\/2026-04-30\\\/bremgarten-ag-stadt-zeigt-die-plaene-fuer-das-bahnhofareal\\\/#breadcrumb\"},\"inLanguage\":\"de\",\"potentialAction\":[{\"@type\":\"ReadAction\",\"target\":[\"https:\\\/\\\/www.fachbau.ch\\\/intelligent-bauen\\\/2026-04-30\\\/bremgarten-ag-stadt-zeigt-die-plaene-fuer-das-bahnhofareal\\\/\"]}]},{\"@type\":\"ImageObject\",\"inLanguage\":\"de\",\"@id\":\"https:\\\/\\\/www.fachbau.ch\\\/intelligent-bauen\\\/2026-04-30\\\/bremgarten-ag-stadt-zeigt-die-plaene-fuer-das-bahnhofareal\\\/#primaryimage\",\"url\":\"https:\\\/\\\/www.fachbau.ch\\\/wp-content\\\/uploads\\\/2026\\\/04\\\/bremgarten_01_fachbau.ch_-680x501.jpg\",\"contentUrl\":\"https:\\\/\\\/www.fachbau.ch\\\/wp-content\\\/uploads\\\/2026\\\/04\\\/bremgarten_01_fachbau.ch_-680x501.jpg\"},{\"@type\":\"BreadcrumbList\",\"@id\":\"https:\\\/\\\/www.fachbau.ch\\\/intelligent-bauen\\\/2026-04-30\\\/bremgarten-ag-stadt-zeigt-die-plaene-fuer-das-bahnhofareal\\\/#breadcrumb\",\"itemListElement\":[{\"@type\":\"ListItem\",\"position\":1,\"name\":\"Startseite\",\"item\":\"https:\\\/\\\/www.fachbau.ch\\\/\"},{\"@type\":\"ListItem\",\"position\":2,\"name\":\"Bremgarten AG: Stadt zeigt die Pl\u00e4ne f\u00fcr das Bahnhofareal\"}]},{\"@type\":\"WebSite\",\"@id\":\"https:\\\/\\\/www.fachbau.ch\\\/#website\",\"url\":\"https:\\\/\\\/www.fachbau.ch\\\/\",\"name\":\"fachbau.ch\",\"description\":\"Modernes, nachhaltiges Bauen.\",\"publisher\":{\"@id\":\"https:\\\/\\\/www.fachbau.ch\\\/#organization\"},\"potentialAction\":[{\"@type\":\"SearchAction\",\"target\":{\"@type\":\"EntryPoint\",\"urlTemplate\":\"https:\\\/\\\/www.fachbau.ch\\\/?s={search_term_string}\"},\"query-input\":{\"@type\":\"PropertyValueSpecification\",\"valueRequired\":true,\"valueName\":\"search_term_string\"}}],\"inLanguage\":\"de\"},{\"@type\":\"Organization\",\"@id\":\"https:\\\/\\\/www.fachbau.ch\\\/#organization\",\"name\":\"fachbau.ch\",\"url\":\"https:\\\/\\\/www.fachbau.ch\\\/\",\"logo\":{\"@type\":\"ImageObject\",\"inLanguage\":\"de\",\"@id\":\"https:\\\/\\\/www.fachbau.ch\\\/#\\\/schema\\\/logo\\\/image\\\/\",\"url\":\"https:\\\/\\\/www.fachbau.ch\\\/wp-content\\\/uploads\\\/2021\\\/12\\\/Logo_fachbau_ch.png\",\"contentUrl\":\"https:\\\/\\\/www.fachbau.ch\\\/wp-content\\\/uploads\\\/2021\\\/12\\\/Logo_fachbau_ch.png\",\"width\":283,\"height\":42,\"caption\":\"fachbau.ch\"},\"image\":{\"@id\":\"https:\\\/\\\/www.fachbau.ch\\\/#\\\/schema\\\/logo\\\/image\\\/\"}},{\"@type\":\"Person\",\"@id\":\"https:\\\/\\\/www.fachbau.ch\\\/#\\\/schema\\\/person\\\/bb0eb1f344631c91fbdc226d96121267\",\"name\":\"Werner M\u00fcller\",\"image\":{\"@type\":\"ImageObject\",\"inLanguage\":\"de\",\"@id\":\"https:\\\/\\\/secure.gravatar.com\\\/avatar\\\/dd33b3abab5c30713718f3dc2fea531e32746a37961949ca60d33f09919fd018?s=96&d=mm&r=g\",\"url\":\"https:\\\/\\\/secure.gravatar.com\\\/avatar\\\/dd33b3abab5c30713718f3dc2fea531e32746a37961949ca60d33f09919fd018?s=96&d=mm&r=g\",\"contentUrl\":\"https:\\\/\\\/secure.gravatar.com\\\/avatar\\\/dd33b3abab5c30713718f3dc2fea531e32746a37961949ca60d33f09919fd018?s=96&d=mm&r=g\",\"caption\":\"Werner M\u00fcller\"},\"url\":\"https:\\\/\\\/www.fachbau.ch\\\/de\\\/author\\\/muewer\\\/\"}]}<\/script>\n<!-- \/ Yoast SEO plugin. -->","yoast_head_json":{"title":"Bremgarten AG: Stadt zeigt die Pl\u00e4ne f\u00fcr das Bahnhofareal - fachbau.ch","robots":{"index":"index","follow":"follow","max-snippet":"max-snippet:-1","max-image-preview":"max-image-preview:large","max-video-preview":"max-video-preview:-1"},"canonical":"https:\/\/www.fachbau.ch\/de\/intelligent-bauen\/2026-04-30\/bremgarten-ag-stadt-zeigt-die-plaene-fuer-das-bahnhofareal\/","og_locale":"de_DE","og_type":"article","og_title":"Bremgarten AG: Stadt zeigt die Pl\u00e4ne f\u00fcr das Bahnhofareal - fachbau.ch","og_description":"\u00abEs gibt viele Fragen zu kl\u00e4ren, insbesondere bei der \u00d6V-Drehscheibe in Kombination mit dem Wohn- und Dienstleistungsangebot.\u00bb Mit diesen Worten begr\u00fcsste Stadtammann Stephan Troxler die rund 70 Interessierten zur Pr\u00e4sentation des Gestaltungsplans des Bremgarter Bahnhofareals.\u00a0 Zum Gestaltungsplan tragen die vier Mosaiksteine Kantonsstrassen-Bauprojekt Z\u00fcrcherstrasse, Bauprojekt Bushof, Ausbau Gleis- und Perronanlagen, sowie Neubau Geb\u00e4ude \u00abGleis 1\u00bb und [&hellip;]","og_url":"https:\/\/www.fachbau.ch\/de\/intelligent-bauen\/2026-04-30\/bremgarten-ag-stadt-zeigt-die-plaene-fuer-das-bahnhofareal\/","og_site_name":"fachbau.ch","article_published_time":"2026-04-30T13:45:21+00:00","og_image":[{"width":739,"height":544,"url":"https:\/\/www.fachbau.ch\/wp-content\/uploads\/2026\/04\/bremgarten_01_fachbau.ch_.jpg","type":"image\/jpeg"}],"author":"Werner M\u00fcller","twitter_card":"summary_large_image","twitter_misc":{"Verfasst von":"Werner M\u00fcller","Gesch\u00e4tzte Lesezeit":"2\u00a0Minuten"},"schema":{"@context":"https:\/\/schema.org","@graph":[{"@type":"Article","@id":"https:\/\/www.fachbau.ch\/intelligent-bauen\/2026-04-30\/bremgarten-ag-stadt-zeigt-die-plaene-fuer-das-bahnhofareal\/#article","isPartOf":{"@id":"https:\/\/www.fachbau.ch\/intelligent-bauen\/2026-04-30\/bremgarten-ag-stadt-zeigt-die-plaene-fuer-das-bahnhofareal\/"},"author":{"name":"Werner M\u00fcller","@id":"https:\/\/www.fachbau.ch\/#\/schema\/person\/bb0eb1f344631c91fbdc226d96121267"},"headline":"Bremgarten AG: Stadt zeigt die Pl\u00e4ne f\u00fcr das Bahnhofareal","datePublished":"2026-04-30T13:45:21+00:00","mainEntityOfPage":{"@id":"https:\/\/www.fachbau.ch\/intelligent-bauen\/2026-04-30\/bremgarten-ag-stadt-zeigt-die-plaene-fuer-das-bahnhofareal\/"},"wordCount":289,"publisher":{"@id":"https:\/\/www.fachbau.ch\/#organization"},"image":{"@id":"https:\/\/www.fachbau.ch\/intelligent-bauen\/2026-04-30\/bremgarten-ag-stadt-zeigt-die-plaene-fuer-das-bahnhofareal\/#primaryimage"},"thumbnailUrl":"https:\/\/www.fachbau.ch\/wp-content\/uploads\/2026\/04\/bremgarten_01_fachbau.ch_-680x501.jpg","keywords":["Areal\u00fcberbauung","Gestaltungsplan","\u00d6V-Drehscheibe","Projektwettbewerb"],"articleSection":["intelligent bauen"],"inLanguage":"de"},{"@type":"WebPage","@id":"https:\/\/www.fachbau.ch\/intelligent-bauen\/2026-04-30\/bremgarten-ag-stadt-zeigt-die-plaene-fuer-das-bahnhofareal\/","url":"https:\/\/www.fachbau.ch\/intelligent-bauen\/2026-04-30\/bremgarten-ag-stadt-zeigt-die-plaene-fuer-das-bahnhofareal\/","name":"Bremgarten AG: Stadt zeigt die Pl\u00e4ne f\u00fcr das Bahnhofareal - fachbau.ch","isPartOf":{"@id":"https:\/\/www.fachbau.ch\/#website"},"primaryImageOfPage":{"@id":"https:\/\/www.fachbau.ch\/intelligent-bauen\/2026-04-30\/bremgarten-ag-stadt-zeigt-die-plaene-fuer-das-bahnhofareal\/#primaryimage"},"image":{"@id":"https:\/\/www.fachbau.ch\/intelligent-bauen\/2026-04-30\/bremgarten-ag-stadt-zeigt-die-plaene-fuer-das-bahnhofareal\/#primaryimage"},"thumbnailUrl":"https:\/\/www.fachbau.ch\/wp-content\/uploads\/2026\/04\/bremgarten_01_fachbau.ch_-680x501.jpg","datePublished":"2026-04-30T13:45:21+00:00","breadcrumb":{"@id":"https:\/\/www.fachbau.ch\/intelligent-bauen\/2026-04-30\/bremgarten-ag-stadt-zeigt-die-plaene-fuer-das-bahnhofareal\/#breadcrumb"},"inLanguage":"de","potentialAction":[{"@type":"ReadAction","target":["https:\/\/www.fachbau.ch\/intelligent-bauen\/2026-04-30\/bremgarten-ag-stadt-zeigt-die-plaene-fuer-das-bahnhofareal\/"]}]},{"@type":"ImageObject","inLanguage":"de","@id":"https:\/\/www.fachbau.ch\/intelligent-bauen\/2026-04-30\/bremgarten-ag-stadt-zeigt-die-plaene-fuer-das-bahnhofareal\/#primaryimage","url":"https:\/\/www.fachbau.ch\/wp-content\/uploads\/2026\/04\/bremgarten_01_fachbau.ch_-680x501.jpg","contentUrl":"https:\/\/www.fachbau.ch\/wp-content\/uploads\/2026\/04\/bremgarten_01_fachbau.ch_-680x501.jpg"},{"@type":"BreadcrumbList","@id":"https:\/\/www.fachbau.ch\/intelligent-bauen\/2026-04-30\/bremgarten-ag-stadt-zeigt-die-plaene-fuer-das-bahnhofareal\/#breadcrumb","itemListElement":[{"@type":"ListItem","position":1,"name":"Startseite","item":"https:\/\/www.fachbau.ch\/"},{"@type":"ListItem","position":2,"name":"Bremgarten AG: Stadt zeigt die Pl\u00e4ne f\u00fcr das Bahnhofareal"}]},{"@type":"WebSite","@id":"https:\/\/www.fachbau.ch\/#website","url":"https:\/\/www.fachbau.ch\/","name":"fachbau.ch","description":"Modernes, nachhaltiges Bauen.","publisher":{"@id":"https:\/\/www.fachbau.ch\/#organization"},"potentialAction":[{"@type":"SearchAction","target":{"@type":"EntryPoint","urlTemplate":"https:\/\/www.fachbau.ch\/?s={search_term_string}"},"query-input":{"@type":"PropertyValueSpecification","valueRequired":true,"valueName":"search_term_string"}}],"inLanguage":"de"},{"@type":"Organization","@id":"https:\/\/www.fachbau.ch\/#organization","name":"fachbau.ch","url":"https:\/\/www.fachbau.ch\/","logo":{"@type":"ImageObject","inLanguage":"de","@id":"https:\/\/www.fachbau.ch\/#\/schema\/logo\/image\/","url":"https:\/\/www.fachbau.ch\/wp-content\/uploads\/2021\/12\/Logo_fachbau_ch.png","contentUrl":"https:\/\/www.fachbau.ch\/wp-content\/uploads\/2021\/12\/Logo_fachbau_ch.png","width":283,"height":42,"caption":"fachbau.ch"},"image":{"@id":"https:\/\/www.fachbau.ch\/#\/schema\/logo\/image\/"}},{"@type":"Person","@id":"https:\/\/www.fachbau.ch\/#\/schema\/person\/bb0eb1f344631c91fbdc226d96121267","name":"Werner M\u00fcller","image":{"@type":"ImageObject","inLanguage":"de","@id":"https:\/\/secure.gravatar.com\/avatar\/dd33b3abab5c30713718f3dc2fea531e32746a37961949ca60d33f09919fd018?s=96&d=mm&r=g","url":"https:\/\/secure.gravatar.com\/avatar\/dd33b3abab5c30713718f3dc2fea531e32746a37961949ca60d33f09919fd018?s=96&d=mm&r=g","contentUrl":"https:\/\/secure.gravatar.com\/avatar\/dd33b3abab5c30713718f3dc2fea531e32746a37961949ca60d33f09919fd018?s=96&d=mm&r=g","caption":"Werner M\u00fcller"},"url":"https:\/\/www.fachbau.ch\/de\/author\/muewer\/"}]}},"_links":{"self":[{"href":"https:\/\/www.fachbau.ch\/de\/wp-json\/wp\/v2\/posts\/23993","targetHints":{"allow":["GET"]}}],"collection":[{"href":"https:\/\/www.fachbau.ch\/de\/wp-json\/wp\/v2\/posts"}],"about":[{"href":"https:\/\/www.fachbau.ch\/de\/wp-json\/wp\/v2\/types\/post"}],"author":[{"embeddable":true,"href":"https:\/\/www.fachbau.ch\/de\/wp-json\/wp\/v2\/users\/5"}],"replies":[{"embeddable":true,"href":"https:\/\/www.fachbau.ch\/de\/wp-json\/wp\/v2\/comments?post=23993"}],"version-history":[{"count":2,"href":"https:\/\/www.fachbau.ch\/de\/wp-json\/wp\/v2\/posts\/23993\/revisions"}],"predecessor-version":[{"id":23997,"href":"https:\/\/www.fachbau.ch\/de\/wp-json\/wp\/v2\/posts\/23993\/revisions\/23997"}],"wp:attachment":[{"href":"https:\/\/www.fachbau.ch\/de\/wp-json\/wp\/v2\/media?parent=23993"}],"wp:term":[{"taxonomy":"category","embeddable":true,"href":"https:\/\/www.fachbau.ch\/de\/wp-json\/wp\/v2\/categories?post=23993"},{"taxonomy":"post_tag","embeddable":true,"href":"https:\/\/www.fachbau.ch\/de\/wp-json\/wp\/v2\/tags?post=23993"}],"curies":[{"name":"wp","href":"https:\/\/api.w.org\/{rel}","templated":true}]}}