{"id":23990,"date":"2026-05-01T06:15:52","date_gmt":"2026-05-01T04:15:52","guid":{"rendered":"https:\/\/www.fachbau.ch\/?p=23990"},"modified":"2026-04-30T15:17:23","modified_gmt":"2026-04-30T13:17:23","slug":"powertage-2026-der-treffpunkt-der-schweizer-stromwirtschaft","status":"publish","type":"post","link":"https:\/\/www.fachbau.ch\/de\/intelligent-bauen\/2026-05-01\/powertage-2026-der-treffpunkt-der-schweizer-stromwirtschaft\/","title":{"rendered":"Powertage 2026: Der Treffpunkt der Schweizer Stromwirtschaft"},"content":{"rendered":"<figure id=\"attachment_23991\" aria-describedby=\"caption-attachment-23991\" style=\"width: 680px\" class=\"wp-caption alignnone\"><img loading=\"lazy\" decoding=\"async\" class=\"wp-image-23991 size-medium\" src=\"https:\/\/www.fachbau.ch\/wp-content\/uploads\/2026\/04\/powertage_26_fachbau.ch_-680x453.jpg\" alt=\"\" width=\"680\" height=\"453\" srcset=\"https:\/\/www.fachbau.ch\/wp-content\/uploads\/2026\/04\/powertage_26_fachbau.ch_-680x453.jpg 680w, https:\/\/www.fachbau.ch\/wp-content\/uploads\/2026\/04\/powertage_26_fachbau.ch_-768x512.jpg 768w, https:\/\/www.fachbau.ch\/wp-content\/uploads\/2026\/04\/powertage_26_fachbau.ch_-18x12.jpg 18w, https:\/\/www.fachbau.ch\/wp-content\/uploads\/2026\/04\/powertage_26_fachbau.ch_-375x250.jpg 375w, https:\/\/www.fachbau.ch\/wp-content\/uploads\/2026\/04\/powertage_26_fachbau.ch_-525x350.jpg 525w, https:\/\/www.fachbau.ch\/wp-content\/uploads\/2026\/04\/powertage_26_fachbau.ch_.jpg 800w\" sizes=\"auto, (max-width: 680px) 100vw, 680px\" \/><figcaption id=\"caption-attachment-23991\" class=\"wp-caption-text\">Zahlreiche Referate und Podiumsdiskussionen drehen sich um die Sicherheit der Stromversorgung f\u00fcr unser Land.<\/figcaption><\/figure>\n<p>Die Powertage stehen f\u00fcr fundierten Wissenstransfer, hochkar\u00e4tiges Networking und konkrete Gesch\u00e4ftsm\u00f6glichkeiten entlang der gesamten Wertsch\u00f6pfungskette der Stromwirtschaft. Die Schweizer Strombranche steht vor grundlegenden Weichenstellungen. Versorgungssicherheit, bezahlbare Energiepreise, ambitionierte Klimaziele, das neue Stromgesetz, die Zusammenarbeit mit Europa sowie der beschleunigte Ausbau der Energieinfrastruktur verlangen nach tragf\u00e4higen L\u00f6sungen. \u201cDie Transformation des Energiesystems verlangt nach engem Austausch zwischen Energieversorgern, Technologieanbietern, Netzbetreibern und Politik. Die Powertage schaffen daf\u00fcr eine Plattform, auf der relevante Marktakteure zusammenkommen und konkrete L\u00f6sungen diskutieren k\u00f6nnen\u201d, sagt Exhibition Director der Powertage Corinne Thirion.<\/p>\n<p><strong>Industrie, Verb\u00e4nde und Politik ziehen am gleichen Strick<\/strong><\/p>\n<p>Gemeinsam mit den f\u00fchrenden Verb\u00e4nden wie dem Verband Schweizerischer Elektrizit\u00e4tsunternehmen (VSE), Electrosuisse und swissmig stellen die Powertage sicher, dass die relevanten Themen aus der Praxis kommen und die aktuellen Herausforderungen der Schweizer Stromwirtschaft gezielt aufgenommen werden. Corinne Thirion betont: \u201cGerade in einer Phase, in der Versorgungssicherheit, Netzausbau, Digitalisierung und Regulierung die Branche gleichzeitig besch\u00e4ftigen, braucht es Orte, an denen sich Markt, Technik und Politik direkt begegnen. Genau diese Funktion erf\u00fcllen die Powertage.\u201d<\/p>\n<p>Die Veranstaltung deckt zentrale Bereiche wie Energieerzeugung und -speicherung, Stromnetze, Handel und Vertrieb ab. Erg\u00e4nzt wird das Spektrum durch Querschnittsthemen wie Messen, Prognostizieren und Steuern, Mobility, Energieeffizienz und Nachhaltigkeit, Information Technology (IT) und Operational Technology (OT) sowie Aus- und Weiterbildung. Fachbesuchende erhalten einen kompakten \u00dcberblick \u00fcber Innovationen, Markttrends und Entwicklungen \u2013 mit direktem Zugang zu relevanten Anbietern und L\u00f6sungsans\u00e4tzen.<\/p>\n<p><strong>Attraktive Pr\u00e4senzformate f\u00fcr Aussteller<\/strong><\/p>\n<p>F\u00fcr Unternehmen der Stromwirtschaft bieten die Powertage eine optimale M\u00f6glichkeit zur Positionierung im Markt. Neben der Pflege bestehender Kundenbeziehungen k\u00f6nnen auch neue Gesch\u00e4ftskontakte gekn\u00fcpft werden. Das Interesse an einer Pr\u00e4senz 2026 ist hoch: Bereits \u00fcber 80 Prozent der Ausstellungsfl\u00e4che sind gebucht, darunter rund 10 Prozent Neuaussteller.<\/p>\n<p><a href=\"http:\/\/powertage.ch\" target=\"_blank\" rel=\"noopener\"><strong>powertage.ch<\/strong><\/a><\/p>\n","protected":false},"excerpt":{"rendered":"<p>Die Powertage stehen f\u00fcr fundierten Wissenstransfer, hochkar\u00e4tiges Networking und konkrete Gesch\u00e4ftsm\u00f6glichkeiten entlang der gesamten Wertsch\u00f6pfungskette der Stromwirtschaft. Die Schweizer Strombranche steht vor grundlegenden Weichenstellungen. Versorgungssicherheit, bezahlbare Energiepreise, ambitionierte Klimaziele, das neue Stromgesetz, die Zusammenarbeit mit Europa sowie der beschleunigte Ausbau der Energieinfrastruktur verlangen nach tragf\u00e4higen L\u00f6sungen. \u201cDie Transformation des Energiesystems verlangt nach engem Austausch zwischen [&hellip;]<\/p>\n","protected":false},"author":5,"featured_media":0,"comment_status":"closed","ping_status":"closed","sticky":false,"template":"","format":"standard","meta":{"_acf_changed":false,"pgc_sgb_lightbox_settings":"","footnotes":""},"categories":[20],"tags":[2845,473,1346,2846,1442],"class_list":["post-23990","post","type-post","status-publish","format-standard","hentry","category-intelligent-bauen","tag-elektrizitaetsunternehmen","tag-energie","tag-sicherheit","tag-stromgesetz","tag-stromversorgung"],"acf":[],"yoast_head":"<!-- This site is optimized with the Yoast SEO plugin v27.5 - https:\/\/yoast.com\/product\/yoast-seo-wordpress\/ -->\n<title>Powertage 2026: Der Treffpunkt der Schweizer Stromwirtschaft - fachbau.ch<\/title>\n<meta name=\"robots\" content=\"index, follow, max-snippet:-1, max-image-preview:large, max-video-preview:-1\" \/>\n<link rel=\"canonical\" href=\"https:\/\/www.fachbau.ch\/de\/intelligent-bauen\/2026-05-01\/powertage-2026-der-treffpunkt-der-schweizer-stromwirtschaft\/\" \/>\n<meta property=\"og:locale\" content=\"de_DE\" \/>\n<meta property=\"og:type\" content=\"article\" \/>\n<meta property=\"og:title\" content=\"Powertage 2026: Der Treffpunkt der Schweizer Stromwirtschaft - fachbau.ch\" \/>\n<meta property=\"og:description\" content=\"Die Powertage stehen f\u00fcr fundierten Wissenstransfer, hochkar\u00e4tiges Networking und konkrete Gesch\u00e4ftsm\u00f6glichkeiten entlang der gesamten Wertsch\u00f6pfungskette der Stromwirtschaft. Die Schweizer Strombranche steht vor grundlegenden Weichenstellungen. Versorgungssicherheit, bezahlbare Energiepreise, ambitionierte Klimaziele, das neue Stromgesetz, die Zusammenarbeit mit Europa sowie der beschleunigte Ausbau der Energieinfrastruktur verlangen nach tragf\u00e4higen L\u00f6sungen. \u201cDie Transformation des Energiesystems verlangt nach engem Austausch zwischen [&hellip;]\" \/>\n<meta property=\"og:url\" content=\"https:\/\/www.fachbau.ch\/de\/intelligent-bauen\/2026-05-01\/powertage-2026-der-treffpunkt-der-schweizer-stromwirtschaft\/\" \/>\n<meta property=\"og:site_name\" content=\"fachbau.ch\" \/>\n<meta property=\"article:published_time\" content=\"2026-05-01T04:15:52+00:00\" \/>\n<meta property=\"og:image\" content=\"https:\/\/www.fachbau.ch\/wp-content\/uploads\/2026\/04\/powertage_26_fachbau.ch_.jpg\" \/>\n\t<meta property=\"og:image:width\" content=\"800\" \/>\n\t<meta property=\"og:image:height\" content=\"533\" \/>\n\t<meta property=\"og:image:type\" content=\"image\/jpeg\" \/>\n<meta name=\"author\" content=\"Werner M\u00fcller\" \/>\n<meta name=\"twitter:card\" content=\"summary_large_image\" \/>\n<meta name=\"twitter:label1\" content=\"Verfasst von\" \/>\n\t<meta name=\"twitter:data1\" content=\"Werner M\u00fcller\" \/>\n\t<meta name=\"twitter:label2\" content=\"Gesch\u00e4tzte Lesezeit\" \/>\n\t<meta name=\"twitter:data2\" content=\"2\u00a0Minuten\" \/>\n<script type=\"application\/ld+json\" class=\"yoast-schema-graph\">{\"@context\":\"https:\\\/\\\/schema.org\",\"@graph\":[{\"@type\":\"Article\",\"@id\":\"https:\\\/\\\/www.fachbau.ch\\\/intelligent-bauen\\\/2026-05-01\\\/powertage-2026-der-treffpunkt-der-schweizer-stromwirtschaft\\\/#article\",\"isPartOf\":{\"@id\":\"https:\\\/\\\/www.fachbau.ch\\\/intelligent-bauen\\\/2026-05-01\\\/powertage-2026-der-treffpunkt-der-schweizer-stromwirtschaft\\\/\"},\"author\":{\"name\":\"Werner M\u00fcller\",\"@id\":\"https:\\\/\\\/www.fachbau.ch\\\/#\\\/schema\\\/person\\\/bb0eb1f344631c91fbdc226d96121267\"},\"headline\":\"Powertage 2026: Der Treffpunkt der Schweizer Stromwirtschaft\",\"datePublished\":\"2026-05-01T04:15:52+00:00\",\"mainEntityOfPage\":{\"@id\":\"https:\\\/\\\/www.fachbau.ch\\\/intelligent-bauen\\\/2026-05-01\\\/powertage-2026-der-treffpunkt-der-schweizer-stromwirtschaft\\\/\"},\"wordCount\":326,\"publisher\":{\"@id\":\"https:\\\/\\\/www.fachbau.ch\\\/#organization\"},\"image\":{\"@id\":\"https:\\\/\\\/www.fachbau.ch\\\/intelligent-bauen\\\/2026-05-01\\\/powertage-2026-der-treffpunkt-der-schweizer-stromwirtschaft\\\/#primaryimage\"},\"thumbnailUrl\":\"https:\\\/\\\/www.fachbau.ch\\\/wp-content\\\/uploads\\\/2026\\\/04\\\/powertage_26_fachbau.ch_-680x453.jpg\",\"keywords\":[\"Elektrizit\u00e4tsunternehmen\",\"Energie\",\"Sicherheit\",\"Stromgesetz\",\"Stromversorgung\"],\"articleSection\":[\"intelligent bauen\"],\"inLanguage\":\"de\"},{\"@type\":\"WebPage\",\"@id\":\"https:\\\/\\\/www.fachbau.ch\\\/intelligent-bauen\\\/2026-05-01\\\/powertage-2026-der-treffpunkt-der-schweizer-stromwirtschaft\\\/\",\"url\":\"https:\\\/\\\/www.fachbau.ch\\\/intelligent-bauen\\\/2026-05-01\\\/powertage-2026-der-treffpunkt-der-schweizer-stromwirtschaft\\\/\",\"name\":\"Powertage 2026: Der Treffpunkt der Schweizer Stromwirtschaft - fachbau.ch\",\"isPartOf\":{\"@id\":\"https:\\\/\\\/www.fachbau.ch\\\/#website\"},\"primaryImageOfPage\":{\"@id\":\"https:\\\/\\\/www.fachbau.ch\\\/intelligent-bauen\\\/2026-05-01\\\/powertage-2026-der-treffpunkt-der-schweizer-stromwirtschaft\\\/#primaryimage\"},\"image\":{\"@id\":\"https:\\\/\\\/www.fachbau.ch\\\/intelligent-bauen\\\/2026-05-01\\\/powertage-2026-der-treffpunkt-der-schweizer-stromwirtschaft\\\/#primaryimage\"},\"thumbnailUrl\":\"https:\\\/\\\/www.fachbau.ch\\\/wp-content\\\/uploads\\\/2026\\\/04\\\/powertage_26_fachbau.ch_-680x453.jpg\",\"datePublished\":\"2026-05-01T04:15:52+00:00\",\"breadcrumb\":{\"@id\":\"https:\\\/\\\/www.fachbau.ch\\\/intelligent-bauen\\\/2026-05-01\\\/powertage-2026-der-treffpunkt-der-schweizer-stromwirtschaft\\\/#breadcrumb\"},\"inLanguage\":\"de\",\"potentialAction\":[{\"@type\":\"ReadAction\",\"target\":[\"https:\\\/\\\/www.fachbau.ch\\\/intelligent-bauen\\\/2026-05-01\\\/powertage-2026-der-treffpunkt-der-schweizer-stromwirtschaft\\\/\"]}]},{\"@type\":\"ImageObject\",\"inLanguage\":\"de\",\"@id\":\"https:\\\/\\\/www.fachbau.ch\\\/intelligent-bauen\\\/2026-05-01\\\/powertage-2026-der-treffpunkt-der-schweizer-stromwirtschaft\\\/#primaryimage\",\"url\":\"https:\\\/\\\/www.fachbau.ch\\\/wp-content\\\/uploads\\\/2026\\\/04\\\/powertage_26_fachbau.ch_-680x453.jpg\",\"contentUrl\":\"https:\\\/\\\/www.fachbau.ch\\\/wp-content\\\/uploads\\\/2026\\\/04\\\/powertage_26_fachbau.ch_-680x453.jpg\"},{\"@type\":\"BreadcrumbList\",\"@id\":\"https:\\\/\\\/www.fachbau.ch\\\/intelligent-bauen\\\/2026-05-01\\\/powertage-2026-der-treffpunkt-der-schweizer-stromwirtschaft\\\/#breadcrumb\",\"itemListElement\":[{\"@type\":\"ListItem\",\"position\":1,\"name\":\"Startseite\",\"item\":\"https:\\\/\\\/www.fachbau.ch\\\/\"},{\"@type\":\"ListItem\",\"position\":2,\"name\":\"Powertage 2026: Der Treffpunkt der Schweizer Stromwirtschaft\"}]},{\"@type\":\"WebSite\",\"@id\":\"https:\\\/\\\/www.fachbau.ch\\\/#website\",\"url\":\"https:\\\/\\\/www.fachbau.ch\\\/\",\"name\":\"fachbau.ch\",\"description\":\"Modernes, nachhaltiges Bauen.\",\"publisher\":{\"@id\":\"https:\\\/\\\/www.fachbau.ch\\\/#organization\"},\"potentialAction\":[{\"@type\":\"SearchAction\",\"target\":{\"@type\":\"EntryPoint\",\"urlTemplate\":\"https:\\\/\\\/www.fachbau.ch\\\/?s={search_term_string}\"},\"query-input\":{\"@type\":\"PropertyValueSpecification\",\"valueRequired\":true,\"valueName\":\"search_term_string\"}}],\"inLanguage\":\"de\"},{\"@type\":\"Organization\",\"@id\":\"https:\\\/\\\/www.fachbau.ch\\\/#organization\",\"name\":\"fachbau.ch\",\"url\":\"https:\\\/\\\/www.fachbau.ch\\\/\",\"logo\":{\"@type\":\"ImageObject\",\"inLanguage\":\"de\",\"@id\":\"https:\\\/\\\/www.fachbau.ch\\\/#\\\/schema\\\/logo\\\/image\\\/\",\"url\":\"https:\\\/\\\/www.fachbau.ch\\\/wp-content\\\/uploads\\\/2021\\\/12\\\/Logo_fachbau_ch.png\",\"contentUrl\":\"https:\\\/\\\/www.fachbau.ch\\\/wp-content\\\/uploads\\\/2021\\\/12\\\/Logo_fachbau_ch.png\",\"width\":283,\"height\":42,\"caption\":\"fachbau.ch\"},\"image\":{\"@id\":\"https:\\\/\\\/www.fachbau.ch\\\/#\\\/schema\\\/logo\\\/image\\\/\"}},{\"@type\":\"Person\",\"@id\":\"https:\\\/\\\/www.fachbau.ch\\\/#\\\/schema\\\/person\\\/bb0eb1f344631c91fbdc226d96121267\",\"name\":\"Werner M\u00fcller\",\"image\":{\"@type\":\"ImageObject\",\"inLanguage\":\"de\",\"@id\":\"https:\\\/\\\/secure.gravatar.com\\\/avatar\\\/dd33b3abab5c30713718f3dc2fea531e32746a37961949ca60d33f09919fd018?s=96&d=mm&r=g\",\"url\":\"https:\\\/\\\/secure.gravatar.com\\\/avatar\\\/dd33b3abab5c30713718f3dc2fea531e32746a37961949ca60d33f09919fd018?s=96&d=mm&r=g\",\"contentUrl\":\"https:\\\/\\\/secure.gravatar.com\\\/avatar\\\/dd33b3abab5c30713718f3dc2fea531e32746a37961949ca60d33f09919fd018?s=96&d=mm&r=g\",\"caption\":\"Werner M\u00fcller\"},\"url\":\"https:\\\/\\\/www.fachbau.ch\\\/de\\\/author\\\/muewer\\\/\"}]}<\/script>\n<!-- \/ Yoast SEO plugin. -->","yoast_head_json":{"title":"Powertage 2026: Der Treffpunkt der Schweizer Stromwirtschaft - fachbau.ch","robots":{"index":"index","follow":"follow","max-snippet":"max-snippet:-1","max-image-preview":"max-image-preview:large","max-video-preview":"max-video-preview:-1"},"canonical":"https:\/\/www.fachbau.ch\/de\/intelligent-bauen\/2026-05-01\/powertage-2026-der-treffpunkt-der-schweizer-stromwirtschaft\/","og_locale":"de_DE","og_type":"article","og_title":"Powertage 2026: Der Treffpunkt der Schweizer Stromwirtschaft - fachbau.ch","og_description":"Die Powertage stehen f\u00fcr fundierten Wissenstransfer, hochkar\u00e4tiges Networking und konkrete Gesch\u00e4ftsm\u00f6glichkeiten entlang der gesamten Wertsch\u00f6pfungskette der Stromwirtschaft. Die Schweizer Strombranche steht vor grundlegenden Weichenstellungen. Versorgungssicherheit, bezahlbare Energiepreise, ambitionierte Klimaziele, das neue Stromgesetz, die Zusammenarbeit mit Europa sowie der beschleunigte Ausbau der Energieinfrastruktur verlangen nach tragf\u00e4higen L\u00f6sungen. \u201cDie Transformation des Energiesystems verlangt nach engem Austausch zwischen [&hellip;]","og_url":"https:\/\/www.fachbau.ch\/de\/intelligent-bauen\/2026-05-01\/powertage-2026-der-treffpunkt-der-schweizer-stromwirtschaft\/","og_site_name":"fachbau.ch","article_published_time":"2026-05-01T04:15:52+00:00","og_image":[{"width":800,"height":533,"url":"https:\/\/www.fachbau.ch\/wp-content\/uploads\/2026\/04\/powertage_26_fachbau.ch_.jpg","type":"image\/jpeg"}],"author":"Werner M\u00fcller","twitter_card":"summary_large_image","twitter_misc":{"Verfasst von":"Werner M\u00fcller","Gesch\u00e4tzte Lesezeit":"2\u00a0Minuten"},"schema":{"@context":"https:\/\/schema.org","@graph":[{"@type":"Article","@id":"https:\/\/www.fachbau.ch\/intelligent-bauen\/2026-05-01\/powertage-2026-der-treffpunkt-der-schweizer-stromwirtschaft\/#article","isPartOf":{"@id":"https:\/\/www.fachbau.ch\/intelligent-bauen\/2026-05-01\/powertage-2026-der-treffpunkt-der-schweizer-stromwirtschaft\/"},"author":{"name":"Werner M\u00fcller","@id":"https:\/\/www.fachbau.ch\/#\/schema\/person\/bb0eb1f344631c91fbdc226d96121267"},"headline":"Powertage 2026: Der Treffpunkt der Schweizer Stromwirtschaft","datePublished":"2026-05-01T04:15:52+00:00","mainEntityOfPage":{"@id":"https:\/\/www.fachbau.ch\/intelligent-bauen\/2026-05-01\/powertage-2026-der-treffpunkt-der-schweizer-stromwirtschaft\/"},"wordCount":326,"publisher":{"@id":"https:\/\/www.fachbau.ch\/#organization"},"image":{"@id":"https:\/\/www.fachbau.ch\/intelligent-bauen\/2026-05-01\/powertage-2026-der-treffpunkt-der-schweizer-stromwirtschaft\/#primaryimage"},"thumbnailUrl":"https:\/\/www.fachbau.ch\/wp-content\/uploads\/2026\/04\/powertage_26_fachbau.ch_-680x453.jpg","keywords":["Elektrizit\u00e4tsunternehmen","Energie","Sicherheit","Stromgesetz","Stromversorgung"],"articleSection":["intelligent bauen"],"inLanguage":"de"},{"@type":"WebPage","@id":"https:\/\/www.fachbau.ch\/intelligent-bauen\/2026-05-01\/powertage-2026-der-treffpunkt-der-schweizer-stromwirtschaft\/","url":"https:\/\/www.fachbau.ch\/intelligent-bauen\/2026-05-01\/powertage-2026-der-treffpunkt-der-schweizer-stromwirtschaft\/","name":"Powertage 2026: Der Treffpunkt der Schweizer Stromwirtschaft - fachbau.ch","isPartOf":{"@id":"https:\/\/www.fachbau.ch\/#website"},"primaryImageOfPage":{"@id":"https:\/\/www.fachbau.ch\/intelligent-bauen\/2026-05-01\/powertage-2026-der-treffpunkt-der-schweizer-stromwirtschaft\/#primaryimage"},"image":{"@id":"https:\/\/www.fachbau.ch\/intelligent-bauen\/2026-05-01\/powertage-2026-der-treffpunkt-der-schweizer-stromwirtschaft\/#primaryimage"},"thumbnailUrl":"https:\/\/www.fachbau.ch\/wp-content\/uploads\/2026\/04\/powertage_26_fachbau.ch_-680x453.jpg","datePublished":"2026-05-01T04:15:52+00:00","breadcrumb":{"@id":"https:\/\/www.fachbau.ch\/intelligent-bauen\/2026-05-01\/powertage-2026-der-treffpunkt-der-schweizer-stromwirtschaft\/#breadcrumb"},"inLanguage":"de","potentialAction":[{"@type":"ReadAction","target":["https:\/\/www.fachbau.ch\/intelligent-bauen\/2026-05-01\/powertage-2026-der-treffpunkt-der-schweizer-stromwirtschaft\/"]}]},{"@type":"ImageObject","inLanguage":"de","@id":"https:\/\/www.fachbau.ch\/intelligent-bauen\/2026-05-01\/powertage-2026-der-treffpunkt-der-schweizer-stromwirtschaft\/#primaryimage","url":"https:\/\/www.fachbau.ch\/wp-content\/uploads\/2026\/04\/powertage_26_fachbau.ch_-680x453.jpg","contentUrl":"https:\/\/www.fachbau.ch\/wp-content\/uploads\/2026\/04\/powertage_26_fachbau.ch_-680x453.jpg"},{"@type":"BreadcrumbList","@id":"https:\/\/www.fachbau.ch\/intelligent-bauen\/2026-05-01\/powertage-2026-der-treffpunkt-der-schweizer-stromwirtschaft\/#breadcrumb","itemListElement":[{"@type":"ListItem","position":1,"name":"Startseite","item":"https:\/\/www.fachbau.ch\/"},{"@type":"ListItem","position":2,"name":"Powertage 2026: Der Treffpunkt der Schweizer Stromwirtschaft"}]},{"@type":"WebSite","@id":"https:\/\/www.fachbau.ch\/#website","url":"https:\/\/www.fachbau.ch\/","name":"fachbau.ch","description":"Modernes, nachhaltiges Bauen.","publisher":{"@id":"https:\/\/www.fachbau.ch\/#organization"},"potentialAction":[{"@type":"SearchAction","target":{"@type":"EntryPoint","urlTemplate":"https:\/\/www.fachbau.ch\/?s={search_term_string}"},"query-input":{"@type":"PropertyValueSpecification","valueRequired":true,"valueName":"search_term_string"}}],"inLanguage":"de"},{"@type":"Organization","@id":"https:\/\/www.fachbau.ch\/#organization","name":"fachbau.ch","url":"https:\/\/www.fachbau.ch\/","logo":{"@type":"ImageObject","inLanguage":"de","@id":"https:\/\/www.fachbau.ch\/#\/schema\/logo\/image\/","url":"https:\/\/www.fachbau.ch\/wp-content\/uploads\/2021\/12\/Logo_fachbau_ch.png","contentUrl":"https:\/\/www.fachbau.ch\/wp-content\/uploads\/2021\/12\/Logo_fachbau_ch.png","width":283,"height":42,"caption":"fachbau.ch"},"image":{"@id":"https:\/\/www.fachbau.ch\/#\/schema\/logo\/image\/"}},{"@type":"Person","@id":"https:\/\/www.fachbau.ch\/#\/schema\/person\/bb0eb1f344631c91fbdc226d96121267","name":"Werner M\u00fcller","image":{"@type":"ImageObject","inLanguage":"de","@id":"https:\/\/secure.gravatar.com\/avatar\/dd33b3abab5c30713718f3dc2fea531e32746a37961949ca60d33f09919fd018?s=96&d=mm&r=g","url":"https:\/\/secure.gravatar.com\/avatar\/dd33b3abab5c30713718f3dc2fea531e32746a37961949ca60d33f09919fd018?s=96&d=mm&r=g","contentUrl":"https:\/\/secure.gravatar.com\/avatar\/dd33b3abab5c30713718f3dc2fea531e32746a37961949ca60d33f09919fd018?s=96&d=mm&r=g","caption":"Werner M\u00fcller"},"url":"https:\/\/www.fachbau.ch\/de\/author\/muewer\/"}]}},"_links":{"self":[{"href":"https:\/\/www.fachbau.ch\/de\/wp-json\/wp\/v2\/posts\/23990","targetHints":{"allow":["GET"]}}],"collection":[{"href":"https:\/\/www.fachbau.ch\/de\/wp-json\/wp\/v2\/posts"}],"about":[{"href":"https:\/\/www.fachbau.ch\/de\/wp-json\/wp\/v2\/types\/post"}],"author":[{"embeddable":true,"href":"https:\/\/www.fachbau.ch\/de\/wp-json\/wp\/v2\/users\/5"}],"replies":[{"embeddable":true,"href":"https:\/\/www.fachbau.ch\/de\/wp-json\/wp\/v2\/comments?post=23990"}],"version-history":[{"count":1,"href":"https:\/\/www.fachbau.ch\/de\/wp-json\/wp\/v2\/posts\/23990\/revisions"}],"predecessor-version":[{"id":23992,"href":"https:\/\/www.fachbau.ch\/de\/wp-json\/wp\/v2\/posts\/23990\/revisions\/23992"}],"wp:attachment":[{"href":"https:\/\/www.fachbau.ch\/de\/wp-json\/wp\/v2\/media?parent=23990"}],"wp:term":[{"taxonomy":"category","embeddable":true,"href":"https:\/\/www.fachbau.ch\/de\/wp-json\/wp\/v2\/categories?post=23990"},{"taxonomy":"post_tag","embeddable":true,"href":"https:\/\/www.fachbau.ch\/de\/wp-json\/wp\/v2\/tags?post=23990"}],"curies":[{"name":"wp","href":"https:\/\/api.w.org\/{rel}","templated":true}]}}