{"id":23987,"date":"2026-04-30T15:07:40","date_gmt":"2026-04-30T13:07:40","guid":{"rendered":"https:\/\/www.fachbau.ch\/?p=23987"},"modified":"2026-04-30T15:07:40","modified_gmt":"2026-04-30T13:07:40","slug":"holcim-reduziert-co-2-emissionen-um-37","status":"publish","type":"post","link":"https:\/\/www.fachbau.ch\/de\/der-bauingenieur\/2026-04-30\/holcim-reduziert-co-2-emissionen-um-37\/","title":{"rendered":"Holcim reduziert CO 2 -Emissionen um 37 %"},"content":{"rendered":"<figure id=\"attachment_23988\" aria-describedby=\"caption-attachment-23988\" style=\"width: 680px\" class=\"wp-caption alignnone\"><img loading=\"lazy\" decoding=\"async\" class=\"wp-image-23988 size-medium\" src=\"https:\/\/www.fachbau.ch\/wp-content\/uploads\/2026\/04\/holcim_co_fachbau.ch_-680x453.jpg\" alt=\"\" width=\"680\" height=\"453\" srcset=\"https:\/\/www.fachbau.ch\/wp-content\/uploads\/2026\/04\/holcim_co_fachbau.ch_-680x453.jpg 680w, https:\/\/www.fachbau.ch\/wp-content\/uploads\/2026\/04\/holcim_co_fachbau.ch_-768x511.jpg 768w, https:\/\/www.fachbau.ch\/wp-content\/uploads\/2026\/04\/holcim_co_fachbau.ch_-18x12.jpg 18w, https:\/\/www.fachbau.ch\/wp-content\/uploads\/2026\/04\/holcim_co_fachbau.ch_-375x250.jpg 375w, https:\/\/www.fachbau.ch\/wp-content\/uploads\/2026\/04\/holcim_co_fachbau.ch_-526x350.jpg 526w, https:\/\/www.fachbau.ch\/wp-content\/uploads\/2026\/04\/holcim_co_fachbau.ch_.jpg 820w\" sizes=\"auto, (max-width: 680px) 100vw, 680px\" \/><figcaption id=\"caption-attachment-23988\" class=\"wp-caption-text\">Das Projekt \u00abFlame\u00bb im Werk Ecl\u00e9pens (VD) demonstriert, wie nachhaltige Energiegewinnung und Zementproduktion zusammengehen.<\/figcaption><\/figure>\n<p>Massgeblich dazu beigetragen haben der verst\u00e4rkte Einsatz alternativer Brennstoffe sowie die zunehmende Verwendung von Recyclingmaterialien. Das Ziel: den Wandel hin zu einer klimaneutralen Kreislaufwirtschaft vorantreiben.<\/p>\n<p><strong>Innovationen als Hebel f\u00fcr Nachhaltigkeit<\/strong><\/p>\n<p>Wie dieses Ziel verfolgt wird, zeigt beispielsweise ein Blick in eines der drei Zementwerke der Holcim Schweiz: Das Projekt \u00abFlame\u00bb im Werk Ecl\u00e9pens (VD) demonstriert, wie nachhaltige Energiegewinnung und Zementproduktion zusammengehen. Fossile Brennstoffe werden weitgehend durch Alternativen wie Kunststoffreste oder Kl\u00e4rschlamm ersetzt. Das Resultat: Der Anteil alternativer Brennstoffe wurde in Ecl\u00e9pens innerhalb von sechs Monaten von 70 auf bis zu 95 Prozent erh\u00f6ht. Dadurch lassen sich allein im Zementwerk in Ecl\u00e9pens j\u00e4hrlich rund 40\u2019000 Tonnen CO\u2082 netto einsparen.<\/p>\n<p><strong>Weniger Klinker, mehr Kreislauf<\/strong><\/p>\n<p>Ein weiterer Pfeiler der Einsparung von CO 2 -Emissionen ist die Reduktion des Anteils an herk\u00f6mmlichen Klinker im Zement. Bei der Erhitzung von Kalkstein zur Herstellung von Klinker wird prozessbedingt besonders viel CO\u2082 freigesetzt. Deshalb ersetzt Holcim den Klinkeranteil im Zement zunehmend durch emissions\u00e4rmere Stoffe wie aufbereitetes Abbruchmaterial oder kalzinierten Ton. Dies erm\u00f6glicht einen geschlossenen Materialkreislauf, der Ressourcen schont und Emissionen reduziert. Und das ohne Abstriche bei der Produktqualit\u00e4t. Die Kombination unterschiedlicher Massnahmen zeigt Wirkung: Insgesamt hat Holcim Schweiz ihre Netto-CO\u2082-Emissionen pro Tonne Zement seit 1990 um 37 Prozent gesenkt. Diese Kennzahl umfasst die direkten Scope-1-Emissionen aus Rohmaterialien und fossilen Brennstoffen, wobei die Emissionen aus alternativen Brennstoffen nicht eingerechnet werden. Das heisst: Je mehr die Zementwerke fossile Brennstoffe durch alternative Brennstoffe ersetzen, desto st\u00e4rker sinkt ihr Netto-CO\u2082-Ausstoss. Damit ist die Holcim Schweiz auf Kurs, ihr Ziel, bis 2050 ausschliesslich klimaneutrale und vollst\u00e4ndig rezyklierbare Baustoffe zu produzieren, zu erreichen.<\/p>\n<p><a href=\"http:\/\/holcim.ch\" target=\"_blank\" rel=\"noopener\"><strong>holcim.ch<\/strong><\/a><\/p>\n","protected":false},"excerpt":{"rendered":"<p>Massgeblich dazu beigetragen haben der verst\u00e4rkte Einsatz alternativer Brennstoffe sowie die zunehmende Verwendung von Recyclingmaterialien. Das Ziel: den Wandel hin zu einer klimaneutralen Kreislaufwirtschaft vorantreiben. Innovationen als Hebel f\u00fcr Nachhaltigkeit Wie dieses Ziel verfolgt wird, zeigt beispielsweise ein Blick in eines der drei Zementwerke der Holcim Schweiz: Das Projekt \u00abFlame\u00bb im Werk Ecl\u00e9pens (VD) demonstriert, [&hellip;]<\/p>\n","protected":false},"author":5,"featured_media":0,"comment_status":"closed","ping_status":"closed","sticky":false,"template":"","format":"standard","meta":{"_acf_changed":false,"pgc_sgb_lightbox_settings":"","footnotes":""},"categories":[18],"tags":[220,269,363,928],"class_list":["post-23987","post","type-post","status-publish","format-standard","hentry","category-der-bauingenieur","tag-baustoffrecycling","tag-betonproduktion","tag-co2-reduktion","tag-kreislaufwirtschaft"],"acf":[],"yoast_head":"<!-- This site is optimized with the Yoast SEO plugin v27.5 - https:\/\/yoast.com\/product\/yoast-seo-wordpress\/ -->\n<title>Holcim reduziert CO 2 -Emissionen um 37 % - fachbau.ch<\/title>\n<meta name=\"robots\" content=\"index, follow, max-snippet:-1, max-image-preview:large, max-video-preview:-1\" \/>\n<link rel=\"canonical\" href=\"https:\/\/www.fachbau.ch\/de\/der-bauingenieur\/2026-04-30\/holcim-reduziert-co-2-emissionen-um-37\/\" \/>\n<meta property=\"og:locale\" content=\"de_DE\" \/>\n<meta property=\"og:type\" content=\"article\" \/>\n<meta property=\"og:title\" content=\"Holcim reduziert CO 2 -Emissionen um 37 % - fachbau.ch\" \/>\n<meta property=\"og:description\" content=\"Massgeblich dazu beigetragen haben der verst\u00e4rkte Einsatz alternativer Brennstoffe sowie die zunehmende Verwendung von Recyclingmaterialien. Das Ziel: den Wandel hin zu einer klimaneutralen Kreislaufwirtschaft vorantreiben. Innovationen als Hebel f\u00fcr Nachhaltigkeit Wie dieses Ziel verfolgt wird, zeigt beispielsweise ein Blick in eines der drei Zementwerke der Holcim Schweiz: Das Projekt \u00abFlame\u00bb im Werk Ecl\u00e9pens (VD) demonstriert, [&hellip;]\" \/>\n<meta property=\"og:url\" content=\"https:\/\/www.fachbau.ch\/de\/der-bauingenieur\/2026-04-30\/holcim-reduziert-co-2-emissionen-um-37\/\" \/>\n<meta property=\"og:site_name\" content=\"fachbau.ch\" \/>\n<meta property=\"article:published_time\" content=\"2026-04-30T13:07:40+00:00\" \/>\n<meta property=\"og:image\" content=\"https:\/\/www.fachbau.ch\/wp-content\/uploads\/2026\/04\/holcim_co_fachbau.ch_.jpg\" \/>\n\t<meta property=\"og:image:width\" content=\"820\" \/>\n\t<meta property=\"og:image:height\" content=\"546\" \/>\n\t<meta property=\"og:image:type\" content=\"image\/jpeg\" \/>\n<meta name=\"author\" content=\"Werner M\u00fcller\" \/>\n<meta name=\"twitter:card\" content=\"summary_large_image\" \/>\n<meta name=\"twitter:label1\" content=\"Verfasst von\" \/>\n\t<meta name=\"twitter:data1\" content=\"Werner M\u00fcller\" \/>\n\t<meta name=\"twitter:label2\" content=\"Gesch\u00e4tzte Lesezeit\" \/>\n\t<meta name=\"twitter:data2\" content=\"2\u00a0Minuten\" \/>\n<script type=\"application\/ld+json\" class=\"yoast-schema-graph\">{\"@context\":\"https:\\\/\\\/schema.org\",\"@graph\":[{\"@type\":\"Article\",\"@id\":\"https:\\\/\\\/www.fachbau.ch\\\/der-bauingenieur\\\/2026-04-30\\\/holcim-reduziert-co-2-emissionen-um-37\\\/#article\",\"isPartOf\":{\"@id\":\"https:\\\/\\\/www.fachbau.ch\\\/der-bauingenieur\\\/2026-04-30\\\/holcim-reduziert-co-2-emissionen-um-37\\\/\"},\"author\":{\"name\":\"Werner M\u00fcller\",\"@id\":\"https:\\\/\\\/www.fachbau.ch\\\/#\\\/schema\\\/person\\\/bb0eb1f344631c91fbdc226d96121267\"},\"headline\":\"Holcim reduziert CO 2 -Emissionen um 37 %\",\"datePublished\":\"2026-04-30T13:07:40+00:00\",\"mainEntityOfPage\":{\"@id\":\"https:\\\/\\\/www.fachbau.ch\\\/der-bauingenieur\\\/2026-04-30\\\/holcim-reduziert-co-2-emissionen-um-37\\\/\"},\"wordCount\":299,\"publisher\":{\"@id\":\"https:\\\/\\\/www.fachbau.ch\\\/#organization\"},\"image\":{\"@id\":\"https:\\\/\\\/www.fachbau.ch\\\/der-bauingenieur\\\/2026-04-30\\\/holcim-reduziert-co-2-emissionen-um-37\\\/#primaryimage\"},\"thumbnailUrl\":\"https:\\\/\\\/www.fachbau.ch\\\/wp-content\\\/uploads\\\/2026\\\/04\\\/holcim_co_fachbau.ch_-680x453.jpg\",\"keywords\":[\"Baustoffrecycling\",\"Betonproduktion\",\"CO2-Reduktion\",\"Kreislaufwirtschaft\"],\"articleSection\":[\"der bauingenieur\"],\"inLanguage\":\"de\"},{\"@type\":\"WebPage\",\"@id\":\"https:\\\/\\\/www.fachbau.ch\\\/der-bauingenieur\\\/2026-04-30\\\/holcim-reduziert-co-2-emissionen-um-37\\\/\",\"url\":\"https:\\\/\\\/www.fachbau.ch\\\/der-bauingenieur\\\/2026-04-30\\\/holcim-reduziert-co-2-emissionen-um-37\\\/\",\"name\":\"Holcim reduziert CO 2 -Emissionen um 37 % - fachbau.ch\",\"isPartOf\":{\"@id\":\"https:\\\/\\\/www.fachbau.ch\\\/#website\"},\"primaryImageOfPage\":{\"@id\":\"https:\\\/\\\/www.fachbau.ch\\\/der-bauingenieur\\\/2026-04-30\\\/holcim-reduziert-co-2-emissionen-um-37\\\/#primaryimage\"},\"image\":{\"@id\":\"https:\\\/\\\/www.fachbau.ch\\\/der-bauingenieur\\\/2026-04-30\\\/holcim-reduziert-co-2-emissionen-um-37\\\/#primaryimage\"},\"thumbnailUrl\":\"https:\\\/\\\/www.fachbau.ch\\\/wp-content\\\/uploads\\\/2026\\\/04\\\/holcim_co_fachbau.ch_-680x453.jpg\",\"datePublished\":\"2026-04-30T13:07:40+00:00\",\"breadcrumb\":{\"@id\":\"https:\\\/\\\/www.fachbau.ch\\\/der-bauingenieur\\\/2026-04-30\\\/holcim-reduziert-co-2-emissionen-um-37\\\/#breadcrumb\"},\"inLanguage\":\"de\",\"potentialAction\":[{\"@type\":\"ReadAction\",\"target\":[\"https:\\\/\\\/www.fachbau.ch\\\/der-bauingenieur\\\/2026-04-30\\\/holcim-reduziert-co-2-emissionen-um-37\\\/\"]}]},{\"@type\":\"ImageObject\",\"inLanguage\":\"de\",\"@id\":\"https:\\\/\\\/www.fachbau.ch\\\/der-bauingenieur\\\/2026-04-30\\\/holcim-reduziert-co-2-emissionen-um-37\\\/#primaryimage\",\"url\":\"https:\\\/\\\/www.fachbau.ch\\\/wp-content\\\/uploads\\\/2026\\\/04\\\/holcim_co_fachbau.ch_-680x453.jpg\",\"contentUrl\":\"https:\\\/\\\/www.fachbau.ch\\\/wp-content\\\/uploads\\\/2026\\\/04\\\/holcim_co_fachbau.ch_-680x453.jpg\"},{\"@type\":\"BreadcrumbList\",\"@id\":\"https:\\\/\\\/www.fachbau.ch\\\/der-bauingenieur\\\/2026-04-30\\\/holcim-reduziert-co-2-emissionen-um-37\\\/#breadcrumb\",\"itemListElement\":[{\"@type\":\"ListItem\",\"position\":1,\"name\":\"Startseite\",\"item\":\"https:\\\/\\\/www.fachbau.ch\\\/\"},{\"@type\":\"ListItem\",\"position\":2,\"name\":\"Holcim reduziert CO 2 -Emissionen um 37 %\"}]},{\"@type\":\"WebSite\",\"@id\":\"https:\\\/\\\/www.fachbau.ch\\\/#website\",\"url\":\"https:\\\/\\\/www.fachbau.ch\\\/\",\"name\":\"fachbau.ch\",\"description\":\"Modernes, nachhaltiges Bauen.\",\"publisher\":{\"@id\":\"https:\\\/\\\/www.fachbau.ch\\\/#organization\"},\"potentialAction\":[{\"@type\":\"SearchAction\",\"target\":{\"@type\":\"EntryPoint\",\"urlTemplate\":\"https:\\\/\\\/www.fachbau.ch\\\/?s={search_term_string}\"},\"query-input\":{\"@type\":\"PropertyValueSpecification\",\"valueRequired\":true,\"valueName\":\"search_term_string\"}}],\"inLanguage\":\"de\"},{\"@type\":\"Organization\",\"@id\":\"https:\\\/\\\/www.fachbau.ch\\\/#organization\",\"name\":\"fachbau.ch\",\"url\":\"https:\\\/\\\/www.fachbau.ch\\\/\",\"logo\":{\"@type\":\"ImageObject\",\"inLanguage\":\"de\",\"@id\":\"https:\\\/\\\/www.fachbau.ch\\\/#\\\/schema\\\/logo\\\/image\\\/\",\"url\":\"https:\\\/\\\/www.fachbau.ch\\\/wp-content\\\/uploads\\\/2021\\\/12\\\/Logo_fachbau_ch.png\",\"contentUrl\":\"https:\\\/\\\/www.fachbau.ch\\\/wp-content\\\/uploads\\\/2021\\\/12\\\/Logo_fachbau_ch.png\",\"width\":283,\"height\":42,\"caption\":\"fachbau.ch\"},\"image\":{\"@id\":\"https:\\\/\\\/www.fachbau.ch\\\/#\\\/schema\\\/logo\\\/image\\\/\"}},{\"@type\":\"Person\",\"@id\":\"https:\\\/\\\/www.fachbau.ch\\\/#\\\/schema\\\/person\\\/bb0eb1f344631c91fbdc226d96121267\",\"name\":\"Werner M\u00fcller\",\"image\":{\"@type\":\"ImageObject\",\"inLanguage\":\"de\",\"@id\":\"https:\\\/\\\/secure.gravatar.com\\\/avatar\\\/dd33b3abab5c30713718f3dc2fea531e32746a37961949ca60d33f09919fd018?s=96&d=mm&r=g\",\"url\":\"https:\\\/\\\/secure.gravatar.com\\\/avatar\\\/dd33b3abab5c30713718f3dc2fea531e32746a37961949ca60d33f09919fd018?s=96&d=mm&r=g\",\"contentUrl\":\"https:\\\/\\\/secure.gravatar.com\\\/avatar\\\/dd33b3abab5c30713718f3dc2fea531e32746a37961949ca60d33f09919fd018?s=96&d=mm&r=g\",\"caption\":\"Werner M\u00fcller\"},\"url\":\"https:\\\/\\\/www.fachbau.ch\\\/de\\\/author\\\/muewer\\\/\"}]}<\/script>\n<!-- \/ Yoast SEO plugin. -->","yoast_head_json":{"title":"Holcim reduziert CO 2 -Emissionen um 37 % - fachbau.ch","robots":{"index":"index","follow":"follow","max-snippet":"max-snippet:-1","max-image-preview":"max-image-preview:large","max-video-preview":"max-video-preview:-1"},"canonical":"https:\/\/www.fachbau.ch\/de\/der-bauingenieur\/2026-04-30\/holcim-reduziert-co-2-emissionen-um-37\/","og_locale":"de_DE","og_type":"article","og_title":"Holcim reduziert CO 2 -Emissionen um 37 % - fachbau.ch","og_description":"Massgeblich dazu beigetragen haben der verst\u00e4rkte Einsatz alternativer Brennstoffe sowie die zunehmende Verwendung von Recyclingmaterialien. Das Ziel: den Wandel hin zu einer klimaneutralen Kreislaufwirtschaft vorantreiben. Innovationen als Hebel f\u00fcr Nachhaltigkeit Wie dieses Ziel verfolgt wird, zeigt beispielsweise ein Blick in eines der drei Zementwerke der Holcim Schweiz: Das Projekt \u00abFlame\u00bb im Werk Ecl\u00e9pens (VD) demonstriert, [&hellip;]","og_url":"https:\/\/www.fachbau.ch\/de\/der-bauingenieur\/2026-04-30\/holcim-reduziert-co-2-emissionen-um-37\/","og_site_name":"fachbau.ch","article_published_time":"2026-04-30T13:07:40+00:00","og_image":[{"width":820,"height":546,"url":"https:\/\/www.fachbau.ch\/wp-content\/uploads\/2026\/04\/holcim_co_fachbau.ch_.jpg","type":"image\/jpeg"}],"author":"Werner M\u00fcller","twitter_card":"summary_large_image","twitter_misc":{"Verfasst von":"Werner M\u00fcller","Gesch\u00e4tzte Lesezeit":"2\u00a0Minuten"},"schema":{"@context":"https:\/\/schema.org","@graph":[{"@type":"Article","@id":"https:\/\/www.fachbau.ch\/der-bauingenieur\/2026-04-30\/holcim-reduziert-co-2-emissionen-um-37\/#article","isPartOf":{"@id":"https:\/\/www.fachbau.ch\/der-bauingenieur\/2026-04-30\/holcim-reduziert-co-2-emissionen-um-37\/"},"author":{"name":"Werner M\u00fcller","@id":"https:\/\/www.fachbau.ch\/#\/schema\/person\/bb0eb1f344631c91fbdc226d96121267"},"headline":"Holcim reduziert CO 2 -Emissionen um 37 %","datePublished":"2026-04-30T13:07:40+00:00","mainEntityOfPage":{"@id":"https:\/\/www.fachbau.ch\/der-bauingenieur\/2026-04-30\/holcim-reduziert-co-2-emissionen-um-37\/"},"wordCount":299,"publisher":{"@id":"https:\/\/www.fachbau.ch\/#organization"},"image":{"@id":"https:\/\/www.fachbau.ch\/der-bauingenieur\/2026-04-30\/holcim-reduziert-co-2-emissionen-um-37\/#primaryimage"},"thumbnailUrl":"https:\/\/www.fachbau.ch\/wp-content\/uploads\/2026\/04\/holcim_co_fachbau.ch_-680x453.jpg","keywords":["Baustoffrecycling","Betonproduktion","CO2-Reduktion","Kreislaufwirtschaft"],"articleSection":["der bauingenieur"],"inLanguage":"de"},{"@type":"WebPage","@id":"https:\/\/www.fachbau.ch\/der-bauingenieur\/2026-04-30\/holcim-reduziert-co-2-emissionen-um-37\/","url":"https:\/\/www.fachbau.ch\/der-bauingenieur\/2026-04-30\/holcim-reduziert-co-2-emissionen-um-37\/","name":"Holcim reduziert CO 2 -Emissionen um 37 % - fachbau.ch","isPartOf":{"@id":"https:\/\/www.fachbau.ch\/#website"},"primaryImageOfPage":{"@id":"https:\/\/www.fachbau.ch\/der-bauingenieur\/2026-04-30\/holcim-reduziert-co-2-emissionen-um-37\/#primaryimage"},"image":{"@id":"https:\/\/www.fachbau.ch\/der-bauingenieur\/2026-04-30\/holcim-reduziert-co-2-emissionen-um-37\/#primaryimage"},"thumbnailUrl":"https:\/\/www.fachbau.ch\/wp-content\/uploads\/2026\/04\/holcim_co_fachbau.ch_-680x453.jpg","datePublished":"2026-04-30T13:07:40+00:00","breadcrumb":{"@id":"https:\/\/www.fachbau.ch\/der-bauingenieur\/2026-04-30\/holcim-reduziert-co-2-emissionen-um-37\/#breadcrumb"},"inLanguage":"de","potentialAction":[{"@type":"ReadAction","target":["https:\/\/www.fachbau.ch\/der-bauingenieur\/2026-04-30\/holcim-reduziert-co-2-emissionen-um-37\/"]}]},{"@type":"ImageObject","inLanguage":"de","@id":"https:\/\/www.fachbau.ch\/der-bauingenieur\/2026-04-30\/holcim-reduziert-co-2-emissionen-um-37\/#primaryimage","url":"https:\/\/www.fachbau.ch\/wp-content\/uploads\/2026\/04\/holcim_co_fachbau.ch_-680x453.jpg","contentUrl":"https:\/\/www.fachbau.ch\/wp-content\/uploads\/2026\/04\/holcim_co_fachbau.ch_-680x453.jpg"},{"@type":"BreadcrumbList","@id":"https:\/\/www.fachbau.ch\/der-bauingenieur\/2026-04-30\/holcim-reduziert-co-2-emissionen-um-37\/#breadcrumb","itemListElement":[{"@type":"ListItem","position":1,"name":"Startseite","item":"https:\/\/www.fachbau.ch\/"},{"@type":"ListItem","position":2,"name":"Holcim reduziert CO 2 -Emissionen um 37 %"}]},{"@type":"WebSite","@id":"https:\/\/www.fachbau.ch\/#website","url":"https:\/\/www.fachbau.ch\/","name":"fachbau.ch","description":"Modernes, nachhaltiges Bauen.","publisher":{"@id":"https:\/\/www.fachbau.ch\/#organization"},"potentialAction":[{"@type":"SearchAction","target":{"@type":"EntryPoint","urlTemplate":"https:\/\/www.fachbau.ch\/?s={search_term_string}"},"query-input":{"@type":"PropertyValueSpecification","valueRequired":true,"valueName":"search_term_string"}}],"inLanguage":"de"},{"@type":"Organization","@id":"https:\/\/www.fachbau.ch\/#organization","name":"fachbau.ch","url":"https:\/\/www.fachbau.ch\/","logo":{"@type":"ImageObject","inLanguage":"de","@id":"https:\/\/www.fachbau.ch\/#\/schema\/logo\/image\/","url":"https:\/\/www.fachbau.ch\/wp-content\/uploads\/2021\/12\/Logo_fachbau_ch.png","contentUrl":"https:\/\/www.fachbau.ch\/wp-content\/uploads\/2021\/12\/Logo_fachbau_ch.png","width":283,"height":42,"caption":"fachbau.ch"},"image":{"@id":"https:\/\/www.fachbau.ch\/#\/schema\/logo\/image\/"}},{"@type":"Person","@id":"https:\/\/www.fachbau.ch\/#\/schema\/person\/bb0eb1f344631c91fbdc226d96121267","name":"Werner M\u00fcller","image":{"@type":"ImageObject","inLanguage":"de","@id":"https:\/\/secure.gravatar.com\/avatar\/dd33b3abab5c30713718f3dc2fea531e32746a37961949ca60d33f09919fd018?s=96&d=mm&r=g","url":"https:\/\/secure.gravatar.com\/avatar\/dd33b3abab5c30713718f3dc2fea531e32746a37961949ca60d33f09919fd018?s=96&d=mm&r=g","contentUrl":"https:\/\/secure.gravatar.com\/avatar\/dd33b3abab5c30713718f3dc2fea531e32746a37961949ca60d33f09919fd018?s=96&d=mm&r=g","caption":"Werner M\u00fcller"},"url":"https:\/\/www.fachbau.ch\/de\/author\/muewer\/"}]}},"_links":{"self":[{"href":"https:\/\/www.fachbau.ch\/de\/wp-json\/wp\/v2\/posts\/23987","targetHints":{"allow":["GET"]}}],"collection":[{"href":"https:\/\/www.fachbau.ch\/de\/wp-json\/wp\/v2\/posts"}],"about":[{"href":"https:\/\/www.fachbau.ch\/de\/wp-json\/wp\/v2\/types\/post"}],"author":[{"embeddable":true,"href":"https:\/\/www.fachbau.ch\/de\/wp-json\/wp\/v2\/users\/5"}],"replies":[{"embeddable":true,"href":"https:\/\/www.fachbau.ch\/de\/wp-json\/wp\/v2\/comments?post=23987"}],"version-history":[{"count":1,"href":"https:\/\/www.fachbau.ch\/de\/wp-json\/wp\/v2\/posts\/23987\/revisions"}],"predecessor-version":[{"id":23989,"href":"https:\/\/www.fachbau.ch\/de\/wp-json\/wp\/v2\/posts\/23987\/revisions\/23989"}],"wp:attachment":[{"href":"https:\/\/www.fachbau.ch\/de\/wp-json\/wp\/v2\/media?parent=23987"}],"wp:term":[{"taxonomy":"category","embeddable":true,"href":"https:\/\/www.fachbau.ch\/de\/wp-json\/wp\/v2\/categories?post=23987"},{"taxonomy":"post_tag","embeddable":true,"href":"https:\/\/www.fachbau.ch\/de\/wp-json\/wp\/v2\/tags?post=23987"}],"curies":[{"name":"wp","href":"https:\/\/api.w.org\/{rel}","templated":true}]}}