{"id":23975,"date":"2026-04-30T09:44:21","date_gmt":"2026-04-30T07:44:21","guid":{"rendered":"https:\/\/www.fachbau.ch\/?p=23975"},"modified":"2026-04-30T09:44:21","modified_gmt":"2026-04-30T07:44:21","slug":"andre-wyss-ist-der-neue-sbb-praesident","status":"publish","type":"post","link":"https:\/\/www.fachbau.ch\/de\/die-baustellen\/2026-04-30\/andre-wyss-ist-der-neue-sbb-praesident\/","title":{"rendered":"Andr\u00e9 Wyss ist der neue SBB-Pr\u00e4sident"},"content":{"rendered":"<p>Die Wahl von Andr\u00e9 Wyss zum SBB-Pr\u00e4sidenten erfolgte an der ordentlichen Generalversammlung der SBB in Bern, an der die Eidgenossenschaft durch das Eidgen\u00f6ssische Departement f\u00fcr Umwelt, Verkehr, Energie und Kommunikation (Uvek) vertreten war. Wyss \u00fcbernahm das Amt am 29. April 2026 und folgt damit auf Monika Ribar, die nach zw\u00f6lf Jahren im Verwaltungsrat, zehn davon als Pr\u00e4sidentin, aus dem Gremium ausgeschieden ist.<\/p>\n<figure id=\"attachment_23978\" aria-describedby=\"caption-attachment-23978\" style=\"width: 768px\" class=\"wp-caption alignnone\"><img loading=\"lazy\" decoding=\"async\" class=\"size-large wp-image-23978\" src=\"https:\/\/www.fachbau.ch\/wp-content\/uploads\/2026\/04\/sbb_andre_wyss_fachbau.ch_-scaled-e1777534706278-1024x619.jpeg\" alt=\"Der neue SBB-Verwaltungsratspr\u00e4sident Andr\u00e9 Wyss war von 2018 bis M\u00e4rz 2025 CEO von Implenia. (Foto: SBB)\" width=\"768\" height=\"464\" srcset=\"https:\/\/www.fachbau.ch\/wp-content\/uploads\/2026\/04\/sbb_andre_wyss_fachbau.ch_-scaled-e1777534706278-1024x619.jpeg 1024w, https:\/\/www.fachbau.ch\/wp-content\/uploads\/2026\/04\/sbb_andre_wyss_fachbau.ch_-scaled-e1777534706278-680x411.jpeg 680w, https:\/\/www.fachbau.ch\/wp-content\/uploads\/2026\/04\/sbb_andre_wyss_fachbau.ch_-scaled-e1777534706278-768x464.jpeg 768w, https:\/\/www.fachbau.ch\/wp-content\/uploads\/2026\/04\/sbb_andre_wyss_fachbau.ch_-scaled-e1777534706278-18x12.jpeg 18w, https:\/\/www.fachbau.ch\/wp-content\/uploads\/2026\/04\/sbb_andre_wyss_fachbau.ch_-scaled-e1777534706278-375x227.jpeg 375w, https:\/\/www.fachbau.ch\/wp-content\/uploads\/2026\/04\/sbb_andre_wyss_fachbau.ch_-scaled-e1777534706278-579x350.jpeg 579w, https:\/\/www.fachbau.ch\/wp-content\/uploads\/2026\/04\/sbb_andre_wyss_fachbau.ch_-scaled-e1777534706278-1000x604.jpeg 1000w, https:\/\/www.fachbau.ch\/wp-content\/uploads\/2026\/04\/sbb_andre_wyss_fachbau.ch_-scaled-e1777534706278.jpeg 1120w\" sizes=\"auto, (max-width: 768px) 100vw, 768px\" \/><figcaption id=\"caption-attachment-23978\" class=\"wp-caption-text\">Der neue SBB-Verwaltungsratspr\u00e4sident Andr\u00e9 Wyss war von 2018 bis M\u00e4rz 2025 CEO von Implenia. (Foto: SBB)<\/figcaption><\/figure>\n<h3>40 Jahre F\u00fchrungserfahrung<\/h3>\n<p>Wyss ist seit einem Jahr Mitglied des Verwaltungsrats der SBB. Er verf\u00fcgt \u00fcber 40 Jahre F\u00fchrungserfahrung in der Bau- und Immobilienbranche sowie in der Pharmaindustrie. Er absolvierte nach seiner Lehre als Chemikant berufsbegleitend ein Wirtschaftsstudium an der H\u00f6heren Wirtschafts- und Verwaltungsschule und bildete sich an der Harvard Business School weiter. Wyss war in der Konzernleitung von Novartis und von 2018 bis Ende M\u00e4rz 2025 CEO des international t\u00e4tigen Schweizer Bau- und Immobilienkonzerns Implenia. Der neue Verwaltungsratspr\u00e4sident will gem\u00e4ss Mitteilung die SBB als modernes und nachhaltiges R\u00fcckgrat der Schweiz weiterentwickeln. Wichtig sind ihm dabei Stabilit\u00e4t und Innovation.<\/p>\n<p><a href=\"https:\/\/news.sbb.ch\/de\/019db5d4-8032-725a-bb7c-a46a695109b1\/andre-wyss-ist-neuer-praesident-der-sbb\" target=\"_blank\" rel=\"noopener\"><strong>&gt; news.sbb.ch\/<\/strong><\/a><\/p>\n","protected":false},"excerpt":{"rendered":"<p>Die Wahl von Andr\u00e9 Wyss zum SBB-Pr\u00e4sidenten erfolgte an der ordentlichen Generalversammlung der SBB in Bern, an der die Eidgenossenschaft durch das Eidgen\u00f6ssische Departement f\u00fcr Umwelt, Verkehr, Energie und Kommunikation (Uvek) vertreten war. Wyss \u00fcbernahm das Amt am 29. April 2026 und folgt damit auf Monika Ribar, die nach zw\u00f6lf Jahren im Verwaltungsrat, zehn davon [&hellip;]<\/p>\n","protected":false},"author":6,"featured_media":23978,"comment_status":"closed","ping_status":"closed","sticky":false,"template":"","format":"standard","meta":{"_acf_changed":false,"pgc_sgb_lightbox_settings":"","footnotes":""},"categories":[19],"tags":[2745,130,814,817,825,1289,2844,1577,1578],"class_list":["post-23975","post","type-post","status-publish","format-standard","has-post-thumbnail","hentry","category-die-baustellen","tag-bahn","tag-bahnbau","tag-immobilien","tag-implenia","tag-infrastruktur","tag-sbb","tag-uvek","tag-verkehrsbau","tag-verkehrsinfrastruktur"],"acf":[],"yoast_head":"<!-- This site is optimized with the Yoast SEO plugin v27.5 - https:\/\/yoast.com\/product\/yoast-seo-wordpress\/ -->\n<title>Andr\u00e9 Wyss ist der neue SBB-Pr\u00e4sident - fachbau.ch<\/title>\n<meta name=\"description\" content=\"Der fr\u00fchere CEO von Implenia, Andr\u00e9 Wyss wurde an der Generalversammlung der SBB am 29. April 2026 zum neuen Verwaltungsratspr\u00e4sidenten gew\u00e4hlt. Er folgt auf Monika Ribar, die das Pr\u00e4sidium aufgrund der Amtszeitbeschr\u00e4nkung abgibt.\" \/>\n<meta name=\"robots\" content=\"index, follow, max-snippet:-1, max-image-preview:large, max-video-preview:-1\" \/>\n<link rel=\"canonical\" href=\"https:\/\/www.fachbau.ch\/de\/die-baustellen\/2026-04-30\/andre-wyss-ist-der-neue-sbb-praesident\/\" \/>\n<meta property=\"og:locale\" content=\"de_DE\" \/>\n<meta property=\"og:type\" content=\"article\" \/>\n<meta property=\"og:title\" content=\"Andr\u00e9 Wyss ist der neue SBB-Pr\u00e4sident - fachbau.ch\" \/>\n<meta property=\"og:description\" content=\"Der fr\u00fchere CEO von Implenia, Andr\u00e9 Wyss wurde an der Generalversammlung der SBB am 29. April 2026 zum neuen Verwaltungsratspr\u00e4sidenten gew\u00e4hlt. Er folgt auf Monika Ribar, die das Pr\u00e4sidium aufgrund der Amtszeitbeschr\u00e4nkung abgibt.\" \/>\n<meta property=\"og:url\" content=\"https:\/\/www.fachbau.ch\/de\/die-baustellen\/2026-04-30\/andre-wyss-ist-der-neue-sbb-praesident\/\" \/>\n<meta property=\"og:site_name\" content=\"fachbau.ch\" \/>\n<meta property=\"article:published_time\" content=\"2026-04-30T07:44:21+00:00\" \/>\n<meta property=\"og:image\" content=\"https:\/\/www.fachbau.ch\/wp-content\/uploads\/2026\/04\/sbb_andre_wyss_fachbau.ch_-scaled-e1777534706278.jpeg\" \/>\n\t<meta property=\"og:image:width\" content=\"1120\" \/>\n\t<meta property=\"og:image:height\" content=\"677\" \/>\n\t<meta property=\"og:image:type\" content=\"image\/jpeg\" \/>\n<meta name=\"author\" content=\"Massimo Diana\" \/>\n<meta name=\"twitter:card\" content=\"summary_large_image\" \/>\n<meta name=\"twitter:label1\" content=\"Verfasst von\" \/>\n\t<meta name=\"twitter:data1\" content=\"Massimo Diana\" \/>\n\t<meta name=\"twitter:label2\" content=\"Gesch\u00e4tzte Lesezeit\" \/>\n\t<meta name=\"twitter:data2\" content=\"2\u00a0Minuten\" \/>\n<script type=\"application\/ld+json\" class=\"yoast-schema-graph\">{\"@context\":\"https:\\\/\\\/schema.org\",\"@graph\":[{\"@type\":\"Article\",\"@id\":\"https:\\\/\\\/www.fachbau.ch\\\/die-baustellen\\\/2026-04-30\\\/andre-wyss-ist-der-neue-sbb-praesident\\\/#article\",\"isPartOf\":{\"@id\":\"https:\\\/\\\/www.fachbau.ch\\\/die-baustellen\\\/2026-04-30\\\/andre-wyss-ist-der-neue-sbb-praesident\\\/\"},\"author\":{\"name\":\"Massimo Diana\",\"@id\":\"https:\\\/\\\/www.fachbau.ch\\\/#\\\/schema\\\/person\\\/5f74362d227c002f5e78a1f7dfea5b17\"},\"headline\":\"Andr\u00e9 Wyss ist der neue SBB-Pr\u00e4sident\",\"datePublished\":\"2026-04-30T07:44:21+00:00\",\"mainEntityOfPage\":{\"@id\":\"https:\\\/\\\/www.fachbau.ch\\\/die-baustellen\\\/2026-04-30\\\/andre-wyss-ist-der-neue-sbb-praesident\\\/\"},\"wordCount\":204,\"publisher\":{\"@id\":\"https:\\\/\\\/www.fachbau.ch\\\/#organization\"},\"image\":{\"@id\":\"https:\\\/\\\/www.fachbau.ch\\\/die-baustellen\\\/2026-04-30\\\/andre-wyss-ist-der-neue-sbb-praesident\\\/#primaryimage\"},\"thumbnailUrl\":\"https:\\\/\\\/www.fachbau.ch\\\/wp-content\\\/uploads\\\/2026\\\/04\\\/sbb_andre_wyss_fachbau.ch_-scaled-e1777534706278.jpeg\",\"keywords\":[\"Bahn\",\"Bahnbau\",\"Immobilien\",\"Implenia\",\"Infrastruktur\",\"SBB\",\"Uvek\",\"Verkehrsbau\",\"Verkehrsinfrastruktur\"],\"articleSection\":[\"die baustellen\"],\"inLanguage\":\"de\"},{\"@type\":\"WebPage\",\"@id\":\"https:\\\/\\\/www.fachbau.ch\\\/die-baustellen\\\/2026-04-30\\\/andre-wyss-ist-der-neue-sbb-praesident\\\/\",\"url\":\"https:\\\/\\\/www.fachbau.ch\\\/die-baustellen\\\/2026-04-30\\\/andre-wyss-ist-der-neue-sbb-praesident\\\/\",\"name\":\"Andr\u00e9 Wyss ist der neue SBB-Pr\u00e4sident - fachbau.ch\",\"isPartOf\":{\"@id\":\"https:\\\/\\\/www.fachbau.ch\\\/#website\"},\"primaryImageOfPage\":{\"@id\":\"https:\\\/\\\/www.fachbau.ch\\\/die-baustellen\\\/2026-04-30\\\/andre-wyss-ist-der-neue-sbb-praesident\\\/#primaryimage\"},\"image\":{\"@id\":\"https:\\\/\\\/www.fachbau.ch\\\/die-baustellen\\\/2026-04-30\\\/andre-wyss-ist-der-neue-sbb-praesident\\\/#primaryimage\"},\"thumbnailUrl\":\"https:\\\/\\\/www.fachbau.ch\\\/wp-content\\\/uploads\\\/2026\\\/04\\\/sbb_andre_wyss_fachbau.ch_-scaled-e1777534706278.jpeg\",\"datePublished\":\"2026-04-30T07:44:21+00:00\",\"description\":\"Der fr\u00fchere CEO von Implenia, Andr\u00e9 Wyss wurde an der Generalversammlung der SBB am 29. April 2026 zum neuen Verwaltungsratspr\u00e4sidenten gew\u00e4hlt. Er folgt auf Monika Ribar, die das Pr\u00e4sidium aufgrund der Amtszeitbeschr\u00e4nkung abgibt.\",\"breadcrumb\":{\"@id\":\"https:\\\/\\\/www.fachbau.ch\\\/die-baustellen\\\/2026-04-30\\\/andre-wyss-ist-der-neue-sbb-praesident\\\/#breadcrumb\"},\"inLanguage\":\"de\",\"potentialAction\":[{\"@type\":\"ReadAction\",\"target\":[\"https:\\\/\\\/www.fachbau.ch\\\/die-baustellen\\\/2026-04-30\\\/andre-wyss-ist-der-neue-sbb-praesident\\\/\"]}]},{\"@type\":\"ImageObject\",\"inLanguage\":\"de\",\"@id\":\"https:\\\/\\\/www.fachbau.ch\\\/die-baustellen\\\/2026-04-30\\\/andre-wyss-ist-der-neue-sbb-praesident\\\/#primaryimage\",\"url\":\"https:\\\/\\\/www.fachbau.ch\\\/wp-content\\\/uploads\\\/2026\\\/04\\\/sbb_andre_wyss_fachbau.ch_-scaled-e1777534706278.jpeg\",\"contentUrl\":\"https:\\\/\\\/www.fachbau.ch\\\/wp-content\\\/uploads\\\/2026\\\/04\\\/sbb_andre_wyss_fachbau.ch_-scaled-e1777534706278.jpeg\",\"width\":1120,\"height\":677,\"caption\":\"Der neue SBB-Verwaltungsratspr\u00e4sident Andr\u00e9 Wyss war von 2018 bis M\u00e4rz 2025 CEO von Implenia. (Foto: SBB)\"},{\"@type\":\"BreadcrumbList\",\"@id\":\"https:\\\/\\\/www.fachbau.ch\\\/die-baustellen\\\/2026-04-30\\\/andre-wyss-ist-der-neue-sbb-praesident\\\/#breadcrumb\",\"itemListElement\":[{\"@type\":\"ListItem\",\"position\":1,\"name\":\"Startseite\",\"item\":\"https:\\\/\\\/www.fachbau.ch\\\/\"},{\"@type\":\"ListItem\",\"position\":2,\"name\":\"Andr\u00e9 Wyss ist der neue SBB-Pr\u00e4sident\"}]},{\"@type\":\"WebSite\",\"@id\":\"https:\\\/\\\/www.fachbau.ch\\\/#website\",\"url\":\"https:\\\/\\\/www.fachbau.ch\\\/\",\"name\":\"fachbau.ch\",\"description\":\"Modernes, nachhaltiges Bauen.\",\"publisher\":{\"@id\":\"https:\\\/\\\/www.fachbau.ch\\\/#organization\"},\"potentialAction\":[{\"@type\":\"SearchAction\",\"target\":{\"@type\":\"EntryPoint\",\"urlTemplate\":\"https:\\\/\\\/www.fachbau.ch\\\/?s={search_term_string}\"},\"query-input\":{\"@type\":\"PropertyValueSpecification\",\"valueRequired\":true,\"valueName\":\"search_term_string\"}}],\"inLanguage\":\"de\"},{\"@type\":\"Organization\",\"@id\":\"https:\\\/\\\/www.fachbau.ch\\\/#organization\",\"name\":\"fachbau.ch\",\"url\":\"https:\\\/\\\/www.fachbau.ch\\\/\",\"logo\":{\"@type\":\"ImageObject\",\"inLanguage\":\"de\",\"@id\":\"https:\\\/\\\/www.fachbau.ch\\\/#\\\/schema\\\/logo\\\/image\\\/\",\"url\":\"https:\\\/\\\/www.fachbau.ch\\\/wp-content\\\/uploads\\\/2021\\\/12\\\/Logo_fachbau_ch.png\",\"contentUrl\":\"https:\\\/\\\/www.fachbau.ch\\\/wp-content\\\/uploads\\\/2021\\\/12\\\/Logo_fachbau_ch.png\",\"width\":283,\"height\":42,\"caption\":\"fachbau.ch\"},\"image\":{\"@id\":\"https:\\\/\\\/www.fachbau.ch\\\/#\\\/schema\\\/logo\\\/image\\\/\"}},{\"@type\":\"Person\",\"@id\":\"https:\\\/\\\/www.fachbau.ch\\\/#\\\/schema\\\/person\\\/5f74362d227c002f5e78a1f7dfea5b17\",\"name\":\"Massimo Diana\",\"image\":{\"@type\":\"ImageObject\",\"inLanguage\":\"de\",\"@id\":\"https:\\\/\\\/secure.gravatar.com\\\/avatar\\\/12cb79675e59b7232ceaddf198be9bdfe3981a9c3fb75365a6efc6a8f956a0a7?s=96&d=mm&r=g\",\"url\":\"https:\\\/\\\/secure.gravatar.com\\\/avatar\\\/12cb79675e59b7232ceaddf198be9bdfe3981a9c3fb75365a6efc6a8f956a0a7?s=96&d=mm&r=g\",\"contentUrl\":\"https:\\\/\\\/secure.gravatar.com\\\/avatar\\\/12cb79675e59b7232ceaddf198be9bdfe3981a9c3fb75365a6efc6a8f956a0a7?s=96&d=mm&r=g\",\"caption\":\"Massimo Diana\"},\"url\":\"https:\\\/\\\/www.fachbau.ch\\\/de\\\/author\\\/massimo-diana\\\/\"}]}<\/script>\n<!-- \/ Yoast SEO plugin. -->","yoast_head_json":{"title":"Andr\u00e9 Wyss ist der neue SBB-Pr\u00e4sident - fachbau.ch","description":"Der fr\u00fchere CEO von Implenia, Andr\u00e9 Wyss wurde an der Generalversammlung der SBB am 29. April 2026 zum neuen Verwaltungsratspr\u00e4sidenten gew\u00e4hlt. Er folgt auf Monika Ribar, die das Pr\u00e4sidium aufgrund der Amtszeitbeschr\u00e4nkung abgibt.","robots":{"index":"index","follow":"follow","max-snippet":"max-snippet:-1","max-image-preview":"max-image-preview:large","max-video-preview":"max-video-preview:-1"},"canonical":"https:\/\/www.fachbau.ch\/de\/die-baustellen\/2026-04-30\/andre-wyss-ist-der-neue-sbb-praesident\/","og_locale":"de_DE","og_type":"article","og_title":"Andr\u00e9 Wyss ist der neue SBB-Pr\u00e4sident - fachbau.ch","og_description":"Der fr\u00fchere CEO von Implenia, Andr\u00e9 Wyss wurde an der Generalversammlung der SBB am 29. April 2026 zum neuen Verwaltungsratspr\u00e4sidenten gew\u00e4hlt. Er folgt auf Monika Ribar, die das Pr\u00e4sidium aufgrund der Amtszeitbeschr\u00e4nkung abgibt.","og_url":"https:\/\/www.fachbau.ch\/de\/die-baustellen\/2026-04-30\/andre-wyss-ist-der-neue-sbb-praesident\/","og_site_name":"fachbau.ch","article_published_time":"2026-04-30T07:44:21+00:00","og_image":[{"width":1120,"height":677,"url":"https:\/\/www.fachbau.ch\/wp-content\/uploads\/2026\/04\/sbb_andre_wyss_fachbau.ch_-scaled-e1777534706278.jpeg","type":"image\/jpeg"}],"author":"Massimo Diana","twitter_card":"summary_large_image","twitter_misc":{"Verfasst von":"Massimo Diana","Gesch\u00e4tzte Lesezeit":"2\u00a0Minuten"},"schema":{"@context":"https:\/\/schema.org","@graph":[{"@type":"Article","@id":"https:\/\/www.fachbau.ch\/die-baustellen\/2026-04-30\/andre-wyss-ist-der-neue-sbb-praesident\/#article","isPartOf":{"@id":"https:\/\/www.fachbau.ch\/die-baustellen\/2026-04-30\/andre-wyss-ist-der-neue-sbb-praesident\/"},"author":{"name":"Massimo Diana","@id":"https:\/\/www.fachbau.ch\/#\/schema\/person\/5f74362d227c002f5e78a1f7dfea5b17"},"headline":"Andr\u00e9 Wyss ist der neue SBB-Pr\u00e4sident","datePublished":"2026-04-30T07:44:21+00:00","mainEntityOfPage":{"@id":"https:\/\/www.fachbau.ch\/die-baustellen\/2026-04-30\/andre-wyss-ist-der-neue-sbb-praesident\/"},"wordCount":204,"publisher":{"@id":"https:\/\/www.fachbau.ch\/#organization"},"image":{"@id":"https:\/\/www.fachbau.ch\/die-baustellen\/2026-04-30\/andre-wyss-ist-der-neue-sbb-praesident\/#primaryimage"},"thumbnailUrl":"https:\/\/www.fachbau.ch\/wp-content\/uploads\/2026\/04\/sbb_andre_wyss_fachbau.ch_-scaled-e1777534706278.jpeg","keywords":["Bahn","Bahnbau","Immobilien","Implenia","Infrastruktur","SBB","Uvek","Verkehrsbau","Verkehrsinfrastruktur"],"articleSection":["die baustellen"],"inLanguage":"de"},{"@type":"WebPage","@id":"https:\/\/www.fachbau.ch\/die-baustellen\/2026-04-30\/andre-wyss-ist-der-neue-sbb-praesident\/","url":"https:\/\/www.fachbau.ch\/die-baustellen\/2026-04-30\/andre-wyss-ist-der-neue-sbb-praesident\/","name":"Andr\u00e9 Wyss ist der neue SBB-Pr\u00e4sident - fachbau.ch","isPartOf":{"@id":"https:\/\/www.fachbau.ch\/#website"},"primaryImageOfPage":{"@id":"https:\/\/www.fachbau.ch\/die-baustellen\/2026-04-30\/andre-wyss-ist-der-neue-sbb-praesident\/#primaryimage"},"image":{"@id":"https:\/\/www.fachbau.ch\/die-baustellen\/2026-04-30\/andre-wyss-ist-der-neue-sbb-praesident\/#primaryimage"},"thumbnailUrl":"https:\/\/www.fachbau.ch\/wp-content\/uploads\/2026\/04\/sbb_andre_wyss_fachbau.ch_-scaled-e1777534706278.jpeg","datePublished":"2026-04-30T07:44:21+00:00","description":"Der fr\u00fchere CEO von Implenia, Andr\u00e9 Wyss wurde an der Generalversammlung der SBB am 29. April 2026 zum neuen Verwaltungsratspr\u00e4sidenten gew\u00e4hlt. Er folgt auf Monika Ribar, die das Pr\u00e4sidium aufgrund der Amtszeitbeschr\u00e4nkung abgibt.","breadcrumb":{"@id":"https:\/\/www.fachbau.ch\/die-baustellen\/2026-04-30\/andre-wyss-ist-der-neue-sbb-praesident\/#breadcrumb"},"inLanguage":"de","potentialAction":[{"@type":"ReadAction","target":["https:\/\/www.fachbau.ch\/die-baustellen\/2026-04-30\/andre-wyss-ist-der-neue-sbb-praesident\/"]}]},{"@type":"ImageObject","inLanguage":"de","@id":"https:\/\/www.fachbau.ch\/die-baustellen\/2026-04-30\/andre-wyss-ist-der-neue-sbb-praesident\/#primaryimage","url":"https:\/\/www.fachbau.ch\/wp-content\/uploads\/2026\/04\/sbb_andre_wyss_fachbau.ch_-scaled-e1777534706278.jpeg","contentUrl":"https:\/\/www.fachbau.ch\/wp-content\/uploads\/2026\/04\/sbb_andre_wyss_fachbau.ch_-scaled-e1777534706278.jpeg","width":1120,"height":677,"caption":"Der neue SBB-Verwaltungsratspr\u00e4sident Andr\u00e9 Wyss war von 2018 bis M\u00e4rz 2025 CEO von Implenia. (Foto: SBB)"},{"@type":"BreadcrumbList","@id":"https:\/\/www.fachbau.ch\/die-baustellen\/2026-04-30\/andre-wyss-ist-der-neue-sbb-praesident\/#breadcrumb","itemListElement":[{"@type":"ListItem","position":1,"name":"Startseite","item":"https:\/\/www.fachbau.ch\/"},{"@type":"ListItem","position":2,"name":"Andr\u00e9 Wyss ist der neue SBB-Pr\u00e4sident"}]},{"@type":"WebSite","@id":"https:\/\/www.fachbau.ch\/#website","url":"https:\/\/www.fachbau.ch\/","name":"fachbau.ch","description":"Modernes, nachhaltiges Bauen.","publisher":{"@id":"https:\/\/www.fachbau.ch\/#organization"},"potentialAction":[{"@type":"SearchAction","target":{"@type":"EntryPoint","urlTemplate":"https:\/\/www.fachbau.ch\/?s={search_term_string}"},"query-input":{"@type":"PropertyValueSpecification","valueRequired":true,"valueName":"search_term_string"}}],"inLanguage":"de"},{"@type":"Organization","@id":"https:\/\/www.fachbau.ch\/#organization","name":"fachbau.ch","url":"https:\/\/www.fachbau.ch\/","logo":{"@type":"ImageObject","inLanguage":"de","@id":"https:\/\/www.fachbau.ch\/#\/schema\/logo\/image\/","url":"https:\/\/www.fachbau.ch\/wp-content\/uploads\/2021\/12\/Logo_fachbau_ch.png","contentUrl":"https:\/\/www.fachbau.ch\/wp-content\/uploads\/2021\/12\/Logo_fachbau_ch.png","width":283,"height":42,"caption":"fachbau.ch"},"image":{"@id":"https:\/\/www.fachbau.ch\/#\/schema\/logo\/image\/"}},{"@type":"Person","@id":"https:\/\/www.fachbau.ch\/#\/schema\/person\/5f74362d227c002f5e78a1f7dfea5b17","name":"Massimo Diana","image":{"@type":"ImageObject","inLanguage":"de","@id":"https:\/\/secure.gravatar.com\/avatar\/12cb79675e59b7232ceaddf198be9bdfe3981a9c3fb75365a6efc6a8f956a0a7?s=96&d=mm&r=g","url":"https:\/\/secure.gravatar.com\/avatar\/12cb79675e59b7232ceaddf198be9bdfe3981a9c3fb75365a6efc6a8f956a0a7?s=96&d=mm&r=g","contentUrl":"https:\/\/secure.gravatar.com\/avatar\/12cb79675e59b7232ceaddf198be9bdfe3981a9c3fb75365a6efc6a8f956a0a7?s=96&d=mm&r=g","caption":"Massimo Diana"},"url":"https:\/\/www.fachbau.ch\/de\/author\/massimo-diana\/"}]}},"_links":{"self":[{"href":"https:\/\/www.fachbau.ch\/de\/wp-json\/wp\/v2\/posts\/23975","targetHints":{"allow":["GET"]}}],"collection":[{"href":"https:\/\/www.fachbau.ch\/de\/wp-json\/wp\/v2\/posts"}],"about":[{"href":"https:\/\/www.fachbau.ch\/de\/wp-json\/wp\/v2\/types\/post"}],"author":[{"embeddable":true,"href":"https:\/\/www.fachbau.ch\/de\/wp-json\/wp\/v2\/users\/6"}],"replies":[{"embeddable":true,"href":"https:\/\/www.fachbau.ch\/de\/wp-json\/wp\/v2\/comments?post=23975"}],"version-history":[{"count":9,"href":"https:\/\/www.fachbau.ch\/de\/wp-json\/wp\/v2\/posts\/23975\/revisions"}],"predecessor-version":[{"id":23985,"href":"https:\/\/www.fachbau.ch\/de\/wp-json\/wp\/v2\/posts\/23975\/revisions\/23985"}],"wp:featuredmedia":[{"embeddable":true,"href":"https:\/\/www.fachbau.ch\/de\/wp-json\/wp\/v2\/media\/23978"}],"wp:attachment":[{"href":"https:\/\/www.fachbau.ch\/de\/wp-json\/wp\/v2\/media?parent=23975"}],"wp:term":[{"taxonomy":"category","embeddable":true,"href":"https:\/\/www.fachbau.ch\/de\/wp-json\/wp\/v2\/categories?post=23975"},{"taxonomy":"post_tag","embeddable":true,"href":"https:\/\/www.fachbau.ch\/de\/wp-json\/wp\/v2\/tags?post=23975"}],"curies":[{"name":"wp","href":"https:\/\/api.w.org\/{rel}","templated":true}]}}