{"id":23966,"date":"2026-04-29T06:30:15","date_gmt":"2026-04-29T04:30:15","guid":{"rendered":"https:\/\/www.fachbau.ch\/?p=23966"},"modified":"2026-04-28T18:00:53","modified_gmt":"2026-04-28T16:00:53","slug":"alpiner-bohreinsatz-fuer-staudamm","status":"publish","type":"post","link":"https:\/\/www.fachbau.ch\/de\/die-baustellen\/2026-04-29\/alpiner-bohreinsatz-fuer-staudamm\/","title":{"rendered":"Alpiner Bohreinsatz f\u00fcr Staudamm"},"content":{"rendered":"<p>Der Wurtenspeicher ist ein Stausee und das Kernelement in der Kraftwerksgruppe Fragant in K\u00e4rnten (A). Um das Speichervolumen zu steigern ist geplant, den Damm um sieben Meter zu erh\u00f6hen. Das Unternehmen Z\u00fcblin setzt f\u00fcr diese Baumassnahme das Bohrger\u00e4t LB 45 und den Seilbagger HS 8070 HD von Liebherr ein. Die alpine Lage auf 1700 Meter stellt dabei eine Herausforderung dar, noch bevor mit dem Spezialtiefbau begonnen werden kann.<\/p>\n<h3>Stausee muss entleert werden<\/h3>\n<p>Die Erh\u00f6hung des Speichervolumens von 2,7 auf 5 Millionen Kubikmeter Wasser bedeutet, als Betreiber flexibler und effizienter handeln zu k\u00f6nnen. Das Projekt umfasst eine Stauzielerh\u00f6hung um 8,5 Meter und eine Verbreiterung des Dammk\u00f6rpers. F\u00fcr diese Massnahmen muss der Wurtenspeicher vollkommen entleert werden. Die alpine Lage des Staudamms und die schmale Zufahrtsstrasse machen die Baustellenlogistik besonders herausfordernd. F\u00fcr Z\u00fcblin war vor allem eine Eigenschaft des LB 45 ausschlaggebend, um das Bohrger\u00e4t von Liebherr f\u00fcr den Spezialtiefbau einzusetzen: der Klappm\u00e4kler, durch den die Gesamtl\u00e4nge des Ger\u00e4tes f\u00fcr den Transport verk\u00fcrzt werden kann. So bew\u00e4ltigt das Unternehmen beim Antransport zum Wurtenspeicher enge Kehren und begrenzte Platzverh\u00e4ltnisse im Tunnelbereich.<\/p>\n<figure id=\"attachment_23970\" aria-describedby=\"caption-attachment-23970\" style=\"width: 768px\" class=\"wp-caption alignnone\"><img loading=\"lazy\" decoding=\"async\" class=\"size-large wp-image-23970\" src=\"https:\/\/www.fachbau.ch\/wp-content\/uploads\/2026\/04\/liebherr_wurtenspeicher_01_fachbau.ch_-1024x683.jpg\" alt=\"Auf der alpinen Baustelle arbeiten das Bohrger\u00e4t LB 45 und der Seilbagger HS 8070 HD von Liebherr im Teamwork. (Foto: pd)\" width=\"768\" height=\"512\" srcset=\"https:\/\/www.fachbau.ch\/wp-content\/uploads\/2026\/04\/liebherr_wurtenspeicher_01_fachbau.ch_-1024x683.jpg 1024w, https:\/\/www.fachbau.ch\/wp-content\/uploads\/2026\/04\/liebherr_wurtenspeicher_01_fachbau.ch_-680x453.jpg 680w, https:\/\/www.fachbau.ch\/wp-content\/uploads\/2026\/04\/liebherr_wurtenspeicher_01_fachbau.ch_-768x512.jpg 768w, https:\/\/www.fachbau.ch\/wp-content\/uploads\/2026\/04\/liebherr_wurtenspeicher_01_fachbau.ch_-1536x1024.jpg 1536w, https:\/\/www.fachbau.ch\/wp-content\/uploads\/2026\/04\/liebherr_wurtenspeicher_01_fachbau.ch_-2048x1366.jpg 2048w, https:\/\/www.fachbau.ch\/wp-content\/uploads\/2026\/04\/liebherr_wurtenspeicher_01_fachbau.ch_-18x12.jpg 18w, https:\/\/www.fachbau.ch\/wp-content\/uploads\/2026\/04\/liebherr_wurtenspeicher_01_fachbau.ch_-375x250.jpg 375w, https:\/\/www.fachbau.ch\/wp-content\/uploads\/2026\/04\/liebherr_wurtenspeicher_01_fachbau.ch_-525x350.jpg 525w, https:\/\/www.fachbau.ch\/wp-content\/uploads\/2026\/04\/liebherr_wurtenspeicher_01_fachbau.ch_-1000x667.jpg 1000w, https:\/\/www.fachbau.ch\/wp-content\/uploads\/2026\/04\/liebherr_wurtenspeicher_01_fachbau.ch_-scaled.jpg 1400w\" sizes=\"auto, (max-width: 768px) 100vw, 768px\" \/><figcaption id=\"caption-attachment-23970\" class=\"wp-caption-text\">Auf der alpinen Baustelle arbeiten das Bohrger\u00e4t LB 45 und der Seilbagger HS 8070 HD von Liebherr im Teamwork. (Foto: pd)<\/figcaption><\/figure>\n<h3>Pr\u00e4zision bei anspruchsvollen Bohrungen<\/h3>\n<p>Mit dem Bohrger\u00e4t LB 45 teuft Z\u00fcblin auf der alpinen Baustelle Pfahlgr\u00fcndungen im Kellybohrverfahren ab. Die Bohrtiefe betr\u00e4gt je nach Bodenschicht 2,7 bis 22,5 Meter und der Durchmesser 1200 Millimeter. Im Verlauf des Projektes erstellt das Unternehmen insgesamt 2800 Meter Bohrpf\u00e4hle. Die \u00fcberschnittene Pfahlwand der Untergrundabdichtung in der Talmitte aus 167 Pf\u00e4hlen bindet entlang des gesamten Bereichs vollfl\u00e4chig den anstehenden Fels ein, was kurzfristige L\u00e4ngenanpassungen der Bewehrung erforderlich macht. Die geologischen Verh\u00e4ltnisse machen die Umsetzung dabei besonders anspruchsvoll: stark abrasives Material im Bohrkanal sowie hohe Festigkeiten der angetroffenen Felsbl\u00f6cke. F\u00fcr die Arbeiten gilt eine verminderte Bohrtoleranz respektive eine maximale Abweichung der Bohrpfahlwand von nur einem Prozent, weshalb Z\u00fcblin sehr genau arbeiten muss.<\/p>\n<h3>F\u00fcr alle Pfahlbauverfahren geeignet<\/h3>\n<p>Das LB 45 hat ein maximales Drehmoment von 450 Kilonewtonmetern und ist f\u00fcr alle g\u00e4ngigen Pfahlbauverfahren im Spezialtiefbau konzipiert. Dazu geh\u00f6ren Kellybohren, Endlos-Schneckenbohren oder Doppelkopfbohren. Bei Anwendungen mit Voll- oder Teilverdr\u00e4nger-Ausr\u00fcstung erreicht das Ger\u00e4t durch die optionale Gittermastverl\u00e4ngerung eine Bohrtiefe von 37 Meter. Das entspricht einem Plus von 6 Meter. Der Vorteil dabei ist, dass Bauunternehmer selbst bei geologisch anspruchsvollen Bohrungen ein kompaktes Ger\u00e4t f\u00fcr gr\u00f6ssere Tiefen einsetzen k\u00f6nnen und dadurch auf der Baustelle sehr flexibel sind. Die Seill\u00e4ngenmessung der Hilfswinde misst die L\u00e4nge des abgewickelten Seils, was beispielsweise beim Einbringen von Bewehrungsk\u00f6rben sehr hilfreich ist. F\u00fcr Hebearbeiten auf der Baustelle hat Z\u00fcblin einen Seilbagger HS 8070 HD von Liebherr im Einsatz.<\/p>\n<figure id=\"attachment_23969\" aria-describedby=\"caption-attachment-23969\" style=\"width: 682px\" class=\"wp-caption alignnone\"><img loading=\"lazy\" decoding=\"async\" class=\"size-large wp-image-23969\" src=\"https:\/\/www.fachbau.ch\/wp-content\/uploads\/2026\/04\/liebherr_wurtenspeicher_02_fachbau.ch_-682x1024.jpg\" alt=\"Das LB 45 von Liebherr bohrt 167 Pf\u00e4hle am Wurtendamm. (Foto: pd)\" width=\"682\" height=\"1024\" srcset=\"https:\/\/www.fachbau.ch\/wp-content\/uploads\/2026\/04\/liebherr_wurtenspeicher_02_fachbau.ch_-682x1024.jpg 682w, https:\/\/www.fachbau.ch\/wp-content\/uploads\/2026\/04\/liebherr_wurtenspeicher_02_fachbau.ch_-666x1000.jpg 666w, https:\/\/www.fachbau.ch\/wp-content\/uploads\/2026\/04\/liebherr_wurtenspeicher_02_fachbau.ch_-768x1152.jpg 768w, https:\/\/www.fachbau.ch\/wp-content\/uploads\/2026\/04\/liebherr_wurtenspeicher_02_fachbau.ch_-1024x1536.jpg 1024w, https:\/\/www.fachbau.ch\/wp-content\/uploads\/2026\/04\/liebherr_wurtenspeicher_02_fachbau.ch_-8x12.jpg 8w, https:\/\/www.fachbau.ch\/wp-content\/uploads\/2026\/04\/liebherr_wurtenspeicher_02_fachbau.ch_-200x300.jpg 200w, https:\/\/www.fachbau.ch\/wp-content\/uploads\/2026\/04\/liebherr_wurtenspeicher_02_fachbau.ch_-233x350.jpg 233w, https:\/\/www.fachbau.ch\/wp-content\/uploads\/2026\/04\/liebherr_wurtenspeicher_02_fachbau.ch_-533x800.jpg 533w, https:\/\/www.fachbau.ch\/wp-content\/uploads\/2026\/04\/liebherr_wurtenspeicher_02_fachbau.ch_-scaled.jpg 933w\" sizes=\"auto, (max-width: 682px) 100vw, 682px\" \/><figcaption id=\"caption-attachment-23969\" class=\"wp-caption-text\">Das LB 45 von Liebherr bohrt 167 Pf\u00e4hle am Wurtendamm. (Foto: pd)<\/figcaption><\/figure>\n<p>Der Spezialtiefbau am Wurtendamm hat 2025 begonnen und wird 2026 abgeschlossen. Die geplanten Zeitfenster f\u00fcr die Arbeiten m\u00fcssen dabei genau eingehalten werden, da es auf der alpinen Baustelle intensivere Witterungseinfl\u00fcsse gibt und auf 1700 Meter der Winter vorzeitig eintreten kann.<\/p>\n<p><a href=\"https:\/\/www.liebherr.com\/de-int\/n\/alpiner-bohreinsatz-liebherr-ger%C3%A4te-erh%C3%B6hen-stausee-damm-248448-3935641\" target=\"_blank\" rel=\"noopener\"><strong>&gt; liebherr.com\/<\/strong><\/a><\/p>\n","protected":false},"excerpt":{"rendered":"<p>Der Wurtenspeicher ist ein Stausee und das Kernelement in der Kraftwerksgruppe Fragant in K\u00e4rnten (A). Um das Speichervolumen zu steigern ist geplant, den Damm um sieben Meter zu erh\u00f6hen. Das Unternehmen Z\u00fcblin setzt f\u00fcr diese Baumassnahme das Bohrger\u00e4t LB 45 und den Seilbagger HS 8070 HD von Liebherr ein. Die alpine Lage auf 1700 Meter [&hellip;]<\/p>\n","protected":false},"author":6,"featured_media":23970,"comment_status":"closed","ping_status":"closed","sticky":false,"template":"","format":"standard","meta":{"_acf_changed":false,"pgc_sgb_lightbox_settings":"","footnotes":""},"categories":[19],"tags":[302,306,473,1384,2493,2046],"class_list":["post-23966","post","type-post","status-publish","format-standard","has-post-thumbnail","hentry","category-die-baustellen","tag-bohren","tag-bohrpfaehle","tag-energie","tag-spezialtiefbau","tag-staumauer","tag-stausee"],"acf":[],"yoast_head":"<!-- This site is optimized with the Yoast SEO plugin v27.5 - https:\/\/yoast.com\/product\/yoast-seo-wordpress\/ -->\n<title>Alpiner Bohreinsatz f\u00fcr Staudamm - fachbau.ch<\/title>\n<meta name=\"description\" content=\"Bei der Erh\u00f6hung eines Staudamms um sieben Meter im \u00f6sterreichischen Bundesland K\u00e4rnten kommen schwere Bohrger\u00e4te zum Einsatz, die sich f\u00fcr den Strassentransport verk\u00fcrzen lassen.\" \/>\n<meta name=\"robots\" content=\"index, follow, max-snippet:-1, max-image-preview:large, max-video-preview:-1\" \/>\n<link rel=\"canonical\" href=\"https:\/\/www.fachbau.ch\/de\/die-baustellen\/2026-04-29\/alpiner-bohreinsatz-fuer-staudamm\/\" \/>\n<meta property=\"og:locale\" content=\"de_DE\" \/>\n<meta property=\"og:type\" content=\"article\" \/>\n<meta property=\"og:title\" content=\"Alpiner Bohreinsatz f\u00fcr Staudamm - fachbau.ch\" \/>\n<meta property=\"og:description\" content=\"Bei der Erh\u00f6hung eines Staudamms um sieben Meter im \u00f6sterreichischen Bundesland K\u00e4rnten kommen schwere Bohrger\u00e4te zum Einsatz, die sich f\u00fcr den Strassentransport verk\u00fcrzen lassen.\" \/>\n<meta property=\"og:url\" content=\"https:\/\/www.fachbau.ch\/de\/die-baustellen\/2026-04-29\/alpiner-bohreinsatz-fuer-staudamm\/\" \/>\n<meta property=\"og:site_name\" content=\"fachbau.ch\" \/>\n<meta property=\"article:published_time\" content=\"2026-04-29T04:30:15+00:00\" \/>\n<meta property=\"og:image\" content=\"https:\/\/www.fachbau.ch\/wp-content\/uploads\/2026\/04\/liebherr_wurtenspeicher_01_fachbau.ch_-scaled.jpg\" \/>\n\t<meta property=\"og:image:width\" content=\"1400\" \/>\n\t<meta property=\"og:image:height\" content=\"934\" \/>\n\t<meta property=\"og:image:type\" content=\"image\/jpeg\" \/>\n<meta name=\"author\" content=\"Massimo Diana\" \/>\n<meta name=\"twitter:card\" content=\"summary_large_image\" \/>\n<meta name=\"twitter:label1\" content=\"Verfasst von\" \/>\n\t<meta name=\"twitter:data1\" content=\"Massimo Diana\" \/>\n\t<meta name=\"twitter:label2\" content=\"Gesch\u00e4tzte Lesezeit\" \/>\n\t<meta name=\"twitter:data2\" content=\"4\u00a0Minuten\" \/>\n<script type=\"application\/ld+json\" class=\"yoast-schema-graph\">{\"@context\":\"https:\\\/\\\/schema.org\",\"@graph\":[{\"@type\":\"Article\",\"@id\":\"https:\\\/\\\/www.fachbau.ch\\\/die-baustellen\\\/2026-04-29\\\/alpiner-bohreinsatz-fuer-staudamm\\\/#article\",\"isPartOf\":{\"@id\":\"https:\\\/\\\/www.fachbau.ch\\\/die-baustellen\\\/2026-04-29\\\/alpiner-bohreinsatz-fuer-staudamm\\\/\"},\"author\":{\"name\":\"Massimo Diana\",\"@id\":\"https:\\\/\\\/www.fachbau.ch\\\/#\\\/schema\\\/person\\\/5f74362d227c002f5e78a1f7dfea5b17\"},\"headline\":\"Alpiner Bohreinsatz f\u00fcr Staudamm\",\"datePublished\":\"2026-04-29T04:30:15+00:00\",\"mainEntityOfPage\":{\"@id\":\"https:\\\/\\\/www.fachbau.ch\\\/die-baustellen\\\/2026-04-29\\\/alpiner-bohreinsatz-fuer-staudamm\\\/\"},\"wordCount\":535,\"publisher\":{\"@id\":\"https:\\\/\\\/www.fachbau.ch\\\/#organization\"},\"image\":{\"@id\":\"https:\\\/\\\/www.fachbau.ch\\\/die-baustellen\\\/2026-04-29\\\/alpiner-bohreinsatz-fuer-staudamm\\\/#primaryimage\"},\"thumbnailUrl\":\"https:\\\/\\\/www.fachbau.ch\\\/wp-content\\\/uploads\\\/2026\\\/04\\\/liebherr_wurtenspeicher_01_fachbau.ch_-scaled.jpg\",\"keywords\":[\"Bohren\",\"Bohrpf\u00e4hle\",\"Energie\",\"Spezialtiefbau\",\"Staumauer\",\"Stausee\"],\"articleSection\":[\"die baustellen\"],\"inLanguage\":\"de\"},{\"@type\":\"WebPage\",\"@id\":\"https:\\\/\\\/www.fachbau.ch\\\/die-baustellen\\\/2026-04-29\\\/alpiner-bohreinsatz-fuer-staudamm\\\/\",\"url\":\"https:\\\/\\\/www.fachbau.ch\\\/die-baustellen\\\/2026-04-29\\\/alpiner-bohreinsatz-fuer-staudamm\\\/\",\"name\":\"Alpiner Bohreinsatz f\u00fcr Staudamm - fachbau.ch\",\"isPartOf\":{\"@id\":\"https:\\\/\\\/www.fachbau.ch\\\/#website\"},\"primaryImageOfPage\":{\"@id\":\"https:\\\/\\\/www.fachbau.ch\\\/die-baustellen\\\/2026-04-29\\\/alpiner-bohreinsatz-fuer-staudamm\\\/#primaryimage\"},\"image\":{\"@id\":\"https:\\\/\\\/www.fachbau.ch\\\/die-baustellen\\\/2026-04-29\\\/alpiner-bohreinsatz-fuer-staudamm\\\/#primaryimage\"},\"thumbnailUrl\":\"https:\\\/\\\/www.fachbau.ch\\\/wp-content\\\/uploads\\\/2026\\\/04\\\/liebherr_wurtenspeicher_01_fachbau.ch_-scaled.jpg\",\"datePublished\":\"2026-04-29T04:30:15+00:00\",\"description\":\"Bei der Erh\u00f6hung eines Staudamms um sieben Meter im \u00f6sterreichischen Bundesland K\u00e4rnten kommen schwere Bohrger\u00e4te zum Einsatz, die sich f\u00fcr den Strassentransport verk\u00fcrzen lassen.\",\"breadcrumb\":{\"@id\":\"https:\\\/\\\/www.fachbau.ch\\\/die-baustellen\\\/2026-04-29\\\/alpiner-bohreinsatz-fuer-staudamm\\\/#breadcrumb\"},\"inLanguage\":\"de\",\"potentialAction\":[{\"@type\":\"ReadAction\",\"target\":[\"https:\\\/\\\/www.fachbau.ch\\\/die-baustellen\\\/2026-04-29\\\/alpiner-bohreinsatz-fuer-staudamm\\\/\"]}]},{\"@type\":\"ImageObject\",\"inLanguage\":\"de\",\"@id\":\"https:\\\/\\\/www.fachbau.ch\\\/die-baustellen\\\/2026-04-29\\\/alpiner-bohreinsatz-fuer-staudamm\\\/#primaryimage\",\"url\":\"https:\\\/\\\/www.fachbau.ch\\\/wp-content\\\/uploads\\\/2026\\\/04\\\/liebherr_wurtenspeicher_01_fachbau.ch_-scaled.jpg\",\"contentUrl\":\"https:\\\/\\\/www.fachbau.ch\\\/wp-content\\\/uploads\\\/2026\\\/04\\\/liebherr_wurtenspeicher_01_fachbau.ch_-scaled.jpg\",\"width\":1400,\"height\":934,\"caption\":\"Auf der alpinen Baustelle arbeiten das Bohrger\u00e4t LB 45 und der Seilbagger HS 8070 HD von Liebherr im Teamwork. (Foto: pd)\"},{\"@type\":\"BreadcrumbList\",\"@id\":\"https:\\\/\\\/www.fachbau.ch\\\/die-baustellen\\\/2026-04-29\\\/alpiner-bohreinsatz-fuer-staudamm\\\/#breadcrumb\",\"itemListElement\":[{\"@type\":\"ListItem\",\"position\":1,\"name\":\"Startseite\",\"item\":\"https:\\\/\\\/www.fachbau.ch\\\/\"},{\"@type\":\"ListItem\",\"position\":2,\"name\":\"Alpiner Bohreinsatz f\u00fcr Staudamm\"}]},{\"@type\":\"WebSite\",\"@id\":\"https:\\\/\\\/www.fachbau.ch\\\/#website\",\"url\":\"https:\\\/\\\/www.fachbau.ch\\\/\",\"name\":\"fachbau.ch\",\"description\":\"Modernes, nachhaltiges Bauen.\",\"publisher\":{\"@id\":\"https:\\\/\\\/www.fachbau.ch\\\/#organization\"},\"potentialAction\":[{\"@type\":\"SearchAction\",\"target\":{\"@type\":\"EntryPoint\",\"urlTemplate\":\"https:\\\/\\\/www.fachbau.ch\\\/?s={search_term_string}\"},\"query-input\":{\"@type\":\"PropertyValueSpecification\",\"valueRequired\":true,\"valueName\":\"search_term_string\"}}],\"inLanguage\":\"de\"},{\"@type\":\"Organization\",\"@id\":\"https:\\\/\\\/www.fachbau.ch\\\/#organization\",\"name\":\"fachbau.ch\",\"url\":\"https:\\\/\\\/www.fachbau.ch\\\/\",\"logo\":{\"@type\":\"ImageObject\",\"inLanguage\":\"de\",\"@id\":\"https:\\\/\\\/www.fachbau.ch\\\/#\\\/schema\\\/logo\\\/image\\\/\",\"url\":\"https:\\\/\\\/www.fachbau.ch\\\/wp-content\\\/uploads\\\/2021\\\/12\\\/Logo_fachbau_ch.png\",\"contentUrl\":\"https:\\\/\\\/www.fachbau.ch\\\/wp-content\\\/uploads\\\/2021\\\/12\\\/Logo_fachbau_ch.png\",\"width\":283,\"height\":42,\"caption\":\"fachbau.ch\"},\"image\":{\"@id\":\"https:\\\/\\\/www.fachbau.ch\\\/#\\\/schema\\\/logo\\\/image\\\/\"}},{\"@type\":\"Person\",\"@id\":\"https:\\\/\\\/www.fachbau.ch\\\/#\\\/schema\\\/person\\\/5f74362d227c002f5e78a1f7dfea5b17\",\"name\":\"Massimo Diana\",\"image\":{\"@type\":\"ImageObject\",\"inLanguage\":\"de\",\"@id\":\"https:\\\/\\\/secure.gravatar.com\\\/avatar\\\/12cb79675e59b7232ceaddf198be9bdfe3981a9c3fb75365a6efc6a8f956a0a7?s=96&d=mm&r=g\",\"url\":\"https:\\\/\\\/secure.gravatar.com\\\/avatar\\\/12cb79675e59b7232ceaddf198be9bdfe3981a9c3fb75365a6efc6a8f956a0a7?s=96&d=mm&r=g\",\"contentUrl\":\"https:\\\/\\\/secure.gravatar.com\\\/avatar\\\/12cb79675e59b7232ceaddf198be9bdfe3981a9c3fb75365a6efc6a8f956a0a7?s=96&d=mm&r=g\",\"caption\":\"Massimo Diana\"},\"url\":\"https:\\\/\\\/www.fachbau.ch\\\/de\\\/author\\\/massimo-diana\\\/\"}]}<\/script>\n<!-- \/ Yoast SEO plugin. -->","yoast_head_json":{"title":"Alpiner Bohreinsatz f\u00fcr Staudamm - fachbau.ch","description":"Bei der Erh\u00f6hung eines Staudamms um sieben Meter im \u00f6sterreichischen Bundesland K\u00e4rnten kommen schwere Bohrger\u00e4te zum Einsatz, die sich f\u00fcr den Strassentransport verk\u00fcrzen lassen.","robots":{"index":"index","follow":"follow","max-snippet":"max-snippet:-1","max-image-preview":"max-image-preview:large","max-video-preview":"max-video-preview:-1"},"canonical":"https:\/\/www.fachbau.ch\/de\/die-baustellen\/2026-04-29\/alpiner-bohreinsatz-fuer-staudamm\/","og_locale":"de_DE","og_type":"article","og_title":"Alpiner Bohreinsatz f\u00fcr Staudamm - fachbau.ch","og_description":"Bei der Erh\u00f6hung eines Staudamms um sieben Meter im \u00f6sterreichischen Bundesland K\u00e4rnten kommen schwere Bohrger\u00e4te zum Einsatz, die sich f\u00fcr den Strassentransport verk\u00fcrzen lassen.","og_url":"https:\/\/www.fachbau.ch\/de\/die-baustellen\/2026-04-29\/alpiner-bohreinsatz-fuer-staudamm\/","og_site_name":"fachbau.ch","article_published_time":"2026-04-29T04:30:15+00:00","og_image":[{"width":1400,"height":934,"url":"https:\/\/www.fachbau.ch\/wp-content\/uploads\/2026\/04\/liebherr_wurtenspeicher_01_fachbau.ch_-scaled.jpg","type":"image\/jpeg"}],"author":"Massimo Diana","twitter_card":"summary_large_image","twitter_misc":{"Verfasst von":"Massimo Diana","Gesch\u00e4tzte Lesezeit":"4\u00a0Minuten"},"schema":{"@context":"https:\/\/schema.org","@graph":[{"@type":"Article","@id":"https:\/\/www.fachbau.ch\/die-baustellen\/2026-04-29\/alpiner-bohreinsatz-fuer-staudamm\/#article","isPartOf":{"@id":"https:\/\/www.fachbau.ch\/die-baustellen\/2026-04-29\/alpiner-bohreinsatz-fuer-staudamm\/"},"author":{"name":"Massimo Diana","@id":"https:\/\/www.fachbau.ch\/#\/schema\/person\/5f74362d227c002f5e78a1f7dfea5b17"},"headline":"Alpiner Bohreinsatz f\u00fcr Staudamm","datePublished":"2026-04-29T04:30:15+00:00","mainEntityOfPage":{"@id":"https:\/\/www.fachbau.ch\/die-baustellen\/2026-04-29\/alpiner-bohreinsatz-fuer-staudamm\/"},"wordCount":535,"publisher":{"@id":"https:\/\/www.fachbau.ch\/#organization"},"image":{"@id":"https:\/\/www.fachbau.ch\/die-baustellen\/2026-04-29\/alpiner-bohreinsatz-fuer-staudamm\/#primaryimage"},"thumbnailUrl":"https:\/\/www.fachbau.ch\/wp-content\/uploads\/2026\/04\/liebherr_wurtenspeicher_01_fachbau.ch_-scaled.jpg","keywords":["Bohren","Bohrpf\u00e4hle","Energie","Spezialtiefbau","Staumauer","Stausee"],"articleSection":["die baustellen"],"inLanguage":"de"},{"@type":"WebPage","@id":"https:\/\/www.fachbau.ch\/die-baustellen\/2026-04-29\/alpiner-bohreinsatz-fuer-staudamm\/","url":"https:\/\/www.fachbau.ch\/die-baustellen\/2026-04-29\/alpiner-bohreinsatz-fuer-staudamm\/","name":"Alpiner Bohreinsatz f\u00fcr Staudamm - fachbau.ch","isPartOf":{"@id":"https:\/\/www.fachbau.ch\/#website"},"primaryImageOfPage":{"@id":"https:\/\/www.fachbau.ch\/die-baustellen\/2026-04-29\/alpiner-bohreinsatz-fuer-staudamm\/#primaryimage"},"image":{"@id":"https:\/\/www.fachbau.ch\/die-baustellen\/2026-04-29\/alpiner-bohreinsatz-fuer-staudamm\/#primaryimage"},"thumbnailUrl":"https:\/\/www.fachbau.ch\/wp-content\/uploads\/2026\/04\/liebherr_wurtenspeicher_01_fachbau.ch_-scaled.jpg","datePublished":"2026-04-29T04:30:15+00:00","description":"Bei der Erh\u00f6hung eines Staudamms um sieben Meter im \u00f6sterreichischen Bundesland K\u00e4rnten kommen schwere Bohrger\u00e4te zum Einsatz, die sich f\u00fcr den Strassentransport verk\u00fcrzen lassen.","breadcrumb":{"@id":"https:\/\/www.fachbau.ch\/die-baustellen\/2026-04-29\/alpiner-bohreinsatz-fuer-staudamm\/#breadcrumb"},"inLanguage":"de","potentialAction":[{"@type":"ReadAction","target":["https:\/\/www.fachbau.ch\/die-baustellen\/2026-04-29\/alpiner-bohreinsatz-fuer-staudamm\/"]}]},{"@type":"ImageObject","inLanguage":"de","@id":"https:\/\/www.fachbau.ch\/die-baustellen\/2026-04-29\/alpiner-bohreinsatz-fuer-staudamm\/#primaryimage","url":"https:\/\/www.fachbau.ch\/wp-content\/uploads\/2026\/04\/liebherr_wurtenspeicher_01_fachbau.ch_-scaled.jpg","contentUrl":"https:\/\/www.fachbau.ch\/wp-content\/uploads\/2026\/04\/liebherr_wurtenspeicher_01_fachbau.ch_-scaled.jpg","width":1400,"height":934,"caption":"Auf der alpinen Baustelle arbeiten das Bohrger\u00e4t LB 45 und der Seilbagger HS 8070 HD von Liebherr im Teamwork. (Foto: pd)"},{"@type":"BreadcrumbList","@id":"https:\/\/www.fachbau.ch\/die-baustellen\/2026-04-29\/alpiner-bohreinsatz-fuer-staudamm\/#breadcrumb","itemListElement":[{"@type":"ListItem","position":1,"name":"Startseite","item":"https:\/\/www.fachbau.ch\/"},{"@type":"ListItem","position":2,"name":"Alpiner Bohreinsatz f\u00fcr Staudamm"}]},{"@type":"WebSite","@id":"https:\/\/www.fachbau.ch\/#website","url":"https:\/\/www.fachbau.ch\/","name":"fachbau.ch","description":"Modernes, nachhaltiges Bauen.","publisher":{"@id":"https:\/\/www.fachbau.ch\/#organization"},"potentialAction":[{"@type":"SearchAction","target":{"@type":"EntryPoint","urlTemplate":"https:\/\/www.fachbau.ch\/?s={search_term_string}"},"query-input":{"@type":"PropertyValueSpecification","valueRequired":true,"valueName":"search_term_string"}}],"inLanguage":"de"},{"@type":"Organization","@id":"https:\/\/www.fachbau.ch\/#organization","name":"fachbau.ch","url":"https:\/\/www.fachbau.ch\/","logo":{"@type":"ImageObject","inLanguage":"de","@id":"https:\/\/www.fachbau.ch\/#\/schema\/logo\/image\/","url":"https:\/\/www.fachbau.ch\/wp-content\/uploads\/2021\/12\/Logo_fachbau_ch.png","contentUrl":"https:\/\/www.fachbau.ch\/wp-content\/uploads\/2021\/12\/Logo_fachbau_ch.png","width":283,"height":42,"caption":"fachbau.ch"},"image":{"@id":"https:\/\/www.fachbau.ch\/#\/schema\/logo\/image\/"}},{"@type":"Person","@id":"https:\/\/www.fachbau.ch\/#\/schema\/person\/5f74362d227c002f5e78a1f7dfea5b17","name":"Massimo Diana","image":{"@type":"ImageObject","inLanguage":"de","@id":"https:\/\/secure.gravatar.com\/avatar\/12cb79675e59b7232ceaddf198be9bdfe3981a9c3fb75365a6efc6a8f956a0a7?s=96&d=mm&r=g","url":"https:\/\/secure.gravatar.com\/avatar\/12cb79675e59b7232ceaddf198be9bdfe3981a9c3fb75365a6efc6a8f956a0a7?s=96&d=mm&r=g","contentUrl":"https:\/\/secure.gravatar.com\/avatar\/12cb79675e59b7232ceaddf198be9bdfe3981a9c3fb75365a6efc6a8f956a0a7?s=96&d=mm&r=g","caption":"Massimo Diana"},"url":"https:\/\/www.fachbau.ch\/de\/author\/massimo-diana\/"}]}},"_links":{"self":[{"href":"https:\/\/www.fachbau.ch\/de\/wp-json\/wp\/v2\/posts\/23966","targetHints":{"allow":["GET"]}}],"collection":[{"href":"https:\/\/www.fachbau.ch\/de\/wp-json\/wp\/v2\/posts"}],"about":[{"href":"https:\/\/www.fachbau.ch\/de\/wp-json\/wp\/v2\/types\/post"}],"author":[{"embeddable":true,"href":"https:\/\/www.fachbau.ch\/de\/wp-json\/wp\/v2\/users\/6"}],"replies":[{"embeddable":true,"href":"https:\/\/www.fachbau.ch\/de\/wp-json\/wp\/v2\/comments?post=23966"}],"version-history":[{"count":6,"href":"https:\/\/www.fachbau.ch\/de\/wp-json\/wp\/v2\/posts\/23966\/revisions"}],"predecessor-version":[{"id":23974,"href":"https:\/\/www.fachbau.ch\/de\/wp-json\/wp\/v2\/posts\/23966\/revisions\/23974"}],"wp:featuredmedia":[{"embeddable":true,"href":"https:\/\/www.fachbau.ch\/de\/wp-json\/wp\/v2\/media\/23970"}],"wp:attachment":[{"href":"https:\/\/www.fachbau.ch\/de\/wp-json\/wp\/v2\/media?parent=23966"}],"wp:term":[{"taxonomy":"category","embeddable":true,"href":"https:\/\/www.fachbau.ch\/de\/wp-json\/wp\/v2\/categories?post=23966"},{"taxonomy":"post_tag","embeddable":true,"href":"https:\/\/www.fachbau.ch\/de\/wp-json\/wp\/v2\/tags?post=23966"}],"curies":[{"name":"wp","href":"https:\/\/api.w.org\/{rel}","templated":true}]}}