{"id":20245,"date":"2024-07-16T14:17:58","date_gmt":"2024-07-16T12:17:58","guid":{"rendered":"https:\/\/www.fachbau.ch\/?p=20245"},"modified":"2024-07-16T14:17:58","modified_gmt":"2024-07-16T12:17:58","slug":"der-zuckerbaeckerturm-nimmt-form-an","status":"publish","type":"post","link":"https:\/\/www.fachbau.ch\/de\/die-baustellen\/2024-07-16\/der-zuckerbaeckerturm-nimmt-form-an\/","title":{"rendered":"Der \u00abZuckerb\u00e4ckerturm\u00bb nimmt Form an"},"content":{"rendered":"<p>Die jahrelange Planung, die vielen Testreihen, das \u00e4sthetische Ringen, die komplizierten Genehmigungsprozesse: All dies r\u00fcckte Anfang Juli in den Hintergrund. Nach langer Planung wurde in Mulegns GR das erste Stockwerk des Weissen Turmes mit digital gedruckten S\u00e4ulen errichtet. Die scheinbar schwerelos aufw\u00e4rts strebenden S\u00e4ulen, die Pr\u00e4zision der Bauarbeiten, die skulpturale Kraft der ersten S\u00e4ulenreihe, liessen die anspruchsvolle Planungsphase vergessen. Der Weisse Turm wird \u00fcber die Region, den Kanton und den Alpenraum seine Ausstrahlung entfalten.<\/p>\n<div id='gallery-1' class='gallery galleryid-20245 gallery-columns-3 gallery-size-medium'><figure class='gallery-item'>\n\t\t\t<div class='gallery-icon landscape'>\n\t\t\t\t<a href='https:\/\/www.fachbau.ch\/wp-content\/uploads\/2024\/07\/weisser_turm_01_admill_kuyler_fachbau.ch_-scaled.jpg'><img loading=\"lazy\" decoding=\"async\" width=\"680\" height=\"453\" src=\"https:\/\/www.fachbau.ch\/wp-content\/uploads\/2024\/07\/weisser_turm_01_admill_kuyler_fachbau.ch_-680x453.jpg\" class=\"attachment-medium size-medium\" alt=\"Die ersten digital gedruckten S\u00e4ulen des Weissen Turmes wurden Anfang Juli nach Mulegns transportiert und am vorgesehenen Ort montiert. (Foto: Admill Kuyler)\" aria-describedby=\"gallery-1-20257\" srcset=\"https:\/\/www.fachbau.ch\/wp-content\/uploads\/2024\/07\/weisser_turm_01_admill_kuyler_fachbau.ch_-680x453.jpg 680w, https:\/\/www.fachbau.ch\/wp-content\/uploads\/2024\/07\/weisser_turm_01_admill_kuyler_fachbau.ch_-1024x683.jpg 1024w, https:\/\/www.fachbau.ch\/wp-content\/uploads\/2024\/07\/weisser_turm_01_admill_kuyler_fachbau.ch_-768x512.jpg 768w, https:\/\/www.fachbau.ch\/wp-content\/uploads\/2024\/07\/weisser_turm_01_admill_kuyler_fachbau.ch_-1536x1024.jpg 1536w, https:\/\/www.fachbau.ch\/wp-content\/uploads\/2024\/07\/weisser_turm_01_admill_kuyler_fachbau.ch_-2048x1366.jpg 2048w, https:\/\/www.fachbau.ch\/wp-content\/uploads\/2024\/07\/weisser_turm_01_admill_kuyler_fachbau.ch_-18x12.jpg 18w, https:\/\/www.fachbau.ch\/wp-content\/uploads\/2024\/07\/weisser_turm_01_admill_kuyler_fachbau.ch_-375x250.jpg 375w, https:\/\/www.fachbau.ch\/wp-content\/uploads\/2024\/07\/weisser_turm_01_admill_kuyler_fachbau.ch_-525x350.jpg 525w, https:\/\/www.fachbau.ch\/wp-content\/uploads\/2024\/07\/weisser_turm_01_admill_kuyler_fachbau.ch_-1000x667.jpg 1000w, https:\/\/www.fachbau.ch\/wp-content\/uploads\/2024\/07\/weisser_turm_01_admill_kuyler_fachbau.ch_-scaled.jpg 1400w\" sizes=\"auto, (max-width: 680px) 100vw, 680px\" \/><\/a>\n\t\t\t<\/div>\n\t\t\t\t<figcaption class='wp-caption-text gallery-caption' id='gallery-1-20257'>\n\t\t\t\tDie ersten digital gedruckten S\u00e4ulen des Weissen Turmes wurden Anfang Juli nach Mulegns transportiert und am vorgesehenen Ort montiert. (Foto: Admill Kuyler)\n\t\t\t\t<\/figcaption><\/figure><figure class='gallery-item'>\n\t\t\t<div class='gallery-icon portrait'>\n\t\t\t\t<a href='https:\/\/www.fachbau.ch\/wp-content\/uploads\/2024\/07\/weisser_turm_02_admill_kuyler_fachbau.ch_-scaled.jpg'><img loading=\"lazy\" decoding=\"async\" width=\"667\" height=\"1000\" src=\"https:\/\/www.fachbau.ch\/wp-content\/uploads\/2024\/07\/weisser_turm_02_admill_kuyler_fachbau.ch_-667x1000.jpg\" class=\"attachment-medium size-medium\" alt=\"Die ersten acht vorgefertigten S\u00e4ulen, die je 3,4 Meter hoch sind, wurden auf dem Sockel platziert. (Foto: Admill Kuyler)\" aria-describedby=\"gallery-1-20258\" srcset=\"https:\/\/www.fachbau.ch\/wp-content\/uploads\/2024\/07\/weisser_turm_02_admill_kuyler_fachbau.ch_-667x1000.jpg 667w, https:\/\/www.fachbau.ch\/wp-content\/uploads\/2024\/07\/weisser_turm_02_admill_kuyler_fachbau.ch_-683x1024.jpg 683w, https:\/\/www.fachbau.ch\/wp-content\/uploads\/2024\/07\/weisser_turm_02_admill_kuyler_fachbau.ch_-768x1152.jpg 768w, https:\/\/www.fachbau.ch\/wp-content\/uploads\/2024\/07\/weisser_turm_02_admill_kuyler_fachbau.ch_-1024x1536.jpg 1024w, https:\/\/www.fachbau.ch\/wp-content\/uploads\/2024\/07\/weisser_turm_02_admill_kuyler_fachbau.ch_-1365x2048.jpg 1365w, https:\/\/www.fachbau.ch\/wp-content\/uploads\/2024\/07\/weisser_turm_02_admill_kuyler_fachbau.ch_-8x12.jpg 8w, https:\/\/www.fachbau.ch\/wp-content\/uploads\/2024\/07\/weisser_turm_02_admill_kuyler_fachbau.ch_-200x300.jpg 200w, https:\/\/www.fachbau.ch\/wp-content\/uploads\/2024\/07\/weisser_turm_02_admill_kuyler_fachbau.ch_-233x350.jpg 233w, https:\/\/www.fachbau.ch\/wp-content\/uploads\/2024\/07\/weisser_turm_02_admill_kuyler_fachbau.ch_-533x800.jpg 533w, https:\/\/www.fachbau.ch\/wp-content\/uploads\/2024\/07\/weisser_turm_02_admill_kuyler_fachbau.ch_-scaled.jpg 933w\" sizes=\"auto, (max-width: 667px) 100vw, 667px\" \/><\/a>\n\t\t\t<\/div>\n\t\t\t\t<figcaption class='wp-caption-text gallery-caption' id='gallery-1-20258'>\n\t\t\t\tDie ersten acht vorgefertigten S\u00e4ulen, die je 3,4 Meter hoch sind, wurden auf dem Sockel platziert. (Foto: Admill Kuyler)\n\t\t\t\t<\/figcaption><\/figure><figure class='gallery-item'>\n\t\t\t<div class='gallery-icon landscape'>\n\t\t\t\t<a href='https:\/\/www.fachbau.ch\/wp-content\/uploads\/2024\/07\/weisser_turm_03_admill_kuyler_fachbau.ch_-scaled.jpg'><img loading=\"lazy\" decoding=\"async\" width=\"680\" height=\"453\" src=\"https:\/\/www.fachbau.ch\/wp-content\/uploads\/2024\/07\/weisser_turm_03_admill_kuyler_fachbau.ch_-680x453.jpg\" class=\"attachment-medium size-medium\" alt=\"Der Weisse Turm zeigt die M\u00f6glichkeiten des computergest\u00fctzten Designs und der digitalen Fertigung, die in den kommenden Jahren den Bau konventioneller Geb\u00e4ude grundlegend ver\u00e4ndern werden. (Foto: Admill Kuyler)\" aria-describedby=\"gallery-1-20259\" srcset=\"https:\/\/www.fachbau.ch\/wp-content\/uploads\/2024\/07\/weisser_turm_03_admill_kuyler_fachbau.ch_-680x453.jpg 680w, https:\/\/www.fachbau.ch\/wp-content\/uploads\/2024\/07\/weisser_turm_03_admill_kuyler_fachbau.ch_-1024x682.jpg 1024w, https:\/\/www.fachbau.ch\/wp-content\/uploads\/2024\/07\/weisser_turm_03_admill_kuyler_fachbau.ch_-768x512.jpg 768w, https:\/\/www.fachbau.ch\/wp-content\/uploads\/2024\/07\/weisser_turm_03_admill_kuyler_fachbau.ch_-1536x1024.jpg 1536w, https:\/\/www.fachbau.ch\/wp-content\/uploads\/2024\/07\/weisser_turm_03_admill_kuyler_fachbau.ch_-2048x1365.jpg 2048w, https:\/\/www.fachbau.ch\/wp-content\/uploads\/2024\/07\/weisser_turm_03_admill_kuyler_fachbau.ch_-18x12.jpg 18w, https:\/\/www.fachbau.ch\/wp-content\/uploads\/2024\/07\/weisser_turm_03_admill_kuyler_fachbau.ch_-375x250.jpg 375w, https:\/\/www.fachbau.ch\/wp-content\/uploads\/2024\/07\/weisser_turm_03_admill_kuyler_fachbau.ch_-525x350.jpg 525w, https:\/\/www.fachbau.ch\/wp-content\/uploads\/2024\/07\/weisser_turm_03_admill_kuyler_fachbau.ch_-1000x666.jpg 1000w, https:\/\/www.fachbau.ch\/wp-content\/uploads\/2024\/07\/weisser_turm_03_admill_kuyler_fachbau.ch_-scaled.jpg 1400w\" sizes=\"auto, (max-width: 680px) 100vw, 680px\" \/><\/a>\n\t\t\t<\/div>\n\t\t\t\t<figcaption class='wp-caption-text gallery-caption' id='gallery-1-20259'>\n\t\t\t\tDer Weisse Turm zeigt die M\u00f6glichkeiten des computergest\u00fctzten Designs und der digitalen Fertigung, die in den kommenden Jahren den Bau konventioneller Geb\u00e4ude grundlegend ver\u00e4ndern werden. (Foto: Admill Kuyler)\n\t\t\t\t<\/figcaption><\/figure><figure class='gallery-item'>\n\t\t\t<div class='gallery-icon landscape'>\n\t\t\t\t<a href='https:\/\/www.fachbau.ch\/wp-content\/uploads\/2024\/07\/weisser_turm_04_admill_kuyler_fachbau.ch_neu-scaled.jpg'><img loading=\"lazy\" decoding=\"async\" width=\"680\" height=\"453\" src=\"https:\/\/www.fachbau.ch\/wp-content\/uploads\/2024\/07\/weisser_turm_04_admill_kuyler_fachbau.ch_neu-680x453.jpg\" class=\"attachment-medium size-medium\" alt=\"Die Elemente des Weissen Turms werden mit einem an der ETH Zurich entwickelten 3D-Druckverfahren aus Beton hergestellt. (Foto: Admill Kuyler)\" aria-describedby=\"gallery-1-20260\" srcset=\"https:\/\/www.fachbau.ch\/wp-content\/uploads\/2024\/07\/weisser_turm_04_admill_kuyler_fachbau.ch_neu-680x453.jpg 680w, https:\/\/www.fachbau.ch\/wp-content\/uploads\/2024\/07\/weisser_turm_04_admill_kuyler_fachbau.ch_neu-1024x682.jpg 1024w, https:\/\/www.fachbau.ch\/wp-content\/uploads\/2024\/07\/weisser_turm_04_admill_kuyler_fachbau.ch_neu-768x512.jpg 768w, https:\/\/www.fachbau.ch\/wp-content\/uploads\/2024\/07\/weisser_turm_04_admill_kuyler_fachbau.ch_neu-1536x1024.jpg 1536w, https:\/\/www.fachbau.ch\/wp-content\/uploads\/2024\/07\/weisser_turm_04_admill_kuyler_fachbau.ch_neu-2048x1365.jpg 2048w, https:\/\/www.fachbau.ch\/wp-content\/uploads\/2024\/07\/weisser_turm_04_admill_kuyler_fachbau.ch_neu-18x12.jpg 18w, https:\/\/www.fachbau.ch\/wp-content\/uploads\/2024\/07\/weisser_turm_04_admill_kuyler_fachbau.ch_neu-375x250.jpg 375w, https:\/\/www.fachbau.ch\/wp-content\/uploads\/2024\/07\/weisser_turm_04_admill_kuyler_fachbau.ch_neu-525x350.jpg 525w, https:\/\/www.fachbau.ch\/wp-content\/uploads\/2024\/07\/weisser_turm_04_admill_kuyler_fachbau.ch_neu-1000x666.jpg 1000w, https:\/\/www.fachbau.ch\/wp-content\/uploads\/2024\/07\/weisser_turm_04_admill_kuyler_fachbau.ch_neu-scaled.jpg 1400w\" sizes=\"auto, (max-width: 680px) 100vw, 680px\" \/><\/a>\n\t\t\t<\/div>\n\t\t\t\t<figcaption class='wp-caption-text gallery-caption' id='gallery-1-20260'>\n\t\t\t\tDie Elemente des Weissen Turms werden mit einem an der ETH Zurich entwickelten 3D-Druckverfahren aus Beton hergestellt. (Foto: Admill Kuyler)\n\t\t\t\t<\/figcaption><\/figure><figure class='gallery-item'>\n\t\t\t<div class='gallery-icon landscape'>\n\t\t\t\t<a href='https:\/\/www.fachbau.ch\/wp-content\/uploads\/2024\/07\/weisser_turm_05_benjamin_hofer_fachbau.ch_neu-scaled.jpg'><img loading=\"lazy\" decoding=\"async\" width=\"680\" height=\"509\" src=\"https:\/\/www.fachbau.ch\/wp-content\/uploads\/2024\/07\/weisser_turm_05_benjamin_hofer_fachbau.ch_neu-680x509.jpg\" class=\"attachment-medium size-medium\" alt=\"Die denkmalgesch\u00fctzte Fuhrhalterei dient als Fundament f\u00fcr den Weissen Turm. (Foto: Benjamin Hofer)\" aria-describedby=\"gallery-1-20261\" srcset=\"https:\/\/www.fachbau.ch\/wp-content\/uploads\/2024\/07\/weisser_turm_05_benjamin_hofer_fachbau.ch_neu-680x509.jpg 680w, https:\/\/www.fachbau.ch\/wp-content\/uploads\/2024\/07\/weisser_turm_05_benjamin_hofer_fachbau.ch_neu-1024x767.jpg 1024w, https:\/\/www.fachbau.ch\/wp-content\/uploads\/2024\/07\/weisser_turm_05_benjamin_hofer_fachbau.ch_neu-768x575.jpg 768w, https:\/\/www.fachbau.ch\/wp-content\/uploads\/2024\/07\/weisser_turm_05_benjamin_hofer_fachbau.ch_neu-1536x1150.jpg 1536w, https:\/\/www.fachbau.ch\/wp-content\/uploads\/2024\/07\/weisser_turm_05_benjamin_hofer_fachbau.ch_neu-2048x1533.jpg 2048w, https:\/\/www.fachbau.ch\/wp-content\/uploads\/2024\/07\/weisser_turm_05_benjamin_hofer_fachbau.ch_neu-16x12.jpg 16w, https:\/\/www.fachbau.ch\/wp-content\/uploads\/2024\/07\/weisser_turm_05_benjamin_hofer_fachbau.ch_neu-375x281.jpg 375w, https:\/\/www.fachbau.ch\/wp-content\/uploads\/2024\/07\/weisser_turm_05_benjamin_hofer_fachbau.ch_neu-467x350.jpg 467w, https:\/\/www.fachbau.ch\/wp-content\/uploads\/2024\/07\/weisser_turm_05_benjamin_hofer_fachbau.ch_neu-1000x749.jpg 1000w, https:\/\/www.fachbau.ch\/wp-content\/uploads\/2024\/07\/weisser_turm_05_benjamin_hofer_fachbau.ch_neu-scaled.jpg 1400w\" sizes=\"auto, (max-width: 680px) 100vw, 680px\" \/><\/a>\n\t\t\t<\/div>\n\t\t\t\t<figcaption class='wp-caption-text gallery-caption' id='gallery-1-20261'>\n\t\t\t\tDie denkmalgesch\u00fctzte Fuhrhalterei dient als Fundament f\u00fcr den Weissen Turm. (Foto: Benjamin Hofer)\n\t\t\t\t<\/figcaption><\/figure>\n\t\t<\/div>\n\n<p>Die ersten digital gedruckten S\u00e4ulen des Weissen Turmes wurden nach Mulegns transportiert und reibunslos auf der denkmalgesch\u00fctzten Fuhrhalterei montiert. Die Pr\u00e4zision des Druckes und die handwerkliche Kompetenz machten es m\u00f6glich: scheinbar m\u00fchelos liess sich S\u00e4ule an S\u00e4ule reihen. Erstmals stehen die weissen Kolosse im Kreis und erz\u00e4hlen von neuen r\u00e4umlichen Atmosph\u00e4ren. Die Montage der ersten Etage des \u00abZuckerb\u00e4ckerturms\u00bb markiert einen wichtigen Meilenstein im Gesamtprojekt. Das Bauteam konnte die ersten acht vorgefertigten S\u00e4ulen, die je 3,4 Meter hoch sind, nahtlos auf dem Sockel platzieren und demonstrierte eindr\u00fccklich die M\u00f6glichkeiten der modularen Bauweise.<\/p>\n<h3>Vorreiter der digitalen Transformation in Graub\u00fcnden<\/h3>\n<p>Die digitalen Bautechnologien haben das Potential, die herk\u00f6mmlichen Bauweisen substantiell zu ver\u00e4ndern. Die ETH Z\u00fcrich, die beteiligten einheimischen Firmen Zindel United, die Uffer Gruppe und das Ingenieurb\u00fcro Conzett Bronzini Partner werden zu Vorreitern der digitalen Transformation im Kanton Graub\u00fcnden. So hat die Nova Fundaziun Origen als Bauherrin des zukunftsweisenden digitalen Projektes einen bedeutenden Beitrag zur digitalen Transformation im Kanton Graub\u00fcnden geleistet.<\/p>\n<h3>Neuartiges 3D-Druckverfahren<\/h3>\n<p>Der Weisse Turm demonstriert die bahnbrechenden M\u00f6glichkeiten des computergest\u00fctzten Designs und der digitalen Fertigung. Diese werden k\u00fcnftig den Bau konventioneller Geb\u00e4ude grundlegend ver\u00e4ndern. Im Vergleich zu herk\u00f6mmlichen Methoden l\u00e4sst sich der Turm g\u00fcnstiger und pr\u00e4ziser fertigen, weil Roboter die zeitaufwendigen, repetitiven oder komplexen Arbeiten erledigen.<\/p>\n<p>Der Turm wird mit einem an der ETH Zurich entwickelten 3D-Druckverfahren aus Beton hergestellt. Bei diesem neuartigen Herstellungsverfahren tr\u00e4gt ein Roboter nacheinander d\u00fcnne Schichten weichen Betons mit einer D\u00fcse auf. Das Material ist weich genug, um sich zu verbinden und homogene Komponenten zu bilden. Es h\u00e4rtet jedoch schnell genug aus, um die aufeinanderfolgenden Schichten zu st\u00fctzen.<\/p>\n<p><a href=\"https:\/\/dbt.arch.ethz.ch\/project\/tor-alva\/\" target=\"_blank\" rel=\"noopener\"><strong>&gt; dbt.arch.ethz.ch\/project\/tor-alva\/<\/strong><\/a><\/p>\n","protected":false},"excerpt":{"rendered":"<p>Die jahrelange Planung, die vielen Testreihen, das \u00e4sthetische Ringen, die komplizierten Genehmigungsprozesse: All dies r\u00fcckte Anfang Juli in den Hintergrund. Nach langer Planung wurde in Mulegns GR das erste Stockwerk des Weissen Turmes mit digital gedruckten S\u00e4ulen errichtet. Die scheinbar schwerelos aufw\u00e4rts strebenden S\u00e4ulen, die Pr\u00e4zision der Bauarbeiten, die skulpturale Kraft der ersten S\u00e4ulenreihe, liessen [&hellip;]<\/p>\n","protected":false},"author":6,"featured_media":20260,"comment_status":"closed","ping_status":"closed","sticky":false,"template":"","format":"standard","meta":{"_acf_changed":false,"pgc_sgb_lightbox_settings":"","footnotes":""},"categories":[19],"tags":[260,2054,266,422,2055,428],"class_list":["post-20245","post","type-post","status-publish","format-standard","has-post-thumbnail","hentry","category-die-baustellen","tag-betonbauten","tag-betondruck","tag-betonfertigteile","tag-digital-bauen","tag-digital-gedruckt","tag-digitale-transformation"],"acf":[],"yoast_head":"<!-- This site is optimized with the Yoast SEO plugin v27.4 - https:\/\/yoast.com\/product\/yoast-seo-wordpress\/ -->\n<title>Der \u00abZuckerb\u00e4ckerturm\u00bb nimmt Form an - fachbau.ch<\/title>\n<meta name=\"description\" content=\"Die ersten acht digital gedruckten S\u00e4ulen des Weissen Turms wurden nach Mulegns GR transportiert und auf der vorgesehenen Plattform montiert.\" \/>\n<meta name=\"robots\" content=\"index, follow, max-snippet:-1, max-image-preview:large, max-video-preview:-1\" \/>\n<link rel=\"canonical\" href=\"https:\/\/www.fachbau.ch\/de\/die-baustellen\/2024-07-16\/der-zuckerbaeckerturm-nimmt-form-an\/\" \/>\n<meta property=\"og:locale\" content=\"de_DE\" \/>\n<meta property=\"og:type\" content=\"article\" \/>\n<meta property=\"og:title\" content=\"Der \u00abZuckerb\u00e4ckerturm\u00bb nimmt Form an - fachbau.ch\" \/>\n<meta property=\"og:description\" content=\"Die ersten acht digital gedruckten S\u00e4ulen des Weissen Turms wurden nach Mulegns GR transportiert und auf der vorgesehenen Plattform montiert.\" \/>\n<meta property=\"og:url\" content=\"https:\/\/www.fachbau.ch\/de\/die-baustellen\/2024-07-16\/der-zuckerbaeckerturm-nimmt-form-an\/\" \/>\n<meta property=\"og:site_name\" content=\"fachbau.ch\" \/>\n<meta property=\"article:published_time\" content=\"2024-07-16T12:17:58+00:00\" \/>\n<meta property=\"og:image\" content=\"https:\/\/www.fachbau.ch\/wp-content\/uploads\/2024\/07\/weisser_turm_04_admill_kuyler_fachbau.ch_neu-scaled.jpg\" \/>\n\t<meta property=\"og:image:width\" content=\"1400\" \/>\n\t<meta property=\"og:image:height\" content=\"933\" \/>\n\t<meta property=\"og:image:type\" content=\"image\/jpeg\" \/>\n<meta name=\"author\" content=\"Massimo Diana\" \/>\n<meta name=\"twitter:card\" content=\"summary_large_image\" \/>\n<meta name=\"twitter:label1\" content=\"Verfasst von\" \/>\n\t<meta name=\"twitter:data1\" content=\"Massimo Diana\" \/>\n\t<meta name=\"twitter:label2\" content=\"Gesch\u00e4tzte Lesezeit\" \/>\n\t<meta name=\"twitter:data2\" content=\"3\u00a0Minuten\" \/>\n<script type=\"application\/ld+json\" class=\"yoast-schema-graph\">{\"@context\":\"https:\\\/\\\/schema.org\",\"@graph\":[{\"@type\":\"Article\",\"@id\":\"https:\\\/\\\/www.fachbau.ch\\\/die-baustellen\\\/2024-07-16\\\/der-zuckerbaeckerturm-nimmt-form-an\\\/#article\",\"isPartOf\":{\"@id\":\"https:\\\/\\\/www.fachbau.ch\\\/die-baustellen\\\/2024-07-16\\\/der-zuckerbaeckerturm-nimmt-form-an\\\/\"},\"author\":{\"name\":\"Massimo Diana\",\"@id\":\"https:\\\/\\\/www.fachbau.ch\\\/#\\\/schema\\\/person\\\/5f74362d227c002f5e78a1f7dfea5b17\"},\"headline\":\"Der \u00abZuckerb\u00e4ckerturm\u00bb nimmt Form an\",\"datePublished\":\"2024-07-16T12:17:58+00:00\",\"mainEntityOfPage\":{\"@id\":\"https:\\\/\\\/www.fachbau.ch\\\/die-baustellen\\\/2024-07-16\\\/der-zuckerbaeckerturm-nimmt-form-an\\\/\"},\"wordCount\":394,\"publisher\":{\"@id\":\"https:\\\/\\\/www.fachbau.ch\\\/#organization\"},\"image\":{\"@id\":\"https:\\\/\\\/www.fachbau.ch\\\/die-baustellen\\\/2024-07-16\\\/der-zuckerbaeckerturm-nimmt-form-an\\\/#primaryimage\"},\"thumbnailUrl\":\"https:\\\/\\\/www.fachbau.ch\\\/wp-content\\\/uploads\\\/2024\\\/07\\\/weisser_turm_04_admill_kuyler_fachbau.ch_neu-scaled.jpg\",\"keywords\":[\"Betonbauten\",\"Betondruck\",\"Betonfertigteile\",\"digital bauen\",\"digital gedruckt\",\"Digitale Transformation\"],\"articleSection\":[\"die baustellen\"],\"inLanguage\":\"de\"},{\"@type\":\"WebPage\",\"@id\":\"https:\\\/\\\/www.fachbau.ch\\\/die-baustellen\\\/2024-07-16\\\/der-zuckerbaeckerturm-nimmt-form-an\\\/\",\"url\":\"https:\\\/\\\/www.fachbau.ch\\\/die-baustellen\\\/2024-07-16\\\/der-zuckerbaeckerturm-nimmt-form-an\\\/\",\"name\":\"Der \u00abZuckerb\u00e4ckerturm\u00bb nimmt Form an - fachbau.ch\",\"isPartOf\":{\"@id\":\"https:\\\/\\\/www.fachbau.ch\\\/#website\"},\"primaryImageOfPage\":{\"@id\":\"https:\\\/\\\/www.fachbau.ch\\\/die-baustellen\\\/2024-07-16\\\/der-zuckerbaeckerturm-nimmt-form-an\\\/#primaryimage\"},\"image\":{\"@id\":\"https:\\\/\\\/www.fachbau.ch\\\/die-baustellen\\\/2024-07-16\\\/der-zuckerbaeckerturm-nimmt-form-an\\\/#primaryimage\"},\"thumbnailUrl\":\"https:\\\/\\\/www.fachbau.ch\\\/wp-content\\\/uploads\\\/2024\\\/07\\\/weisser_turm_04_admill_kuyler_fachbau.ch_neu-scaled.jpg\",\"datePublished\":\"2024-07-16T12:17:58+00:00\",\"description\":\"Die ersten acht digital gedruckten S\u00e4ulen des Weissen Turms wurden nach Mulegns GR transportiert und auf der vorgesehenen Plattform montiert.\",\"breadcrumb\":{\"@id\":\"https:\\\/\\\/www.fachbau.ch\\\/die-baustellen\\\/2024-07-16\\\/der-zuckerbaeckerturm-nimmt-form-an\\\/#breadcrumb\"},\"inLanguage\":\"de\",\"potentialAction\":[{\"@type\":\"ReadAction\",\"target\":[\"https:\\\/\\\/www.fachbau.ch\\\/die-baustellen\\\/2024-07-16\\\/der-zuckerbaeckerturm-nimmt-form-an\\\/\"]}]},{\"@type\":\"ImageObject\",\"inLanguage\":\"de\",\"@id\":\"https:\\\/\\\/www.fachbau.ch\\\/die-baustellen\\\/2024-07-16\\\/der-zuckerbaeckerturm-nimmt-form-an\\\/#primaryimage\",\"url\":\"https:\\\/\\\/www.fachbau.ch\\\/wp-content\\\/uploads\\\/2024\\\/07\\\/weisser_turm_04_admill_kuyler_fachbau.ch_neu-scaled.jpg\",\"contentUrl\":\"https:\\\/\\\/www.fachbau.ch\\\/wp-content\\\/uploads\\\/2024\\\/07\\\/weisser_turm_04_admill_kuyler_fachbau.ch_neu-scaled.jpg\",\"width\":1400,\"height\":933,\"caption\":\"Die Elemente des Weissen Turms werden mit einem an der ETH Zurich entwickelten 3D-Druckverfahren aus Beton hergestellt. (Foto: Admill Kuyler)\"},{\"@type\":\"BreadcrumbList\",\"@id\":\"https:\\\/\\\/www.fachbau.ch\\\/die-baustellen\\\/2024-07-16\\\/der-zuckerbaeckerturm-nimmt-form-an\\\/#breadcrumb\",\"itemListElement\":[{\"@type\":\"ListItem\",\"position\":1,\"name\":\"Startseite\",\"item\":\"https:\\\/\\\/www.fachbau.ch\\\/\"},{\"@type\":\"ListItem\",\"position\":2,\"name\":\"Der \u00abZuckerb\u00e4ckerturm\u00bb nimmt Form an\"}]},{\"@type\":\"WebSite\",\"@id\":\"https:\\\/\\\/www.fachbau.ch\\\/#website\",\"url\":\"https:\\\/\\\/www.fachbau.ch\\\/\",\"name\":\"fachbau.ch\",\"description\":\"Modernes, nachhaltiges Bauen.\",\"publisher\":{\"@id\":\"https:\\\/\\\/www.fachbau.ch\\\/#organization\"},\"potentialAction\":[{\"@type\":\"SearchAction\",\"target\":{\"@type\":\"EntryPoint\",\"urlTemplate\":\"https:\\\/\\\/www.fachbau.ch\\\/?s={search_term_string}\"},\"query-input\":{\"@type\":\"PropertyValueSpecification\",\"valueRequired\":true,\"valueName\":\"search_term_string\"}}],\"inLanguage\":\"de\"},{\"@type\":\"Organization\",\"@id\":\"https:\\\/\\\/www.fachbau.ch\\\/#organization\",\"name\":\"fachbau.ch\",\"url\":\"https:\\\/\\\/www.fachbau.ch\\\/\",\"logo\":{\"@type\":\"ImageObject\",\"inLanguage\":\"de\",\"@id\":\"https:\\\/\\\/www.fachbau.ch\\\/#\\\/schema\\\/logo\\\/image\\\/\",\"url\":\"https:\\\/\\\/www.fachbau.ch\\\/wp-content\\\/uploads\\\/2021\\\/12\\\/Logo_fachbau_ch.png\",\"contentUrl\":\"https:\\\/\\\/www.fachbau.ch\\\/wp-content\\\/uploads\\\/2021\\\/12\\\/Logo_fachbau_ch.png\",\"width\":283,\"height\":42,\"caption\":\"fachbau.ch\"},\"image\":{\"@id\":\"https:\\\/\\\/www.fachbau.ch\\\/#\\\/schema\\\/logo\\\/image\\\/\"}},{\"@type\":\"Person\",\"@id\":\"https:\\\/\\\/www.fachbau.ch\\\/#\\\/schema\\\/person\\\/5f74362d227c002f5e78a1f7dfea5b17\",\"name\":\"Massimo Diana\",\"image\":{\"@type\":\"ImageObject\",\"inLanguage\":\"de\",\"@id\":\"https:\\\/\\\/secure.gravatar.com\\\/avatar\\\/12cb79675e59b7232ceaddf198be9bdfe3981a9c3fb75365a6efc6a8f956a0a7?s=96&d=mm&r=g\",\"url\":\"https:\\\/\\\/secure.gravatar.com\\\/avatar\\\/12cb79675e59b7232ceaddf198be9bdfe3981a9c3fb75365a6efc6a8f956a0a7?s=96&d=mm&r=g\",\"contentUrl\":\"https:\\\/\\\/secure.gravatar.com\\\/avatar\\\/12cb79675e59b7232ceaddf198be9bdfe3981a9c3fb75365a6efc6a8f956a0a7?s=96&d=mm&r=g\",\"caption\":\"Massimo Diana\"},\"url\":\"https:\\\/\\\/www.fachbau.ch\\\/de\\\/author\\\/massimo-diana\\\/\"}]}<\/script>\n<!-- \/ Yoast SEO plugin. -->","yoast_head_json":{"title":"Der \u00abZuckerb\u00e4ckerturm\u00bb nimmt Form an - fachbau.ch","description":"Die ersten acht digital gedruckten S\u00e4ulen des Weissen Turms wurden nach Mulegns GR transportiert und auf der vorgesehenen Plattform montiert.","robots":{"index":"index","follow":"follow","max-snippet":"max-snippet:-1","max-image-preview":"max-image-preview:large","max-video-preview":"max-video-preview:-1"},"canonical":"https:\/\/www.fachbau.ch\/de\/die-baustellen\/2024-07-16\/der-zuckerbaeckerturm-nimmt-form-an\/","og_locale":"de_DE","og_type":"article","og_title":"Der \u00abZuckerb\u00e4ckerturm\u00bb nimmt Form an - fachbau.ch","og_description":"Die ersten acht digital gedruckten S\u00e4ulen des Weissen Turms wurden nach Mulegns GR transportiert und auf der vorgesehenen Plattform montiert.","og_url":"https:\/\/www.fachbau.ch\/de\/die-baustellen\/2024-07-16\/der-zuckerbaeckerturm-nimmt-form-an\/","og_site_name":"fachbau.ch","article_published_time":"2024-07-16T12:17:58+00:00","og_image":[{"width":1400,"height":933,"url":"https:\/\/www.fachbau.ch\/wp-content\/uploads\/2024\/07\/weisser_turm_04_admill_kuyler_fachbau.ch_neu-scaled.jpg","type":"image\/jpeg"}],"author":"Massimo Diana","twitter_card":"summary_large_image","twitter_misc":{"Verfasst von":"Massimo Diana","Gesch\u00e4tzte Lesezeit":"3\u00a0Minuten"},"schema":{"@context":"https:\/\/schema.org","@graph":[{"@type":"Article","@id":"https:\/\/www.fachbau.ch\/die-baustellen\/2024-07-16\/der-zuckerbaeckerturm-nimmt-form-an\/#article","isPartOf":{"@id":"https:\/\/www.fachbau.ch\/die-baustellen\/2024-07-16\/der-zuckerbaeckerturm-nimmt-form-an\/"},"author":{"name":"Massimo Diana","@id":"https:\/\/www.fachbau.ch\/#\/schema\/person\/5f74362d227c002f5e78a1f7dfea5b17"},"headline":"Der \u00abZuckerb\u00e4ckerturm\u00bb nimmt Form an","datePublished":"2024-07-16T12:17:58+00:00","mainEntityOfPage":{"@id":"https:\/\/www.fachbau.ch\/die-baustellen\/2024-07-16\/der-zuckerbaeckerturm-nimmt-form-an\/"},"wordCount":394,"publisher":{"@id":"https:\/\/www.fachbau.ch\/#organization"},"image":{"@id":"https:\/\/www.fachbau.ch\/die-baustellen\/2024-07-16\/der-zuckerbaeckerturm-nimmt-form-an\/#primaryimage"},"thumbnailUrl":"https:\/\/www.fachbau.ch\/wp-content\/uploads\/2024\/07\/weisser_turm_04_admill_kuyler_fachbau.ch_neu-scaled.jpg","keywords":["Betonbauten","Betondruck","Betonfertigteile","digital bauen","digital gedruckt","Digitale Transformation"],"articleSection":["die baustellen"],"inLanguage":"de"},{"@type":"WebPage","@id":"https:\/\/www.fachbau.ch\/die-baustellen\/2024-07-16\/der-zuckerbaeckerturm-nimmt-form-an\/","url":"https:\/\/www.fachbau.ch\/die-baustellen\/2024-07-16\/der-zuckerbaeckerturm-nimmt-form-an\/","name":"Der \u00abZuckerb\u00e4ckerturm\u00bb nimmt Form an - fachbau.ch","isPartOf":{"@id":"https:\/\/www.fachbau.ch\/#website"},"primaryImageOfPage":{"@id":"https:\/\/www.fachbau.ch\/die-baustellen\/2024-07-16\/der-zuckerbaeckerturm-nimmt-form-an\/#primaryimage"},"image":{"@id":"https:\/\/www.fachbau.ch\/die-baustellen\/2024-07-16\/der-zuckerbaeckerturm-nimmt-form-an\/#primaryimage"},"thumbnailUrl":"https:\/\/www.fachbau.ch\/wp-content\/uploads\/2024\/07\/weisser_turm_04_admill_kuyler_fachbau.ch_neu-scaled.jpg","datePublished":"2024-07-16T12:17:58+00:00","description":"Die ersten acht digital gedruckten S\u00e4ulen des Weissen Turms wurden nach Mulegns GR transportiert und auf der vorgesehenen Plattform montiert.","breadcrumb":{"@id":"https:\/\/www.fachbau.ch\/die-baustellen\/2024-07-16\/der-zuckerbaeckerturm-nimmt-form-an\/#breadcrumb"},"inLanguage":"de","potentialAction":[{"@type":"ReadAction","target":["https:\/\/www.fachbau.ch\/die-baustellen\/2024-07-16\/der-zuckerbaeckerturm-nimmt-form-an\/"]}]},{"@type":"ImageObject","inLanguage":"de","@id":"https:\/\/www.fachbau.ch\/die-baustellen\/2024-07-16\/der-zuckerbaeckerturm-nimmt-form-an\/#primaryimage","url":"https:\/\/www.fachbau.ch\/wp-content\/uploads\/2024\/07\/weisser_turm_04_admill_kuyler_fachbau.ch_neu-scaled.jpg","contentUrl":"https:\/\/www.fachbau.ch\/wp-content\/uploads\/2024\/07\/weisser_turm_04_admill_kuyler_fachbau.ch_neu-scaled.jpg","width":1400,"height":933,"caption":"Die Elemente des Weissen Turms werden mit einem an der ETH Zurich entwickelten 3D-Druckverfahren aus Beton hergestellt. (Foto: Admill Kuyler)"},{"@type":"BreadcrumbList","@id":"https:\/\/www.fachbau.ch\/die-baustellen\/2024-07-16\/der-zuckerbaeckerturm-nimmt-form-an\/#breadcrumb","itemListElement":[{"@type":"ListItem","position":1,"name":"Startseite","item":"https:\/\/www.fachbau.ch\/"},{"@type":"ListItem","position":2,"name":"Der \u00abZuckerb\u00e4ckerturm\u00bb nimmt Form an"}]},{"@type":"WebSite","@id":"https:\/\/www.fachbau.ch\/#website","url":"https:\/\/www.fachbau.ch\/","name":"fachbau.ch","description":"Modernes, nachhaltiges Bauen.","publisher":{"@id":"https:\/\/www.fachbau.ch\/#organization"},"potentialAction":[{"@type":"SearchAction","target":{"@type":"EntryPoint","urlTemplate":"https:\/\/www.fachbau.ch\/?s={search_term_string}"},"query-input":{"@type":"PropertyValueSpecification","valueRequired":true,"valueName":"search_term_string"}}],"inLanguage":"de"},{"@type":"Organization","@id":"https:\/\/www.fachbau.ch\/#organization","name":"fachbau.ch","url":"https:\/\/www.fachbau.ch\/","logo":{"@type":"ImageObject","inLanguage":"de","@id":"https:\/\/www.fachbau.ch\/#\/schema\/logo\/image\/","url":"https:\/\/www.fachbau.ch\/wp-content\/uploads\/2021\/12\/Logo_fachbau_ch.png","contentUrl":"https:\/\/www.fachbau.ch\/wp-content\/uploads\/2021\/12\/Logo_fachbau_ch.png","width":283,"height":42,"caption":"fachbau.ch"},"image":{"@id":"https:\/\/www.fachbau.ch\/#\/schema\/logo\/image\/"}},{"@type":"Person","@id":"https:\/\/www.fachbau.ch\/#\/schema\/person\/5f74362d227c002f5e78a1f7dfea5b17","name":"Massimo Diana","image":{"@type":"ImageObject","inLanguage":"de","@id":"https:\/\/secure.gravatar.com\/avatar\/12cb79675e59b7232ceaddf198be9bdfe3981a9c3fb75365a6efc6a8f956a0a7?s=96&d=mm&r=g","url":"https:\/\/secure.gravatar.com\/avatar\/12cb79675e59b7232ceaddf198be9bdfe3981a9c3fb75365a6efc6a8f956a0a7?s=96&d=mm&r=g","contentUrl":"https:\/\/secure.gravatar.com\/avatar\/12cb79675e59b7232ceaddf198be9bdfe3981a9c3fb75365a6efc6a8f956a0a7?s=96&d=mm&r=g","caption":"Massimo Diana"},"url":"https:\/\/www.fachbau.ch\/de\/author\/massimo-diana\/"}]}},"_links":{"self":[{"href":"https:\/\/www.fachbau.ch\/de\/wp-json\/wp\/v2\/posts\/20245","targetHints":{"allow":["GET"]}}],"collection":[{"href":"https:\/\/www.fachbau.ch\/de\/wp-json\/wp\/v2\/posts"}],"about":[{"href":"https:\/\/www.fachbau.ch\/de\/wp-json\/wp\/v2\/types\/post"}],"author":[{"embeddable":true,"href":"https:\/\/www.fachbau.ch\/de\/wp-json\/wp\/v2\/users\/6"}],"replies":[{"embeddable":true,"href":"https:\/\/www.fachbau.ch\/de\/wp-json\/wp\/v2\/comments?post=20245"}],"version-history":[{"count":12,"href":"https:\/\/www.fachbau.ch\/de\/wp-json\/wp\/v2\/posts\/20245\/revisions"}],"predecessor-version":[{"id":20263,"href":"https:\/\/www.fachbau.ch\/de\/wp-json\/wp\/v2\/posts\/20245\/revisions\/20263"}],"wp:featuredmedia":[{"embeddable":true,"href":"https:\/\/www.fachbau.ch\/de\/wp-json\/wp\/v2\/media\/20260"}],"wp:attachment":[{"href":"https:\/\/www.fachbau.ch\/de\/wp-json\/wp\/v2\/media?parent=20245"}],"wp:term":[{"taxonomy":"category","embeddable":true,"href":"https:\/\/www.fachbau.ch\/de\/wp-json\/wp\/v2\/categories?post=20245"},{"taxonomy":"post_tag","embeddable":true,"href":"https:\/\/www.fachbau.ch\/de\/wp-json\/wp\/v2\/tags?post=20245"}],"curies":[{"name":"wp","href":"https:\/\/api.w.org\/{rel}","templated":true}]}}