{"id":20004,"date":"2024-05-31T12:53:32","date_gmt":"2024-05-31T10:53:32","guid":{"rendered":"https:\/\/www.fachbau.ch\/?p=20004"},"modified":"2024-05-31T12:53:32","modified_gmt":"2024-05-31T10:53:32","slug":"start-der-bohrarbeiten","status":"publish","type":"post","link":"https:\/\/www.fachbau.ch\/de\/die-baustellen\/2024-05-31\/start-der-bohrarbeiten\/","title":{"rendered":"Start der Bohrarbeiten"},"content":{"rendered":"<p><span style=\"font-family: Calibri, sans-serif;\"><span style=\"font-size: medium;\">Nach einer umfassenden \u00dcberpr\u00fcfung des Bohrvorhabens durch die jurassischen Beh\u00f6rden und mit Einbezug externer Experten hat Geo-Energie Jura AG gr\u00fcnes Licht vom Kanton Jura f\u00fcr den Start der ersten Explorationsbohrung bekommen. Das Projekt unterliegt einer Umwelt\u00fcberwachung, um den Schutz von Wasser, Luft und Artenvielfalt zu gew\u00e4hrleisten. Zudem hat der Schweizerische Erdbebendienst (SED) an der ETH Z\u00fcrich lokal sein Messnetz verdichtet und stellt damit eine unabh\u00e4ngige, seismische Grund\u00fcberwachung bereit. <\/span><\/span><\/p>\n<p><a href=\"https:\/\/www.fachbau.ch\/wp-content\/uploads\/2024\/05\/geothermie_schweiz_haute_sorne_forage_01.jpg\"><img loading=\"lazy\" decoding=\"async\" class=\"alignnone wp-image-20006\" src=\"https:\/\/www.fachbau.ch\/wp-content\/uploads\/2024\/05\/geothermie_schweiz_haute_sorne_forage_01-680x383.jpg\" alt=\"\" width=\"820\" height=\"461\" srcset=\"https:\/\/www.fachbau.ch\/wp-content\/uploads\/2024\/05\/geothermie_schweiz_haute_sorne_forage_01-680x383.jpg 680w, https:\/\/www.fachbau.ch\/wp-content\/uploads\/2024\/05\/geothermie_schweiz_haute_sorne_forage_01-768x432.jpg 768w, https:\/\/www.fachbau.ch\/wp-content\/uploads\/2024\/05\/geothermie_schweiz_haute_sorne_forage_01-18x10.jpg 18w, https:\/\/www.fachbau.ch\/wp-content\/uploads\/2024\/05\/geothermie_schweiz_haute_sorne_forage_01-375x211.jpg 375w, https:\/\/www.fachbau.ch\/wp-content\/uploads\/2024\/05\/geothermie_schweiz_haute_sorne_forage_01-622x350.jpg 622w, https:\/\/www.fachbau.ch\/wp-content\/uploads\/2024\/05\/geothermie_schweiz_haute_sorne_forage_01.jpg 869w\" sizes=\"auto, (max-width: 820px) 100vw, 820px\" \/><\/a><\/p>\n<p><span style=\"font-family: Calibri, sans-serif;\"><span style=\"font-size: small;\"><b>Geothermieprojekt Haute-Sorne: Mit der vertikalen Bohrung bis 4000 Meter Tiefe soll der Untergrund genau erforscht und das Nutzungspotenzial abgekl\u00e4rt werden. <\/b><\/span><\/span><\/p>\n<p><span style=\"font-family: Calibri, sans-serif;\"><span style=\"font-size: medium;\"><b>\u00dcberwacht mit seismischen Netzwerk <\/b><\/span><\/span><\/p>\n<p><span style=\"font-family: Calibri, sans-serif;\"><span style=\"font-size: medium;\">Die Explorationsbohrung wird wahrscheinlich bis September dauern. Diese Bohrung wird massgeblich zur Erkundung des tiefen Untergrunds beitragen, da sie im Schweizer Jurabogen die erste Bohrung zwischen Genf und Basel ist, die vollst\u00e4ndig die Sedimente durchdringt und tief in das kristalline Grundgebirge abgeteuft wird. Sp\u00fcrbare Beben k\u00f6nnen w\u00e4hrend des Bohrvorgangs praktisch ausgeschlossen werden. Trotzdem wird die Bohrphase intensiv mit einem seismischen Netzwerk \u00fcberwacht. <\/span><\/span><\/p>\n<p><a href=\"https:\/\/www.fachbau.ch\/wp-content\/uploads\/2024\/05\/geothermie_schweiz_haute_sorne_forage_02.jpg\"><img loading=\"lazy\" decoding=\"async\" class=\"alignnone wp-image-20007\" src=\"https:\/\/www.fachbau.ch\/wp-content\/uploads\/2024\/05\/geothermie_schweiz_haute_sorne_forage_02.jpg\" alt=\"\" width=\"790\" height=\"625\" srcset=\"https:\/\/www.fachbau.ch\/wp-content\/uploads\/2024\/05\/geothermie_schweiz_haute_sorne_forage_02.jpg 619w, https:\/\/www.fachbau.ch\/wp-content\/uploads\/2024\/05\/geothermie_schweiz_haute_sorne_forage_02-15x12.jpg 15w, https:\/\/www.fachbau.ch\/wp-content\/uploads\/2024\/05\/geothermie_schweiz_haute_sorne_forage_02-375x297.jpg 375w, https:\/\/www.fachbau.ch\/wp-content\/uploads\/2024\/05\/geothermie_schweiz_haute_sorne_forage_02-442x350.jpg 442w\" sizes=\"auto, (max-width: 790px) 100vw, 790px\" \/><\/a><\/p>\n<p><span style=\"font-family: Calibri, sans-serif;\"><span style=\"font-size: small;\"><b>Die <\/b><b>aktuelle<\/b><b> Bohrung ist Teil der ersten Phase des Pilotprojekts. Sie wird wichtige Informationen f\u00fcr die Fortsetzung des Projekts und f\u00fcr die Realisierung zuk\u00fcnftiger geothermischer Kraftwerke in der Schweiz liefern. <\/b><\/span><\/span><\/p>\n<p><span style=\"font-family: Calibri, sans-serif;\"><span style=\"font-size: medium;\">Nach detaillierter Auswertung der bei der Bohrung gewonnenen geologischen Daten sind Stimulationstests im ersten Quartal 2025 geplant. Die Resultate der Tests werden massgeblich zur Entscheidung beitragen, ob die zweite Phase des Projektes wie geplant umgesetzt werden kann. Geo-Energie Suisse und Geo-Energie Jura freuen sich \u00fcber diesen entscheidenden Schritt, der innovative Zukunftsaussichten f\u00fcr eine nachhaltige Energieversorgung in der Schweiz er\u00f6ffnet. <\/span><\/span><\/p>\n<p><span style=\"font-family: Calibri, sans-serif;\"><span style=\"font-size: medium;\"><b>L\u00e4rmschutz, Sicherheit, Informationspavillon <\/b><\/span><\/span><\/p>\n<p><span style=\"font-family: Calibri, sans-serif;\"><span style=\"font-size: medium;\">Obwohl die Arbeiten rund um die Uhr laufen, k\u00f6nnen die gesetzlichen L\u00e4rmschutznormen eingehalten werden. Zum Schutz der n\u00e4chstgelegenen Anwohner wurde eine L\u00e4rmschutzwand errichtet. In Abstimmung mit den Beh\u00f6rden und Rettungsdiensten liegt ein ausgefeiltes Sicherheitskonzept vor, das eine effiziente und schnelle Reaktion auf unvorhergesehene Ereignisse erm\u00f6glicht. Angesichts des grossen technischen Know-hows der Bohrfirma sind solche h\u00f6chst unwahrscheinlich. <\/span><\/span><\/p>\n<p><span style=\"font-family: Calibri, sans-serif;\"><span style=\"font-size: medium;\">Der zentrale Bereich der Baustelle ist nicht zug\u00e4nglich. Bald kann die \u00d6ffentlichkeit diese einzigartige Baustelle von einer Aussichtsterrasse \u00fcber einem Informationspavillon aus beobachten oder sich \u00fcber eine Webcam die laufenden Arbeiten in Echtzeit ansehen. <\/span><\/span><\/p>\n<p><a href=\"https:\/\/www.geo-energie.ch\/\" target=\"_blank\" rel=\"noopener\"><span style=\"font-family: Calibri, sans-serif;\"><span style=\"font-size: medium;\"><strong>&gt; Geo-Energie Suisse<\/strong> <\/span><\/span><\/a><\/p>\n<p><a href=\"https:\/\/www.geo-energie-jura.ch\/\" target=\"_blank\" rel=\"noopener\"><span style=\"font-family: Calibri, sans-serif;\"><span style=\"font-size: medium;\"><strong>&gt; Geo-Energie Jura<\/strong> <\/span><\/span><\/a><\/p>\n<p><a href=\"https:\/\/geothermie-schweiz.ch\/\" target=\"_blank\" rel=\"noopener\"><span style=\"font-family: Calibri, sans-serif;\"><span style=\"font-size: medium;\"><strong>&gt; Geothermie-Schweiz<\/strong> <\/span><\/span><\/a><\/p>\n","protected":false},"excerpt":{"rendered":"<p>Nach einer umfassenden \u00dcberpr\u00fcfung des Bohrvorhabens durch die jurassischen Beh\u00f6rden und mit Einbezug externer Experten hat Geo-Energie Jura AG gr\u00fcnes Licht vom Kanton Jura f\u00fcr den Start der ersten Explorationsbohrung bekommen. Das Projekt unterliegt einer Umwelt\u00fcberwachung, um den Schutz von Wasser, Luft und Artenvielfalt zu gew\u00e4hrleisten. Zudem hat der Schweizerische Erdbebendienst (SED) an der ETH [&hellip;]<\/p>\n","protected":false},"author":7,"featured_media":0,"comment_status":"closed","ping_status":"closed","sticky":false,"template":"","format":"standard","meta":{"_acf_changed":false,"pgc_sgb_lightbox_settings":"","footnotes":""},"categories":[19],"tags":[519,2093,2095,672,2092,2094],"class_list":["post-20004","post","type-post","status-publish","format-standard","hentry","category-die-baustellen","tag-erdwaerme","tag-explorationsbohrung","tag-geo-energie","tag-geothermie","tag-geothermieprojekt","tag-tiefenbohrung"],"acf":[],"yoast_head":"<!-- This site is optimized with the Yoast SEO plugin v27.4 - https:\/\/yoast.com\/product\/yoast-seo-wordpress\/ -->\n<title>Start der Bohrarbeiten - fachbau.ch<\/title>\n<meta name=\"description\" content=\"Am 21. Mai 2024 begann die erste Bohrung f\u00fcr das Geothermieprojekt Haute-Sorne in der Schweiz.\" \/>\n<meta name=\"robots\" content=\"index, follow, max-snippet:-1, max-image-preview:large, max-video-preview:-1\" \/>\n<link rel=\"canonical\" href=\"https:\/\/www.fachbau.ch\/de\/die-baustellen\/2024-05-31\/start-der-bohrarbeiten\/\" \/>\n<meta property=\"og:locale\" content=\"de_DE\" \/>\n<meta property=\"og:type\" content=\"article\" \/>\n<meta property=\"og:title\" content=\"Start der Bohrarbeiten - fachbau.ch\" \/>\n<meta property=\"og:description\" content=\"Am 21. Mai 2024 begann die erste Bohrung f\u00fcr das Geothermieprojekt Haute-Sorne in der Schweiz.\" \/>\n<meta property=\"og:url\" content=\"https:\/\/www.fachbau.ch\/de\/die-baustellen\/2024-05-31\/start-der-bohrarbeiten\/\" \/>\n<meta property=\"og:site_name\" content=\"fachbau.ch\" \/>\n<meta property=\"article:published_time\" content=\"2024-05-31T10:53:32+00:00\" \/>\n<meta property=\"og:image\" content=\"https:\/\/www.fachbau.ch\/wp-content\/uploads\/2024\/05\/geothermie_schweiz_haute_sorne_forage_01-680x383.jpg\" \/>\n<meta name=\"author\" content=\"Werner Aebi\" \/>\n<meta name=\"twitter:card\" content=\"summary_large_image\" \/>\n<meta name=\"twitter:label1\" content=\"Verfasst von\" \/>\n\t<meta name=\"twitter:data1\" content=\"Werner Aebi\" \/>\n\t<meta name=\"twitter:label2\" content=\"Gesch\u00e4tzte Lesezeit\" \/>\n\t<meta name=\"twitter:data2\" content=\"3\u00a0Minuten\" \/>\n<script type=\"application\/ld+json\" class=\"yoast-schema-graph\">{\"@context\":\"https:\\\/\\\/schema.org\",\"@graph\":[{\"@type\":\"Article\",\"@id\":\"https:\\\/\\\/www.fachbau.ch\\\/die-baustellen\\\/2024-05-31\\\/start-der-bohrarbeiten\\\/#article\",\"isPartOf\":{\"@id\":\"https:\\\/\\\/www.fachbau.ch\\\/die-baustellen\\\/2024-05-31\\\/start-der-bohrarbeiten\\\/\"},\"author\":{\"name\":\"Werner Aebi\",\"@id\":\"https:\\\/\\\/www.fachbau.ch\\\/#\\\/schema\\\/person\\\/a4627586d043140d4a039b224581b1af\"},\"headline\":\"Start der Bohrarbeiten\",\"datePublished\":\"2024-05-31T10:53:32+00:00\",\"mainEntityOfPage\":{\"@id\":\"https:\\\/\\\/www.fachbau.ch\\\/die-baustellen\\\/2024-05-31\\\/start-der-bohrarbeiten\\\/\"},\"wordCount\":373,\"publisher\":{\"@id\":\"https:\\\/\\\/www.fachbau.ch\\\/#organization\"},\"image\":{\"@id\":\"https:\\\/\\\/www.fachbau.ch\\\/die-baustellen\\\/2024-05-31\\\/start-der-bohrarbeiten\\\/#primaryimage\"},\"thumbnailUrl\":\"https:\\\/\\\/www.fachbau.ch\\\/wp-content\\\/uploads\\\/2024\\\/05\\\/geothermie_schweiz_haute_sorne_forage_01-680x383.jpg\",\"keywords\":[\"Erdw\u00e4rme\",\"Explorationsbohrung\",\"Geo-Energie\",\"Geothermie\",\"Geothermieprojekt\",\"Tiefenbohrung\"],\"articleSection\":[\"die baustellen\"],\"inLanguage\":\"de\"},{\"@type\":\"WebPage\",\"@id\":\"https:\\\/\\\/www.fachbau.ch\\\/die-baustellen\\\/2024-05-31\\\/start-der-bohrarbeiten\\\/\",\"url\":\"https:\\\/\\\/www.fachbau.ch\\\/die-baustellen\\\/2024-05-31\\\/start-der-bohrarbeiten\\\/\",\"name\":\"Start der Bohrarbeiten - fachbau.ch\",\"isPartOf\":{\"@id\":\"https:\\\/\\\/www.fachbau.ch\\\/#website\"},\"primaryImageOfPage\":{\"@id\":\"https:\\\/\\\/www.fachbau.ch\\\/die-baustellen\\\/2024-05-31\\\/start-der-bohrarbeiten\\\/#primaryimage\"},\"image\":{\"@id\":\"https:\\\/\\\/www.fachbau.ch\\\/die-baustellen\\\/2024-05-31\\\/start-der-bohrarbeiten\\\/#primaryimage\"},\"thumbnailUrl\":\"https:\\\/\\\/www.fachbau.ch\\\/wp-content\\\/uploads\\\/2024\\\/05\\\/geothermie_schweiz_haute_sorne_forage_01-680x383.jpg\",\"datePublished\":\"2024-05-31T10:53:32+00:00\",\"description\":\"Am 21. Mai 2024 begann die erste Bohrung f\u00fcr das Geothermieprojekt Haute-Sorne in der Schweiz.\",\"breadcrumb\":{\"@id\":\"https:\\\/\\\/www.fachbau.ch\\\/die-baustellen\\\/2024-05-31\\\/start-der-bohrarbeiten\\\/#breadcrumb\"},\"inLanguage\":\"de\",\"potentialAction\":[{\"@type\":\"ReadAction\",\"target\":[\"https:\\\/\\\/www.fachbau.ch\\\/die-baustellen\\\/2024-05-31\\\/start-der-bohrarbeiten\\\/\"]}]},{\"@type\":\"ImageObject\",\"inLanguage\":\"de\",\"@id\":\"https:\\\/\\\/www.fachbau.ch\\\/die-baustellen\\\/2024-05-31\\\/start-der-bohrarbeiten\\\/#primaryimage\",\"url\":\"https:\\\/\\\/www.fachbau.ch\\\/wp-content\\\/uploads\\\/2024\\\/05\\\/geothermie_schweiz_haute_sorne_forage_01-680x383.jpg\",\"contentUrl\":\"https:\\\/\\\/www.fachbau.ch\\\/wp-content\\\/uploads\\\/2024\\\/05\\\/geothermie_schweiz_haute_sorne_forage_01-680x383.jpg\"},{\"@type\":\"BreadcrumbList\",\"@id\":\"https:\\\/\\\/www.fachbau.ch\\\/die-baustellen\\\/2024-05-31\\\/start-der-bohrarbeiten\\\/#breadcrumb\",\"itemListElement\":[{\"@type\":\"ListItem\",\"position\":1,\"name\":\"Startseite\",\"item\":\"https:\\\/\\\/www.fachbau.ch\\\/\"},{\"@type\":\"ListItem\",\"position\":2,\"name\":\"Start der Bohrarbeiten\"}]},{\"@type\":\"WebSite\",\"@id\":\"https:\\\/\\\/www.fachbau.ch\\\/#website\",\"url\":\"https:\\\/\\\/www.fachbau.ch\\\/\",\"name\":\"fachbau.ch\",\"description\":\"Modernes, nachhaltiges Bauen.\",\"publisher\":{\"@id\":\"https:\\\/\\\/www.fachbau.ch\\\/#organization\"},\"potentialAction\":[{\"@type\":\"SearchAction\",\"target\":{\"@type\":\"EntryPoint\",\"urlTemplate\":\"https:\\\/\\\/www.fachbau.ch\\\/?s={search_term_string}\"},\"query-input\":{\"@type\":\"PropertyValueSpecification\",\"valueRequired\":true,\"valueName\":\"search_term_string\"}}],\"inLanguage\":\"de\"},{\"@type\":\"Organization\",\"@id\":\"https:\\\/\\\/www.fachbau.ch\\\/#organization\",\"name\":\"fachbau.ch\",\"url\":\"https:\\\/\\\/www.fachbau.ch\\\/\",\"logo\":{\"@type\":\"ImageObject\",\"inLanguage\":\"de\",\"@id\":\"https:\\\/\\\/www.fachbau.ch\\\/#\\\/schema\\\/logo\\\/image\\\/\",\"url\":\"https:\\\/\\\/www.fachbau.ch\\\/wp-content\\\/uploads\\\/2021\\\/12\\\/Logo_fachbau_ch.png\",\"contentUrl\":\"https:\\\/\\\/www.fachbau.ch\\\/wp-content\\\/uploads\\\/2021\\\/12\\\/Logo_fachbau_ch.png\",\"width\":283,\"height\":42,\"caption\":\"fachbau.ch\"},\"image\":{\"@id\":\"https:\\\/\\\/www.fachbau.ch\\\/#\\\/schema\\\/logo\\\/image\\\/\"}},{\"@type\":\"Person\",\"@id\":\"https:\\\/\\\/www.fachbau.ch\\\/#\\\/schema\\\/person\\\/a4627586d043140d4a039b224581b1af\",\"name\":\"Werner Aebi\",\"image\":{\"@type\":\"ImageObject\",\"inLanguage\":\"de\",\"@id\":\"https:\\\/\\\/secure.gravatar.com\\\/avatar\\\/709f2e7d8c043deb29462567c2f269a1d1b5e78571fd8ba3e634c50c2e7a3b18?s=96&d=mm&r=g\",\"url\":\"https:\\\/\\\/secure.gravatar.com\\\/avatar\\\/709f2e7d8c043deb29462567c2f269a1d1b5e78571fd8ba3e634c50c2e7a3b18?s=96&d=mm&r=g\",\"contentUrl\":\"https:\\\/\\\/secure.gravatar.com\\\/avatar\\\/709f2e7d8c043deb29462567c2f269a1d1b5e78571fd8ba3e634c50c2e7a3b18?s=96&d=mm&r=g\",\"caption\":\"Werner Aebi\"},\"url\":\"https:\\\/\\\/www.fachbau.ch\\\/de\\\/author\\\/werner-aebi\\\/\"}]}<\/script>\n<!-- \/ Yoast SEO plugin. -->","yoast_head_json":{"title":"Start der Bohrarbeiten - fachbau.ch","description":"Am 21. Mai 2024 begann die erste Bohrung f\u00fcr das Geothermieprojekt Haute-Sorne in der Schweiz.","robots":{"index":"index","follow":"follow","max-snippet":"max-snippet:-1","max-image-preview":"max-image-preview:large","max-video-preview":"max-video-preview:-1"},"canonical":"https:\/\/www.fachbau.ch\/de\/die-baustellen\/2024-05-31\/start-der-bohrarbeiten\/","og_locale":"de_DE","og_type":"article","og_title":"Start der Bohrarbeiten - fachbau.ch","og_description":"Am 21. Mai 2024 begann die erste Bohrung f\u00fcr das Geothermieprojekt Haute-Sorne in der Schweiz.","og_url":"https:\/\/www.fachbau.ch\/de\/die-baustellen\/2024-05-31\/start-der-bohrarbeiten\/","og_site_name":"fachbau.ch","article_published_time":"2024-05-31T10:53:32+00:00","og_image":[{"url":"https:\/\/www.fachbau.ch\/wp-content\/uploads\/2024\/05\/geothermie_schweiz_haute_sorne_forage_01-680x383.jpg","type":"","width":"","height":""}],"author":"Werner Aebi","twitter_card":"summary_large_image","twitter_misc":{"Verfasst von":"Werner Aebi","Gesch\u00e4tzte Lesezeit":"3\u00a0Minuten"},"schema":{"@context":"https:\/\/schema.org","@graph":[{"@type":"Article","@id":"https:\/\/www.fachbau.ch\/die-baustellen\/2024-05-31\/start-der-bohrarbeiten\/#article","isPartOf":{"@id":"https:\/\/www.fachbau.ch\/die-baustellen\/2024-05-31\/start-der-bohrarbeiten\/"},"author":{"name":"Werner Aebi","@id":"https:\/\/www.fachbau.ch\/#\/schema\/person\/a4627586d043140d4a039b224581b1af"},"headline":"Start der Bohrarbeiten","datePublished":"2024-05-31T10:53:32+00:00","mainEntityOfPage":{"@id":"https:\/\/www.fachbau.ch\/die-baustellen\/2024-05-31\/start-der-bohrarbeiten\/"},"wordCount":373,"publisher":{"@id":"https:\/\/www.fachbau.ch\/#organization"},"image":{"@id":"https:\/\/www.fachbau.ch\/die-baustellen\/2024-05-31\/start-der-bohrarbeiten\/#primaryimage"},"thumbnailUrl":"https:\/\/www.fachbau.ch\/wp-content\/uploads\/2024\/05\/geothermie_schweiz_haute_sorne_forage_01-680x383.jpg","keywords":["Erdw\u00e4rme","Explorationsbohrung","Geo-Energie","Geothermie","Geothermieprojekt","Tiefenbohrung"],"articleSection":["die baustellen"],"inLanguage":"de"},{"@type":"WebPage","@id":"https:\/\/www.fachbau.ch\/die-baustellen\/2024-05-31\/start-der-bohrarbeiten\/","url":"https:\/\/www.fachbau.ch\/die-baustellen\/2024-05-31\/start-der-bohrarbeiten\/","name":"Start der Bohrarbeiten - fachbau.ch","isPartOf":{"@id":"https:\/\/www.fachbau.ch\/#website"},"primaryImageOfPage":{"@id":"https:\/\/www.fachbau.ch\/die-baustellen\/2024-05-31\/start-der-bohrarbeiten\/#primaryimage"},"image":{"@id":"https:\/\/www.fachbau.ch\/die-baustellen\/2024-05-31\/start-der-bohrarbeiten\/#primaryimage"},"thumbnailUrl":"https:\/\/www.fachbau.ch\/wp-content\/uploads\/2024\/05\/geothermie_schweiz_haute_sorne_forage_01-680x383.jpg","datePublished":"2024-05-31T10:53:32+00:00","description":"Am 21. Mai 2024 begann die erste Bohrung f\u00fcr das Geothermieprojekt Haute-Sorne in der Schweiz.","breadcrumb":{"@id":"https:\/\/www.fachbau.ch\/die-baustellen\/2024-05-31\/start-der-bohrarbeiten\/#breadcrumb"},"inLanguage":"de","potentialAction":[{"@type":"ReadAction","target":["https:\/\/www.fachbau.ch\/die-baustellen\/2024-05-31\/start-der-bohrarbeiten\/"]}]},{"@type":"ImageObject","inLanguage":"de","@id":"https:\/\/www.fachbau.ch\/die-baustellen\/2024-05-31\/start-der-bohrarbeiten\/#primaryimage","url":"https:\/\/www.fachbau.ch\/wp-content\/uploads\/2024\/05\/geothermie_schweiz_haute_sorne_forage_01-680x383.jpg","contentUrl":"https:\/\/www.fachbau.ch\/wp-content\/uploads\/2024\/05\/geothermie_schweiz_haute_sorne_forage_01-680x383.jpg"},{"@type":"BreadcrumbList","@id":"https:\/\/www.fachbau.ch\/die-baustellen\/2024-05-31\/start-der-bohrarbeiten\/#breadcrumb","itemListElement":[{"@type":"ListItem","position":1,"name":"Startseite","item":"https:\/\/www.fachbau.ch\/"},{"@type":"ListItem","position":2,"name":"Start der Bohrarbeiten"}]},{"@type":"WebSite","@id":"https:\/\/www.fachbau.ch\/#website","url":"https:\/\/www.fachbau.ch\/","name":"fachbau.ch","description":"Modernes, nachhaltiges Bauen.","publisher":{"@id":"https:\/\/www.fachbau.ch\/#organization"},"potentialAction":[{"@type":"SearchAction","target":{"@type":"EntryPoint","urlTemplate":"https:\/\/www.fachbau.ch\/?s={search_term_string}"},"query-input":{"@type":"PropertyValueSpecification","valueRequired":true,"valueName":"search_term_string"}}],"inLanguage":"de"},{"@type":"Organization","@id":"https:\/\/www.fachbau.ch\/#organization","name":"fachbau.ch","url":"https:\/\/www.fachbau.ch\/","logo":{"@type":"ImageObject","inLanguage":"de","@id":"https:\/\/www.fachbau.ch\/#\/schema\/logo\/image\/","url":"https:\/\/www.fachbau.ch\/wp-content\/uploads\/2021\/12\/Logo_fachbau_ch.png","contentUrl":"https:\/\/www.fachbau.ch\/wp-content\/uploads\/2021\/12\/Logo_fachbau_ch.png","width":283,"height":42,"caption":"fachbau.ch"},"image":{"@id":"https:\/\/www.fachbau.ch\/#\/schema\/logo\/image\/"}},{"@type":"Person","@id":"https:\/\/www.fachbau.ch\/#\/schema\/person\/a4627586d043140d4a039b224581b1af","name":"Werner Aebi","image":{"@type":"ImageObject","inLanguage":"de","@id":"https:\/\/secure.gravatar.com\/avatar\/709f2e7d8c043deb29462567c2f269a1d1b5e78571fd8ba3e634c50c2e7a3b18?s=96&d=mm&r=g","url":"https:\/\/secure.gravatar.com\/avatar\/709f2e7d8c043deb29462567c2f269a1d1b5e78571fd8ba3e634c50c2e7a3b18?s=96&d=mm&r=g","contentUrl":"https:\/\/secure.gravatar.com\/avatar\/709f2e7d8c043deb29462567c2f269a1d1b5e78571fd8ba3e634c50c2e7a3b18?s=96&d=mm&r=g","caption":"Werner Aebi"},"url":"https:\/\/www.fachbau.ch\/de\/author\/werner-aebi\/"}]}},"_links":{"self":[{"href":"https:\/\/www.fachbau.ch\/de\/wp-json\/wp\/v2\/posts\/20004","targetHints":{"allow":["GET"]}}],"collection":[{"href":"https:\/\/www.fachbau.ch\/de\/wp-json\/wp\/v2\/posts"}],"about":[{"href":"https:\/\/www.fachbau.ch\/de\/wp-json\/wp\/v2\/types\/post"}],"author":[{"embeddable":true,"href":"https:\/\/www.fachbau.ch\/de\/wp-json\/wp\/v2\/users\/7"}],"replies":[{"embeddable":true,"href":"https:\/\/www.fachbau.ch\/de\/wp-json\/wp\/v2\/comments?post=20004"}],"version-history":[{"count":2,"href":"https:\/\/www.fachbau.ch\/de\/wp-json\/wp\/v2\/posts\/20004\/revisions"}],"predecessor-version":[{"id":20008,"href":"https:\/\/www.fachbau.ch\/de\/wp-json\/wp\/v2\/posts\/20004\/revisions\/20008"}],"wp:attachment":[{"href":"https:\/\/www.fachbau.ch\/de\/wp-json\/wp\/v2\/media?parent=20004"}],"wp:term":[{"taxonomy":"category","embeddable":true,"href":"https:\/\/www.fachbau.ch\/de\/wp-json\/wp\/v2\/categories?post=20004"},{"taxonomy":"post_tag","embeddable":true,"href":"https:\/\/www.fachbau.ch\/de\/wp-json\/wp\/v2\/tags?post=20004"}],"curies":[{"name":"wp","href":"https:\/\/api.w.org\/{rel}","templated":true}]}}