{"id":18960,"date":"2023-10-25T10:56:03","date_gmt":"2023-10-25T08:56:03","guid":{"rendered":"https:\/\/www.fachbau.ch\/?p=18960"},"modified":"2023-10-25T15:14:35","modified_gmt":"2023-10-25T13:14:35","slug":"stabsuebergabe","status":"publish","type":"post","link":"https:\/\/www.fachbau.ch\/de\/die-baustellen\/2023-10-25\/stabsuebergabe\/","title":{"rendered":"Stabs\u00fcbergabe"},"content":{"rendered":"<p><span style=\"font-family: Calibri, sans-serif;\"><span style=\"font-size: medium;\">Die Stadt Aarau wird Austragungsort des Netzwerkanlasses \u00abEngineers\u2019 Day\u00bb im kommenden Jahr. Mit der Entgegennahme der Grussbotschaft aus Bern wurde auf die zentrale Bedeutung des Industriestandorts Kanton Aargau und insbesondere der Stadt Aarau hingewiesen. Den H\u00f6hepunkt bildete die Besichtigung der Kettenbr\u00fccke als Symbol der Ingenieursleistung. <\/span><\/span><\/p>\n<p><span style=\"font-family: Calibri, sans-serif;\"><span style=\"font-size: medium;\"><b>Stadt Aarau wird Austragungsort f\u00fcr den Netzwerkanlass <\/b><\/span><\/span><\/p>\n<p><span style=\"font-family: Calibri, sans-serif;\"><span style=\"font-size: medium;\">Am Abend des 23. Oktobers 2023 luden die Stadt Aarau, die kantonale Standortf\u00f6rderung, Aarau Standortf\u00f6rderung und die Mitbegr\u00fcnder des \u00abEngineers\u2019 Day\u00bb zur gemeinsam ausgerichteten \u00abStabs\u00fcbergabe\u00bb im Haus zum Schlossgarten in Aarau ein. Dies aus feierlichem Grund: Die Stadt Aarau hat sich im Herbst 2022 als Austragungsort f\u00fcr den Netzwerkanlass vom 23. Januar 2024 beworben und den Zuschlag erhalten. <\/span><\/span><\/p>\n<p><span style=\"font-family: Calibri, sans-serif;\"><span style=\"font-size: medium;\">Die rund 50 geladenen G\u00e4ste aus Politik, Verwaltung, Verb\u00e4nden und der Wirtschaft konnten dabei die Ankunft des Staffell\u00e4ufers Etienne Michel, Gesch\u00e4ftsf\u00fchrer Sch\u00f6ck Bauteile AG Schweiz, und seiner Delegation hautnah miterleben. Symbolisch mit dem Fahrrad von Bern nach Aarau unterwegs \u2013 best\u00fcckt mit den Grussworten der Berner Regierung, wurde der \u00abStab\u00bb offiziell an den neuen Austragungsort Aarau \u00fcberreicht. <\/span><\/span><\/p>\n<p><span style=\"font-family: Calibri, sans-serif;\"><span style=\"font-size: medium;\"><b>Die Ansprachen <\/b><\/span><\/span><\/p>\n<p><span style=\"font-family: Calibri, sans-serif;\"><span style=\"font-size: medium;\">Grossratspr\u00e4sident Lukas Pfisterer zeigte sich sichtlich beeindruckt von der sportlichen Leistung und brachte in seiner Ansprache zum Ausdruck, dass moderne Ingenieursleistungen ein wichtiger Innovationsmotor f\u00fcr den Kanton darstellen und entsprechende Voraussetzungen ben\u00f6tigen: \u00abMit dem Paul-Scherrer-Institut PSI, dem Park Innovaare oder dem Hightech Zentrum bestehen im Kanton Aargau hervorragende Standorte f\u00fcr Innovationen. Ohne Nachwuchs geht es jedoch nicht. Darum ist im Grossen Rat die Nachwuchsf\u00f6rderung gerade in den MINT-Disziplinen immer wieder ein Thema.\u00bb <\/span><\/span><\/p>\n<p><span style=\"font-family: Calibri, sans-serif;\"><span style=\"font-size: medium;\">Josef K\u00fcffner, Projektleiter und offizieller Vertreter der kantonalen Standortf\u00f6rderung (Departement Volkswirtschaft und Inneres), wies ebenfalls auf die Wichtigkeit der Ingenieurleistungen f\u00fcr den ganzen Kanton hin: \u00abDer Kanton Aargau, unter anderem mit der Stadt Aarau, ist Standort vieler Unternehmen, die in zukunftstr\u00e4chtigen Branchen t\u00e4tig sind, bei denen Ingenieur:innen gebraucht werden und gesucht sind. Neben der Hochschule f\u00fcr Technik, der FHNW in Brugg Windisch, verf\u00fcgen viele Aargauer Firmen \u00fcber eine starke, eigene Nachwuchsf\u00f6rderung oder erarbeiteten eigene Weiterbildungskurse. Sie st\u00e4rken damit die Attraktivit\u00e4t des Arbeits- und Wirkungsortes entscheidend.\u00bb <\/span><\/span><\/p>\n<p><span style=\"font-family: Calibri, sans-serif;\"><span style=\"font-size: medium;\">\u00dcber den Zuschlag erfreut zeigte sich auch Aaraus Wirtschaftsf\u00f6rderin Alexandra M\u00e4chler und erkl\u00e4rte, weshalb Stadt Aarau und Aarau Standortf\u00f6rderung den Anlass unterst\u00fctzen. \u00abDer Anlass bietet die ideale Plattform, um die aktuellen Herausforderungen zu thematisieren und generell das Bewusstsein f\u00fcr diese wichtige Berufsgattung schweizweit zu steigern. Gleichzeitig erhalten hiesige Firmen die Gelegenheit, sich einem breiteren Publikum zu pr\u00e4sentieren und vernetzen zu k\u00f6nnen.\u00bb <\/span><\/span><\/p>\n<p><span style=\"font-family: Calibri, sans-serif;\"><span style=\"font-size: medium;\"><b>Aarauer Kettenbr\u00fccke \u2013 eine Ingenieursleistung <\/b><\/span><\/span><\/p>\n<p><span style=\"font-family: Calibri, sans-serif;\"><span style=\"font-size: medium;\">Den H\u00f6hepunkt der Feierlichkeiten bildete die Besichtigung der neuen Kettenbr\u00fccke, welche eigens vom Kantonsingenieur Dominik Studer und Roberto Scappaticci, Sektionsleiter Br\u00fccken &amp; Tunnel, angef\u00fchrt wurde. Neben dem imposanten Bauwerk wurde zudem eindr\u00fccklich aufgezeigt, welch breites Spektrum an Funktionen aller Stufen f\u00fcr Ingenieurinnen und Ingenieure anzutreffen ist.<\/span><\/span><\/p>\n<p><span style=\"font-family: Calibri, sans-serif;\"><span style=\"font-size: medium;\"><b>Ausblick Netzwerkanlass vom 23. Januar 2024 im Kultur- und Kongresshaus Aarau <\/b><\/span><\/span><\/p>\n<p><span style=\"font-family: Calibri, sans-serif;\"><span style=\"font-size: medium;\">Das Motto des Netzwerkanlasses vom 23. Januar 2024 lautet: \u00abNachhaltige St\u00e4dte und Gemeinden \u2013 Ingenieur:innen schaffen konkrete L\u00f6sungen\u00bb. Neben einzelnen Workshops sind Key-Notes aus der Bildung und Wirtschaft vorgesehen, wie auch eine Podiumsdiskussion mit Vertreter:innen aus unterschiedlichen Bereichen. Es ist das erkl\u00e4rte Ziel der Mitbegr\u00fcnder und Eventorganisatoren Daniel L\u00f6hr und Christian Vils, dass die Teilnehmenden aus der Wirtschaft, Politik, Verwaltung und den Bildungsinstitutionen aus erster Hand erfahren, welche aktuellen Herausforderungen das Ingenieurswesen begegnet und welche Massnahmen daraus abgeleitet werden k\u00f6nnen. <\/span><\/span><\/p>\n<p><span style=\"font-family: Calibri, sans-serif;\"><span style=\"font-size: medium;\">Zum <a href=\"https:\/\/www.engineersday.ch\" target=\"_blank\" rel=\"noopener\"><b>Schweizer Engineers&#8216; Day<\/b> <\/a><\/span><\/span><\/p>\n<div id='gallery-1' class='gallery galleryid-18960 gallery-columns-4 gallery-size-thumbnail'><figure class='gallery-item'>\n\t\t\t<div class='gallery-icon portrait'>\n\t\t\t\t<a href='https:\/\/www.fachbau.ch\/wp-content\/uploads\/2023\/10\/engineers_day_2024_stabsuebergabe_bern_aarau_01_regierungsgebaeude.jpg'><img loading=\"lazy\" decoding=\"async\" width=\"150\" height=\"150\" src=\"https:\/\/www.fachbau.ch\/wp-content\/uploads\/2023\/10\/engineers_day_2024_stabsuebergabe_bern_aarau_01_regierungsgebaeude-150x150.jpg\" class=\"attachment-thumbnail size-thumbnail\" alt=\"\" aria-describedby=\"gallery-1-18984\" srcset=\"https:\/\/www.fachbau.ch\/wp-content\/uploads\/2023\/10\/engineers_day_2024_stabsuebergabe_bern_aarau_01_regierungsgebaeude-150x150.jpg 150w, https:\/\/www.fachbau.ch\/wp-content\/uploads\/2023\/10\/engineers_day_2024_stabsuebergabe_bern_aarau_01_regierungsgebaeude-250x250.jpg 250w\" sizes=\"auto, (max-width: 150px) 100vw, 150px\" \/><\/a>\n\t\t\t<\/div>\n\t\t\t\t<figcaption class='wp-caption-text gallery-caption' id='gallery-1-18984'>\n\t\t\t\tStart der Velotour vor dem Regierungsgeb\u00e4ude in der Stadt Bern\u2026\n\t\t\t\t<\/figcaption><\/figure><figure class='gallery-item'>\n\t\t\t<div class='gallery-icon landscape'>\n\t\t\t\t<a href='https:\/\/www.fachbau.ch\/wp-content\/uploads\/2023\/10\/engineers_day_2024_stabsuebergabe_bern_aarau_02-scaled.jpg'><img loading=\"lazy\" decoding=\"async\" width=\"150\" height=\"150\" src=\"https:\/\/www.fachbau.ch\/wp-content\/uploads\/2023\/10\/engineers_day_2024_stabsuebergabe_bern_aarau_02-150x150.jpg\" class=\"attachment-thumbnail size-thumbnail\" alt=\"\" aria-describedby=\"gallery-1-18963\" srcset=\"https:\/\/www.fachbau.ch\/wp-content\/uploads\/2023\/10\/engineers_day_2024_stabsuebergabe_bern_aarau_02-150x150.jpg 150w, https:\/\/www.fachbau.ch\/wp-content\/uploads\/2023\/10\/engineers_day_2024_stabsuebergabe_bern_aarau_02-250x250.jpg 250w\" sizes=\"auto, (max-width: 150px) 100vw, 150px\" \/><\/a>\n\t\t\t<\/div>\n\t\t\t\t<figcaption class='wp-caption-text gallery-caption' id='gallery-1-18963'>\n\t\t\t\t\u2026 schon bald am Ziel, bei der Einfahrt in Aarau.\n\t\t\t\t<\/figcaption><\/figure><figure class='gallery-item'>\n\t\t\t<div class='gallery-icon landscape'>\n\t\t\t\t<a href='https:\/\/www.fachbau.ch\/wp-content\/uploads\/2023\/10\/engineers_day_2024_stabsuebergabe_bern_aarau_03-scaled.jpg'><img loading=\"lazy\" decoding=\"async\" width=\"150\" height=\"150\" src=\"https:\/\/www.fachbau.ch\/wp-content\/uploads\/2023\/10\/engineers_day_2024_stabsuebergabe_bern_aarau_03-150x150.jpg\" class=\"attachment-thumbnail size-thumbnail\" alt=\"\" aria-describedby=\"gallery-1-18964\" srcset=\"https:\/\/www.fachbau.ch\/wp-content\/uploads\/2023\/10\/engineers_day_2024_stabsuebergabe_bern_aarau_03-150x150.jpg 150w, https:\/\/www.fachbau.ch\/wp-content\/uploads\/2023\/10\/engineers_day_2024_stabsuebergabe_bern_aarau_03-250x250.jpg 250w\" sizes=\"auto, (max-width: 150px) 100vw, 150px\" \/><\/a>\n\t\t\t<\/div>\n\t\t\t\t<figcaption class='wp-caption-text gallery-caption' id='gallery-1-18964'>\n\t\t\t\t23. Oktober 2023, an der Stabs\u00fcbergabe, Gruppenbild, flankiert von Staffell\u00e4ufer Etienne Michel von CEO Sch\u00f6ck Bauteile AG (links) und Daniel L\u00f6hr, Mitbegr\u00fcnder des Engineers\u2018 Day (rechts).\n\t\t\t\t<\/figcaption><\/figure><figure class='gallery-item'>\n\t\t\t<div class='gallery-icon landscape'>\n\t\t\t\t<a href='https:\/\/www.fachbau.ch\/wp-content\/uploads\/2023\/10\/engineers_day_2024_stabsuebergabe_bern_aarau_aufhaenger-scaled.jpg'><img loading=\"lazy\" decoding=\"async\" width=\"150\" height=\"150\" src=\"https:\/\/www.fachbau.ch\/wp-content\/uploads\/2023\/10\/engineers_day_2024_stabsuebergabe_bern_aarau_aufhaenger-150x150.jpg\" class=\"attachment-thumbnail size-thumbnail\" alt=\"\" aria-describedby=\"gallery-1-18966\" \/><\/a>\n\t\t\t<\/div>\n\t\t\t\t<figcaption class='wp-caption-text gallery-caption' id='gallery-1-18966'>\n\t\t\t\t23. Oktober 2023, an der Stabs\u00fcbergabe, von links: Daniel L\u00f6hr, Mitbegr\u00fcnder Engineers\u2019 Day; Josef K\u00fcffner, Projektleiter Kantonale Standortf\u00f6rderung; Alexandra M\u00e4chler, Wirtschaftsf\u00f6rderin Aarau und Region und Grossratspr\u00e4sident Lukas Pfisterer. \n\t\t\t\t<\/figcaption><\/figure>\n\t\t<\/div>\n\n<p><span style=\"font-family: Calibri, sans-serif;\"><span style=\"font-size: medium;\"><b>Der Engineers\u2018 Day ist die Schweizer Version des \u00abWorld Engineering Day for Sustainable Development\u00bb <\/b><\/span><\/span><\/p>\n<p><span style=\"font-family: Calibri, sans-serif;\"><span style=\"font-size: medium;\">Der World Engineers\u2019 Day findet allj\u00e4hrlich am 4. M\u00e4rz statt. Das Ziel ist, das Bewusstsein zu sch\u00e4rfen, um mittels guten Engineerings die Welt besser und nachhaltiger zu machen. Die beiden Ingenieure Daniel L\u00f6hr und Christian Vils, e-sential AG mit Sitz in Dielsdorf, haben die Durchf\u00fchrung des Engineers\u2019 Day in der Schweiz ins Leben gerufen. Um sich auf den Engineers\u2019 Day optimal einzustellen, finden seit mehreren Jahren im Vorfeld zwei Veranstaltungen statt: <\/span><\/span><\/p>\n<p><span style=\"font-family: Calibri, sans-serif;\"><span style=\"font-size: medium;\">Die Stabs\u00fcbergabe des letzten Austragungsorts an den neuen Austragungsort des Netzwerkanlasses und der eigentliche Netzwerkanlass, der rund eineinhalb Monate vor dem Engineers\u2019 Day stattfindet. Mit den beiden zeitlich vorgelagerten Veranstaltungen sollen die Aktivpartner:innen und Sponsoren am 4. M\u00e4rz nicht konkurriert werden und es findet zudem ein weiterer Austausch zwischen allen Beteiligten aus der Politik, der Wirtschaft, den Verb\u00e4nden und den Hochschulen zum Thema Ingenieurwesen statt. <\/span><\/span><\/p>\n<p><span style=\"font-family: Calibri, sans-serif;\"><span style=\"font-size: medium;\"><a href=\"https:\/\/www.engineersday.ch\" target=\"_blank\" rel=\"noopener\"><b>Schweizer Engineers&#8216; Day<\/b><\/a><br \/>\n<\/span><\/span><\/p>\n<p><span style=\"font-family: Calibri, sans-serif;\"><span style=\"font-size: medium;\"><a href=\"https:\/\/worldengineeringday.net\" target=\"_blank\" rel=\"noopener\"><b>World Engineering Day<\/b><\/a><br \/>\n<\/span><\/span><\/p>\n","protected":false},"excerpt":{"rendered":"<p>Die Stadt Aarau wird Austragungsort des Netzwerkanlasses \u00abEngineers\u2019 Day\u00bb im kommenden Jahr. Mit der Entgegennahme der Grussbotschaft aus Bern wurde auf die zentrale Bedeutung des Industriestandorts Kanton Aargau und insbesondere der Stadt Aarau hingewiesen. Den H\u00f6hepunkt bildete die Besichtigung der Kettenbr\u00fccke als Symbol der Ingenieursleistung. Stadt Aarau wird Austragungsort f\u00fcr den Netzwerkanlass Am Abend des [&hellip;]<\/p>\n","protected":false},"author":7,"featured_media":18966,"comment_status":"closed","ping_status":"closed","sticky":false,"template":"","format":"standard","meta":{"_acf_changed":false,"pgc_sgb_lightbox_settings":"","footnotes":""},"categories":[19],"tags":[1772,1773,1775,507,1774,831,833,1776,1770,1769,1771,1777,1778],"class_list":["post-18960","post","type-post","status-publish","format-standard","has-post-thumbnail","hentry","category-die-baustellen","tag-bauingenieure","tag-bauingenieurinnen","tag-bildungsinstitutionen","tag-engineers-day","tag-events","tag-ingenieure","tag-ingenieurinnen","tag-ingenieurswesen","tag-kultur-und-kongresshaus-aarau","tag-netzwerkanlass","tag-stabsuebergabe","tag-stadt-aarau","tag-wirtschaftsfoerderung"],"acf":[],"yoast_head":"<!-- This site is optimized with the Yoast SEO plugin v27.4 - https:\/\/yoast.com\/product\/yoast-seo-wordpress\/ -->\n<title>Stabs\u00fcbergabe - fachbau.ch<\/title>\n<meta name=\"description\" content=\"Am 23. Oktober 2023 feierten die Veranstalter des schweizerischen Engineers\u2019 Day den Zuschlag f\u00fcr den Austragungsort ihres Netzwerkanlasses.\" \/>\n<meta name=\"robots\" content=\"index, follow, max-snippet:-1, max-image-preview:large, max-video-preview:-1\" \/>\n<link rel=\"canonical\" href=\"https:\/\/www.fachbau.ch\/de\/die-baustellen\/2023-10-25\/stabsuebergabe\/\" \/>\n<meta property=\"og:locale\" content=\"de_DE\" \/>\n<meta property=\"og:type\" content=\"article\" \/>\n<meta property=\"og:title\" content=\"Stabs\u00fcbergabe - fachbau.ch\" \/>\n<meta property=\"og:description\" content=\"Am 23. Oktober 2023 feierten die Veranstalter des schweizerischen Engineers\u2019 Day den Zuschlag f\u00fcr den Austragungsort ihres Netzwerkanlasses.\" \/>\n<meta property=\"og:url\" content=\"https:\/\/www.fachbau.ch\/de\/die-baustellen\/2023-10-25\/stabsuebergabe\/\" \/>\n<meta property=\"og:site_name\" content=\"fachbau.ch\" \/>\n<meta property=\"article:published_time\" content=\"2023-10-25T08:56:03+00:00\" \/>\n<meta property=\"article:modified_time\" content=\"2023-10-25T13:14:35+00:00\" \/>\n<meta property=\"og:image\" content=\"https:\/\/www.fachbau.ch\/wp-content\/uploads\/2023\/10\/engineers_day_2024_stabsuebergabe_bern_aarau_aufhaenger-scaled.jpg\" \/>\n\t<meta property=\"og:image:width\" content=\"1400\" \/>\n\t<meta property=\"og:image:height\" content=\"1050\" \/>\n\t<meta property=\"og:image:type\" content=\"image\/jpeg\" \/>\n<meta name=\"author\" content=\"Werner Aebi\" \/>\n<meta name=\"twitter:card\" content=\"summary_large_image\" \/>\n<meta name=\"twitter:label1\" content=\"Verfasst von\" \/>\n\t<meta name=\"twitter:data1\" content=\"Werner Aebi\" \/>\n\t<meta name=\"twitter:label2\" content=\"Gesch\u00e4tzte Lesezeit\" \/>\n\t<meta name=\"twitter:data2\" content=\"4\u00a0Minuten\" \/>\n<script type=\"application\/ld+json\" class=\"yoast-schema-graph\">{\"@context\":\"https:\\\/\\\/schema.org\",\"@graph\":[{\"@type\":\"Article\",\"@id\":\"https:\\\/\\\/www.fachbau.ch\\\/die-baustellen\\\/2023-10-25\\\/stabsuebergabe\\\/#article\",\"isPartOf\":{\"@id\":\"https:\\\/\\\/www.fachbau.ch\\\/die-baustellen\\\/2023-10-25\\\/stabsuebergabe\\\/\"},\"author\":{\"name\":\"Werner Aebi\",\"@id\":\"https:\\\/\\\/www.fachbau.ch\\\/#\\\/schema\\\/person\\\/a4627586d043140d4a039b224581b1af\"},\"headline\":\"Stabs\u00fcbergabe\",\"datePublished\":\"2023-10-25T08:56:03+00:00\",\"dateModified\":\"2023-10-25T13:14:35+00:00\",\"mainEntityOfPage\":{\"@id\":\"https:\\\/\\\/www.fachbau.ch\\\/die-baustellen\\\/2023-10-25\\\/stabsuebergabe\\\/\"},\"wordCount\":744,\"publisher\":{\"@id\":\"https:\\\/\\\/www.fachbau.ch\\\/#organization\"},\"image\":{\"@id\":\"https:\\\/\\\/www.fachbau.ch\\\/die-baustellen\\\/2023-10-25\\\/stabsuebergabe\\\/#primaryimage\"},\"thumbnailUrl\":\"https:\\\/\\\/www.fachbau.ch\\\/wp-content\\\/uploads\\\/2023\\\/10\\\/engineers_day_2024_stabsuebergabe_bern_aarau_aufhaenger-scaled.jpg\",\"keywords\":[\"Bauingenieure\",\"Bauingenieurinnen\",\"Bildungsinstitutionen\",\"Engineers\u2019 Day\",\"Events\",\"Ingenieure\",\"Ingenieurinnen\",\"Ingenieurswesen\",\"Kultur- und Kongresshaus Aarau\",\"Netzwerkanlass\",\"Stabs\u00fcbergabe\",\"Stadt Aarau\",\"Wirtschaftsf\u00f6rderung\"],\"articleSection\":[\"die baustellen\"],\"inLanguage\":\"de\"},{\"@type\":\"WebPage\",\"@id\":\"https:\\\/\\\/www.fachbau.ch\\\/die-baustellen\\\/2023-10-25\\\/stabsuebergabe\\\/\",\"url\":\"https:\\\/\\\/www.fachbau.ch\\\/die-baustellen\\\/2023-10-25\\\/stabsuebergabe\\\/\",\"name\":\"Stabs\u00fcbergabe - fachbau.ch\",\"isPartOf\":{\"@id\":\"https:\\\/\\\/www.fachbau.ch\\\/#website\"},\"primaryImageOfPage\":{\"@id\":\"https:\\\/\\\/www.fachbau.ch\\\/die-baustellen\\\/2023-10-25\\\/stabsuebergabe\\\/#primaryimage\"},\"image\":{\"@id\":\"https:\\\/\\\/www.fachbau.ch\\\/die-baustellen\\\/2023-10-25\\\/stabsuebergabe\\\/#primaryimage\"},\"thumbnailUrl\":\"https:\\\/\\\/www.fachbau.ch\\\/wp-content\\\/uploads\\\/2023\\\/10\\\/engineers_day_2024_stabsuebergabe_bern_aarau_aufhaenger-scaled.jpg\",\"datePublished\":\"2023-10-25T08:56:03+00:00\",\"dateModified\":\"2023-10-25T13:14:35+00:00\",\"description\":\"Am 23. Oktober 2023 feierten die Veranstalter des schweizerischen Engineers\u2019 Day den Zuschlag f\u00fcr den Austragungsort ihres Netzwerkanlasses.\",\"breadcrumb\":{\"@id\":\"https:\\\/\\\/www.fachbau.ch\\\/die-baustellen\\\/2023-10-25\\\/stabsuebergabe\\\/#breadcrumb\"},\"inLanguage\":\"de\",\"potentialAction\":[{\"@type\":\"ReadAction\",\"target\":[\"https:\\\/\\\/www.fachbau.ch\\\/die-baustellen\\\/2023-10-25\\\/stabsuebergabe\\\/\"]}]},{\"@type\":\"ImageObject\",\"inLanguage\":\"de\",\"@id\":\"https:\\\/\\\/www.fachbau.ch\\\/die-baustellen\\\/2023-10-25\\\/stabsuebergabe\\\/#primaryimage\",\"url\":\"https:\\\/\\\/www.fachbau.ch\\\/wp-content\\\/uploads\\\/2023\\\/10\\\/engineers_day_2024_stabsuebergabe_bern_aarau_aufhaenger-scaled.jpg\",\"contentUrl\":\"https:\\\/\\\/www.fachbau.ch\\\/wp-content\\\/uploads\\\/2023\\\/10\\\/engineers_day_2024_stabsuebergabe_bern_aarau_aufhaenger-scaled.jpg\",\"width\":1400,\"height\":1050,\"caption\":\"23. Oktober 2023, an der Stabs\u00fcbergabe, von links: Daniel L\u00f6hr, Mitbegr\u00fcnder Engineers\u2019 Day; Josef K\u00fcffner, Projektleiter Kantonale Standortf\u00f6rderung; Alexandra M\u00e4chler, Wirtschaftsf\u00f6rderin Aarau und Region und Grossratspr\u00e4sident Lukas Pfisterer.\"},{\"@type\":\"BreadcrumbList\",\"@id\":\"https:\\\/\\\/www.fachbau.ch\\\/die-baustellen\\\/2023-10-25\\\/stabsuebergabe\\\/#breadcrumb\",\"itemListElement\":[{\"@type\":\"ListItem\",\"position\":1,\"name\":\"Startseite\",\"item\":\"https:\\\/\\\/www.fachbau.ch\\\/\"},{\"@type\":\"ListItem\",\"position\":2,\"name\":\"Stabs\u00fcbergabe\"}]},{\"@type\":\"WebSite\",\"@id\":\"https:\\\/\\\/www.fachbau.ch\\\/#website\",\"url\":\"https:\\\/\\\/www.fachbau.ch\\\/\",\"name\":\"fachbau.ch\",\"description\":\"Modernes, nachhaltiges Bauen.\",\"publisher\":{\"@id\":\"https:\\\/\\\/www.fachbau.ch\\\/#organization\"},\"potentialAction\":[{\"@type\":\"SearchAction\",\"target\":{\"@type\":\"EntryPoint\",\"urlTemplate\":\"https:\\\/\\\/www.fachbau.ch\\\/?s={search_term_string}\"},\"query-input\":{\"@type\":\"PropertyValueSpecification\",\"valueRequired\":true,\"valueName\":\"search_term_string\"}}],\"inLanguage\":\"de\"},{\"@type\":\"Organization\",\"@id\":\"https:\\\/\\\/www.fachbau.ch\\\/#organization\",\"name\":\"fachbau.ch\",\"url\":\"https:\\\/\\\/www.fachbau.ch\\\/\",\"logo\":{\"@type\":\"ImageObject\",\"inLanguage\":\"de\",\"@id\":\"https:\\\/\\\/www.fachbau.ch\\\/#\\\/schema\\\/logo\\\/image\\\/\",\"url\":\"https:\\\/\\\/www.fachbau.ch\\\/wp-content\\\/uploads\\\/2021\\\/12\\\/Logo_fachbau_ch.png\",\"contentUrl\":\"https:\\\/\\\/www.fachbau.ch\\\/wp-content\\\/uploads\\\/2021\\\/12\\\/Logo_fachbau_ch.png\",\"width\":283,\"height\":42,\"caption\":\"fachbau.ch\"},\"image\":{\"@id\":\"https:\\\/\\\/www.fachbau.ch\\\/#\\\/schema\\\/logo\\\/image\\\/\"}},{\"@type\":\"Person\",\"@id\":\"https:\\\/\\\/www.fachbau.ch\\\/#\\\/schema\\\/person\\\/a4627586d043140d4a039b224581b1af\",\"name\":\"Werner Aebi\",\"image\":{\"@type\":\"ImageObject\",\"inLanguage\":\"de\",\"@id\":\"https:\\\/\\\/secure.gravatar.com\\\/avatar\\\/709f2e7d8c043deb29462567c2f269a1d1b5e78571fd8ba3e634c50c2e7a3b18?s=96&d=mm&r=g\",\"url\":\"https:\\\/\\\/secure.gravatar.com\\\/avatar\\\/709f2e7d8c043deb29462567c2f269a1d1b5e78571fd8ba3e634c50c2e7a3b18?s=96&d=mm&r=g\",\"contentUrl\":\"https:\\\/\\\/secure.gravatar.com\\\/avatar\\\/709f2e7d8c043deb29462567c2f269a1d1b5e78571fd8ba3e634c50c2e7a3b18?s=96&d=mm&r=g\",\"caption\":\"Werner Aebi\"},\"url\":\"https:\\\/\\\/www.fachbau.ch\\\/de\\\/author\\\/werner-aebi\\\/\"}]}<\/script>\n<!-- \/ Yoast SEO plugin. -->","yoast_head_json":{"title":"Stabs\u00fcbergabe - fachbau.ch","description":"Am 23. Oktober 2023 feierten die Veranstalter des schweizerischen Engineers\u2019 Day den Zuschlag f\u00fcr den Austragungsort ihres Netzwerkanlasses.","robots":{"index":"index","follow":"follow","max-snippet":"max-snippet:-1","max-image-preview":"max-image-preview:large","max-video-preview":"max-video-preview:-1"},"canonical":"https:\/\/www.fachbau.ch\/de\/die-baustellen\/2023-10-25\/stabsuebergabe\/","og_locale":"de_DE","og_type":"article","og_title":"Stabs\u00fcbergabe - fachbau.ch","og_description":"Am 23. Oktober 2023 feierten die Veranstalter des schweizerischen Engineers\u2019 Day den Zuschlag f\u00fcr den Austragungsort ihres Netzwerkanlasses.","og_url":"https:\/\/www.fachbau.ch\/de\/die-baustellen\/2023-10-25\/stabsuebergabe\/","og_site_name":"fachbau.ch","article_published_time":"2023-10-25T08:56:03+00:00","article_modified_time":"2023-10-25T13:14:35+00:00","og_image":[{"width":1400,"height":1050,"url":"https:\/\/www.fachbau.ch\/wp-content\/uploads\/2023\/10\/engineers_day_2024_stabsuebergabe_bern_aarau_aufhaenger-scaled.jpg","type":"image\/jpeg"}],"author":"Werner Aebi","twitter_card":"summary_large_image","twitter_misc":{"Verfasst von":"Werner Aebi","Gesch\u00e4tzte Lesezeit":"4\u00a0Minuten"},"schema":{"@context":"https:\/\/schema.org","@graph":[{"@type":"Article","@id":"https:\/\/www.fachbau.ch\/die-baustellen\/2023-10-25\/stabsuebergabe\/#article","isPartOf":{"@id":"https:\/\/www.fachbau.ch\/die-baustellen\/2023-10-25\/stabsuebergabe\/"},"author":{"name":"Werner Aebi","@id":"https:\/\/www.fachbau.ch\/#\/schema\/person\/a4627586d043140d4a039b224581b1af"},"headline":"Stabs\u00fcbergabe","datePublished":"2023-10-25T08:56:03+00:00","dateModified":"2023-10-25T13:14:35+00:00","mainEntityOfPage":{"@id":"https:\/\/www.fachbau.ch\/die-baustellen\/2023-10-25\/stabsuebergabe\/"},"wordCount":744,"publisher":{"@id":"https:\/\/www.fachbau.ch\/#organization"},"image":{"@id":"https:\/\/www.fachbau.ch\/die-baustellen\/2023-10-25\/stabsuebergabe\/#primaryimage"},"thumbnailUrl":"https:\/\/www.fachbau.ch\/wp-content\/uploads\/2023\/10\/engineers_day_2024_stabsuebergabe_bern_aarau_aufhaenger-scaled.jpg","keywords":["Bauingenieure","Bauingenieurinnen","Bildungsinstitutionen","Engineers\u2019 Day","Events","Ingenieure","Ingenieurinnen","Ingenieurswesen","Kultur- und Kongresshaus Aarau","Netzwerkanlass","Stabs\u00fcbergabe","Stadt Aarau","Wirtschaftsf\u00f6rderung"],"articleSection":["die baustellen"],"inLanguage":"de"},{"@type":"WebPage","@id":"https:\/\/www.fachbau.ch\/die-baustellen\/2023-10-25\/stabsuebergabe\/","url":"https:\/\/www.fachbau.ch\/die-baustellen\/2023-10-25\/stabsuebergabe\/","name":"Stabs\u00fcbergabe - fachbau.ch","isPartOf":{"@id":"https:\/\/www.fachbau.ch\/#website"},"primaryImageOfPage":{"@id":"https:\/\/www.fachbau.ch\/die-baustellen\/2023-10-25\/stabsuebergabe\/#primaryimage"},"image":{"@id":"https:\/\/www.fachbau.ch\/die-baustellen\/2023-10-25\/stabsuebergabe\/#primaryimage"},"thumbnailUrl":"https:\/\/www.fachbau.ch\/wp-content\/uploads\/2023\/10\/engineers_day_2024_stabsuebergabe_bern_aarau_aufhaenger-scaled.jpg","datePublished":"2023-10-25T08:56:03+00:00","dateModified":"2023-10-25T13:14:35+00:00","description":"Am 23. Oktober 2023 feierten die Veranstalter des schweizerischen Engineers\u2019 Day den Zuschlag f\u00fcr den Austragungsort ihres Netzwerkanlasses.","breadcrumb":{"@id":"https:\/\/www.fachbau.ch\/die-baustellen\/2023-10-25\/stabsuebergabe\/#breadcrumb"},"inLanguage":"de","potentialAction":[{"@type":"ReadAction","target":["https:\/\/www.fachbau.ch\/die-baustellen\/2023-10-25\/stabsuebergabe\/"]}]},{"@type":"ImageObject","inLanguage":"de","@id":"https:\/\/www.fachbau.ch\/die-baustellen\/2023-10-25\/stabsuebergabe\/#primaryimage","url":"https:\/\/www.fachbau.ch\/wp-content\/uploads\/2023\/10\/engineers_day_2024_stabsuebergabe_bern_aarau_aufhaenger-scaled.jpg","contentUrl":"https:\/\/www.fachbau.ch\/wp-content\/uploads\/2023\/10\/engineers_day_2024_stabsuebergabe_bern_aarau_aufhaenger-scaled.jpg","width":1400,"height":1050,"caption":"23. Oktober 2023, an der Stabs\u00fcbergabe, von links: Daniel L\u00f6hr, Mitbegr\u00fcnder Engineers\u2019 Day; Josef K\u00fcffner, Projektleiter Kantonale Standortf\u00f6rderung; Alexandra M\u00e4chler, Wirtschaftsf\u00f6rderin Aarau und Region und Grossratspr\u00e4sident Lukas Pfisterer."},{"@type":"BreadcrumbList","@id":"https:\/\/www.fachbau.ch\/die-baustellen\/2023-10-25\/stabsuebergabe\/#breadcrumb","itemListElement":[{"@type":"ListItem","position":1,"name":"Startseite","item":"https:\/\/www.fachbau.ch\/"},{"@type":"ListItem","position":2,"name":"Stabs\u00fcbergabe"}]},{"@type":"WebSite","@id":"https:\/\/www.fachbau.ch\/#website","url":"https:\/\/www.fachbau.ch\/","name":"fachbau.ch","description":"Modernes, nachhaltiges Bauen.","publisher":{"@id":"https:\/\/www.fachbau.ch\/#organization"},"potentialAction":[{"@type":"SearchAction","target":{"@type":"EntryPoint","urlTemplate":"https:\/\/www.fachbau.ch\/?s={search_term_string}"},"query-input":{"@type":"PropertyValueSpecification","valueRequired":true,"valueName":"search_term_string"}}],"inLanguage":"de"},{"@type":"Organization","@id":"https:\/\/www.fachbau.ch\/#organization","name":"fachbau.ch","url":"https:\/\/www.fachbau.ch\/","logo":{"@type":"ImageObject","inLanguage":"de","@id":"https:\/\/www.fachbau.ch\/#\/schema\/logo\/image\/","url":"https:\/\/www.fachbau.ch\/wp-content\/uploads\/2021\/12\/Logo_fachbau_ch.png","contentUrl":"https:\/\/www.fachbau.ch\/wp-content\/uploads\/2021\/12\/Logo_fachbau_ch.png","width":283,"height":42,"caption":"fachbau.ch"},"image":{"@id":"https:\/\/www.fachbau.ch\/#\/schema\/logo\/image\/"}},{"@type":"Person","@id":"https:\/\/www.fachbau.ch\/#\/schema\/person\/a4627586d043140d4a039b224581b1af","name":"Werner Aebi","image":{"@type":"ImageObject","inLanguage":"de","@id":"https:\/\/secure.gravatar.com\/avatar\/709f2e7d8c043deb29462567c2f269a1d1b5e78571fd8ba3e634c50c2e7a3b18?s=96&d=mm&r=g","url":"https:\/\/secure.gravatar.com\/avatar\/709f2e7d8c043deb29462567c2f269a1d1b5e78571fd8ba3e634c50c2e7a3b18?s=96&d=mm&r=g","contentUrl":"https:\/\/secure.gravatar.com\/avatar\/709f2e7d8c043deb29462567c2f269a1d1b5e78571fd8ba3e634c50c2e7a3b18?s=96&d=mm&r=g","caption":"Werner Aebi"},"url":"https:\/\/www.fachbau.ch\/de\/author\/werner-aebi\/"}]}},"_links":{"self":[{"href":"https:\/\/www.fachbau.ch\/de\/wp-json\/wp\/v2\/posts\/18960","targetHints":{"allow":["GET"]}}],"collection":[{"href":"https:\/\/www.fachbau.ch\/de\/wp-json\/wp\/v2\/posts"}],"about":[{"href":"https:\/\/www.fachbau.ch\/de\/wp-json\/wp\/v2\/types\/post"}],"author":[{"embeddable":true,"href":"https:\/\/www.fachbau.ch\/de\/wp-json\/wp\/v2\/users\/7"}],"replies":[{"embeddable":true,"href":"https:\/\/www.fachbau.ch\/de\/wp-json\/wp\/v2\/comments?post=18960"}],"version-history":[{"count":8,"href":"https:\/\/www.fachbau.ch\/de\/wp-json\/wp\/v2\/posts\/18960\/revisions"}],"predecessor-version":[{"id":18986,"href":"https:\/\/www.fachbau.ch\/de\/wp-json\/wp\/v2\/posts\/18960\/revisions\/18986"}],"wp:featuredmedia":[{"embeddable":true,"href":"https:\/\/www.fachbau.ch\/de\/wp-json\/wp\/v2\/media\/18966"}],"wp:attachment":[{"href":"https:\/\/www.fachbau.ch\/de\/wp-json\/wp\/v2\/media?parent=18960"}],"wp:term":[{"taxonomy":"category","embeddable":true,"href":"https:\/\/www.fachbau.ch\/de\/wp-json\/wp\/v2\/categories?post=18960"},{"taxonomy":"post_tag","embeddable":true,"href":"https:\/\/www.fachbau.ch\/de\/wp-json\/wp\/v2\/tags?post=18960"}],"curies":[{"name":"wp","href":"https:\/\/api.w.org\/{rel}","templated":true}]}}