{"id":17638,"date":"2023-04-19T16:04:06","date_gmt":"2023-04-19T14:04:06","guid":{"rendered":"https:\/\/www.fachbau.ch\/?p=17638"},"modified":"2023-04-19T16:04:06","modified_gmt":"2023-04-19T14:04:06","slug":"erweiterung-campus","status":"publish","type":"post","link":"https:\/\/www.fachbau.ch\/de\/die-baustellen\/2023-04-19\/erweiterung-campus\/","title":{"rendered":"Erweiterung Campus"},"content":{"rendered":"<p>Ende M\u00e4rz 2023 stellte Zentralpr\u00e4sident Peter Meier an den Fachpr\u00e4sidententagungen der AM Suisse das Projekt zur Erweiterung des Campus Bildungszentrum Aarberg vor. Der Hauptfokus beim Bau liegt auf der Beherbergung und Verpflegung der Teilnehmenden. Das Projekt soll noch im Detail an den regionalen Verbandsversammlungen vorgestellt werden.<\/p>\n<p><img loading=\"lazy\" decoding=\"async\" class=\"alignnone wp-image-17641\" src=\"https:\/\/www.fachbau.ch\/wp-content\/uploads\/2023\/04\/am_suisse_neubau_bza_aarberg_fachbau.ch_-680x528.jpg\" alt=\"\" width=\"837\" height=\"650\" srcset=\"https:\/\/www.fachbau.ch\/wp-content\/uploads\/2023\/04\/am_suisse_neubau_bza_aarberg_fachbau.ch_-680x528.jpg 680w, https:\/\/www.fachbau.ch\/wp-content\/uploads\/2023\/04\/am_suisse_neubau_bza_aarberg_fachbau.ch_-768x597.jpg 768w, https:\/\/www.fachbau.ch\/wp-content\/uploads\/2023\/04\/am_suisse_neubau_bza_aarberg_fachbau.ch_-15x12.jpg 15w, https:\/\/www.fachbau.ch\/wp-content\/uploads\/2023\/04\/am_suisse_neubau_bza_aarberg_fachbau.ch_-375x291.jpg 375w, https:\/\/www.fachbau.ch\/wp-content\/uploads\/2023\/04\/am_suisse_neubau_bza_aarberg_fachbau.ch_-450x350.jpg 450w, https:\/\/www.fachbau.ch\/wp-content\/uploads\/2023\/04\/am_suisse_neubau_bza_aarberg_fachbau.ch_.jpg 964w\" sizes=\"auto, (max-width: 837px) 100vw, 837px\" \/><\/p>\n<p><span style=\"font-size: 10pt;\"><strong>Der projekierte Neubau f\u00fcr den Campus Bildungszentrum AM Suisse in Aarberg.\u00a0<\/strong> <\/span><\/p>\n<p><strong>Die Ausgangslage<\/strong><\/p>\n<p>Im Jahr 2015 wurde zu einem nationalen Bildungszentrum (BZA) f\u00fcr Grundbildungs- und Weiterbildungsm\u00f6glichkeiten ein \u00abJa\u00bb ausgesprochen. Die Verb\u00e4nde der AM Suisse haben sich dazu bekannt, Verpflegungs- und Beherbergungsm\u00f6glichkeiten in sinnvoller Distanz anzubieten.<br \/>\nDie prek\u00e4re Gastronomie- und Beherbergungssituation in Aarberg, ein regelrechtes Restaurantsterben gaben den Ausschlag dazu, auch k\u00f6nnen viele Betriebe die Verpflegung f\u00fcr das Bildungszentrum nicht sicherstellen. Das BZA hingegen hat sich sehr positiv entwickelt, heute sind j\u00e4hrlich 18&#8217;000 Teilnehmende vor Ort, die verpflegt werden m\u00fcssen. Derzeit k\u00f6nnen nicht alle Kurse und Veranstaltungen realisiert werden: \u00dcbernachtungsm\u00f6glichkeiten lassen sich nicht gew\u00e4hrleisten, es ergibt sich Zusatzaufwand f\u00fcr die Teilnehmende, nicht vorhandene Verpflegungsm\u00f6glichkeiten sorgen f\u00fcr grossen Effizienzverlust im Unterricht, bei Tagungen und Seminaren.<\/p>\n<p><strong>Die Eckpunkte \u00abErweiterung Campus BZA Aarberg\u00bb<br \/>\n<\/strong><\/p>\n<p>Die projektierte Erweiterung soll ein zweckm\u00e4ssiger, energieeffizienter und praktischer Bau sein, der f\u00fcr einen optimalen und kosteneffizienten Betrieb ausgelegt ist.<br \/>\nFokus des Geb\u00e4udes liegt auf Beherbergung und Verpflegung:<br \/>\nBeherbergung: 38 Zweibettzimmer auf 2 Etagen mit 76 Betten (Erweiterung auf 114 Betten m\u00f6glich), Personalwohnung, Fitness- und Sozialr\u00e4ume<br \/>\nGastronomie: Gastrok\u00fcche, Cafeteria f\u00fcr 150 Personen, Aufenthaltsraum Personal, Empfang, Sitzungsraum, zwei Schulungsr\u00e4ume<br \/>\nDie Branchen erhalten: Effiziente Schulung, Verpflegung und Beherbergung an einem Ort, gutes Branchenimage sowie attraktive Arbeitspl\u00e4tze.<\/p>\n<p><strong>Kosten &amp; Finanzierung<\/strong><\/p>\n<p>Bauherrin ist die Stiftung Bildungszentrum Aarberg, der Kostenvoranschlag f\u00fcr die Geb\u00e4udekosten liegt bei CHF 13&#8217;744&#8217;000 +\/- 10 %. Die Preise wurden im Jahr 2023 erhoben.<br \/>\nDer AM Suisse ist Mieter des Geb\u00e4udes. Die totale Nettobelastung der Jahresrechnung der Sparte BZA betr\u00e4gt pro Jahr CHF 10&#8217;000.<br \/>\nDas Inventar von CHF 886&#8217;000 (Mobiliar &amp; Betriebseinrichtung) wird vom AM Suisse finanziert.<br \/>\nAgrotec Suisse bringt CHF 2&#8217;100&#8217;000 aus dem Fonds Investitionen BZA in die Stiftung ein. Aus dem PLKM-Infrastruktur-Fonds werden CHF 600&#8217;000 in die Stiftung eingebracht. Zudem gew\u00e4hrt der AM Suisse der Stiftung ein Darlehen in der H\u00f6he von CHF 4&#8217;000&#8217;000. Die restliche Finanzierung in der Stiftung wird \u00fcber eine Bank get\u00e4tigt.<\/p>\n<p><strong>Das weiteres Vorgehen<\/strong><\/p>\n<p>April bis Oktober 2023.: Vorstellen Projekt an regionalen Versammlungen und Information DV<br \/>\n10. November 2023: Entscheid f\u00fcr Kosten\u00fcbernahme, Verbandsrat \/ FV-Versammlungen<br \/>\nNovember 2023: Antrag an Stiftung zur Realisierung<br \/>\n2024 Realisierung und 2026 Inbetriebnahme<\/p>\n<p>Weitere Informationen: <a href=\"https:\/\/www.amsuisse.ch\/de\/news-details\/article\/erweiterung-campus-bildungszentrum-aarberg\" target=\"_blank\" rel=\"noopener\"><strong>AM Suisse<\/strong><\/a><\/p>\n","protected":false},"excerpt":{"rendered":"<p>Ende M\u00e4rz 2023 stellte Zentralpr\u00e4sident Peter Meier an den Fachpr\u00e4sidententagungen der AM Suisse das Projekt zur Erweiterung des Campus Bildungszentrum Aarberg vor. Der Hauptfokus beim Bau liegt auf der Beherbergung und Verpflegung der Teilnehmenden. Das Projekt soll noch im Detail an den regionalen Verbandsversammlungen vorgestellt werden. Der projekierte Neubau f\u00fcr den Campus Bildungszentrum AM Suisse [&hellip;]<\/p>\n","protected":false},"author":7,"featured_media":0,"comment_status":"closed","ping_status":"closed","sticky":false,"template":"","format":"standard","meta":{"_acf_changed":false,"pgc_sgb_lightbox_settings":"","footnotes":""},"categories":[19],"tags":[56,289,528,553],"class_list":["post-17638","post","type-post","status-publish","format-standard","hentry","category-die-baustellen","tag-am-suisse","tag-bildungszentrum-aarberg","tag-erweiterung-campus","tag-fachverband"],"acf":[],"yoast_head":"<!-- This site is optimized with the Yoast SEO plugin v27.4 - https:\/\/yoast.com\/product\/yoast-seo-wordpress\/ -->\n<title>Erweiterung Campus - fachbau.ch<\/title>\n<meta name=\"description\" content=\"Das Bauprojekt f\u00fcr den neuen Campus des Bildungszentrums Aarberg wurde am 11. April 2023 an den Fachpr\u00e4sidententagungen pr\u00e4sentiert.\" \/>\n<meta name=\"robots\" content=\"index, follow, max-snippet:-1, max-image-preview:large, max-video-preview:-1\" \/>\n<link rel=\"canonical\" href=\"https:\/\/www.fachbau.ch\/de\/die-baustellen\/2023-04-19\/erweiterung-campus\/\" \/>\n<meta property=\"og:locale\" content=\"de_DE\" \/>\n<meta property=\"og:type\" content=\"article\" \/>\n<meta property=\"og:title\" content=\"Erweiterung Campus - fachbau.ch\" \/>\n<meta property=\"og:description\" content=\"Das Bauprojekt f\u00fcr den neuen Campus des Bildungszentrums Aarberg wurde am 11. April 2023 an den Fachpr\u00e4sidententagungen pr\u00e4sentiert.\" \/>\n<meta property=\"og:url\" content=\"https:\/\/www.fachbau.ch\/de\/die-baustellen\/2023-04-19\/erweiterung-campus\/\" \/>\n<meta property=\"og:site_name\" content=\"fachbau.ch\" \/>\n<meta property=\"article:published_time\" content=\"2023-04-19T14:04:06+00:00\" \/>\n<meta property=\"og:image\" content=\"https:\/\/www.fachbau.ch\/wp-content\/uploads\/2023\/04\/am_suisse_neubau_bza_aarberg_fachbau.ch_-680x528.jpg\" \/>\n<meta name=\"author\" content=\"Werner Aebi\" \/>\n<meta name=\"twitter:card\" content=\"summary_large_image\" \/>\n<meta name=\"twitter:label1\" content=\"Verfasst von\" \/>\n\t<meta name=\"twitter:data1\" content=\"Werner Aebi\" \/>\n\t<meta name=\"twitter:label2\" content=\"Gesch\u00e4tzte Lesezeit\" \/>\n\t<meta name=\"twitter:data2\" content=\"3\u00a0Minuten\" \/>\n<script type=\"application\/ld+json\" class=\"yoast-schema-graph\">{\"@context\":\"https:\\\/\\\/schema.org\",\"@graph\":[{\"@type\":\"Article\",\"@id\":\"https:\\\/\\\/www.fachbau.ch\\\/die-baustellen\\\/2023-04-19\\\/erweiterung-campus\\\/#article\",\"isPartOf\":{\"@id\":\"https:\\\/\\\/www.fachbau.ch\\\/die-baustellen\\\/2023-04-19\\\/erweiterung-campus\\\/\"},\"author\":{\"name\":\"Werner Aebi\",\"@id\":\"https:\\\/\\\/www.fachbau.ch\\\/#\\\/schema\\\/person\\\/a4627586d043140d4a039b224581b1af\"},\"headline\":\"Erweiterung Campus\",\"datePublished\":\"2023-04-19T14:04:06+00:00\",\"mainEntityOfPage\":{\"@id\":\"https:\\\/\\\/www.fachbau.ch\\\/die-baustellen\\\/2023-04-19\\\/erweiterung-campus\\\/\"},\"wordCount\":415,\"publisher\":{\"@id\":\"https:\\\/\\\/www.fachbau.ch\\\/#organization\"},\"image\":{\"@id\":\"https:\\\/\\\/www.fachbau.ch\\\/die-baustellen\\\/2023-04-19\\\/erweiterung-campus\\\/#primaryimage\"},\"thumbnailUrl\":\"https:\\\/\\\/www.fachbau.ch\\\/wp-content\\\/uploads\\\/2023\\\/04\\\/am_suisse_neubau_bza_aarberg_fachbau.ch_-680x528.jpg\",\"keywords\":[\"AM Suisse\",\"Bildungszentrum Aarberg\",\"Erweiterung Campus\",\"Fachverband\"],\"articleSection\":[\"die baustellen\"],\"inLanguage\":\"de\"},{\"@type\":\"WebPage\",\"@id\":\"https:\\\/\\\/www.fachbau.ch\\\/die-baustellen\\\/2023-04-19\\\/erweiterung-campus\\\/\",\"url\":\"https:\\\/\\\/www.fachbau.ch\\\/die-baustellen\\\/2023-04-19\\\/erweiterung-campus\\\/\",\"name\":\"Erweiterung Campus - fachbau.ch\",\"isPartOf\":{\"@id\":\"https:\\\/\\\/www.fachbau.ch\\\/#website\"},\"primaryImageOfPage\":{\"@id\":\"https:\\\/\\\/www.fachbau.ch\\\/die-baustellen\\\/2023-04-19\\\/erweiterung-campus\\\/#primaryimage\"},\"image\":{\"@id\":\"https:\\\/\\\/www.fachbau.ch\\\/die-baustellen\\\/2023-04-19\\\/erweiterung-campus\\\/#primaryimage\"},\"thumbnailUrl\":\"https:\\\/\\\/www.fachbau.ch\\\/wp-content\\\/uploads\\\/2023\\\/04\\\/am_suisse_neubau_bza_aarberg_fachbau.ch_-680x528.jpg\",\"datePublished\":\"2023-04-19T14:04:06+00:00\",\"description\":\"Das Bauprojekt f\u00fcr den neuen Campus des Bildungszentrums Aarberg wurde am 11. April 2023 an den Fachpr\u00e4sidententagungen pr\u00e4sentiert.\",\"breadcrumb\":{\"@id\":\"https:\\\/\\\/www.fachbau.ch\\\/die-baustellen\\\/2023-04-19\\\/erweiterung-campus\\\/#breadcrumb\"},\"inLanguage\":\"de\",\"potentialAction\":[{\"@type\":\"ReadAction\",\"target\":[\"https:\\\/\\\/www.fachbau.ch\\\/die-baustellen\\\/2023-04-19\\\/erweiterung-campus\\\/\"]}]},{\"@type\":\"ImageObject\",\"inLanguage\":\"de\",\"@id\":\"https:\\\/\\\/www.fachbau.ch\\\/die-baustellen\\\/2023-04-19\\\/erweiterung-campus\\\/#primaryimage\",\"url\":\"https:\\\/\\\/www.fachbau.ch\\\/wp-content\\\/uploads\\\/2023\\\/04\\\/am_suisse_neubau_bza_aarberg_fachbau.ch_-680x528.jpg\",\"contentUrl\":\"https:\\\/\\\/www.fachbau.ch\\\/wp-content\\\/uploads\\\/2023\\\/04\\\/am_suisse_neubau_bza_aarberg_fachbau.ch_-680x528.jpg\"},{\"@type\":\"BreadcrumbList\",\"@id\":\"https:\\\/\\\/www.fachbau.ch\\\/die-baustellen\\\/2023-04-19\\\/erweiterung-campus\\\/#breadcrumb\",\"itemListElement\":[{\"@type\":\"ListItem\",\"position\":1,\"name\":\"Startseite\",\"item\":\"https:\\\/\\\/www.fachbau.ch\\\/\"},{\"@type\":\"ListItem\",\"position\":2,\"name\":\"Erweiterung Campus\"}]},{\"@type\":\"WebSite\",\"@id\":\"https:\\\/\\\/www.fachbau.ch\\\/#website\",\"url\":\"https:\\\/\\\/www.fachbau.ch\\\/\",\"name\":\"fachbau.ch\",\"description\":\"Modernes, nachhaltiges Bauen.\",\"publisher\":{\"@id\":\"https:\\\/\\\/www.fachbau.ch\\\/#organization\"},\"potentialAction\":[{\"@type\":\"SearchAction\",\"target\":{\"@type\":\"EntryPoint\",\"urlTemplate\":\"https:\\\/\\\/www.fachbau.ch\\\/?s={search_term_string}\"},\"query-input\":{\"@type\":\"PropertyValueSpecification\",\"valueRequired\":true,\"valueName\":\"search_term_string\"}}],\"inLanguage\":\"de\"},{\"@type\":\"Organization\",\"@id\":\"https:\\\/\\\/www.fachbau.ch\\\/#organization\",\"name\":\"fachbau.ch\",\"url\":\"https:\\\/\\\/www.fachbau.ch\\\/\",\"logo\":{\"@type\":\"ImageObject\",\"inLanguage\":\"de\",\"@id\":\"https:\\\/\\\/www.fachbau.ch\\\/#\\\/schema\\\/logo\\\/image\\\/\",\"url\":\"https:\\\/\\\/www.fachbau.ch\\\/wp-content\\\/uploads\\\/2021\\\/12\\\/Logo_fachbau_ch.png\",\"contentUrl\":\"https:\\\/\\\/www.fachbau.ch\\\/wp-content\\\/uploads\\\/2021\\\/12\\\/Logo_fachbau_ch.png\",\"width\":283,\"height\":42,\"caption\":\"fachbau.ch\"},\"image\":{\"@id\":\"https:\\\/\\\/www.fachbau.ch\\\/#\\\/schema\\\/logo\\\/image\\\/\"}},{\"@type\":\"Person\",\"@id\":\"https:\\\/\\\/www.fachbau.ch\\\/#\\\/schema\\\/person\\\/a4627586d043140d4a039b224581b1af\",\"name\":\"Werner Aebi\",\"image\":{\"@type\":\"ImageObject\",\"inLanguage\":\"de\",\"@id\":\"https:\\\/\\\/secure.gravatar.com\\\/avatar\\\/709f2e7d8c043deb29462567c2f269a1d1b5e78571fd8ba3e634c50c2e7a3b18?s=96&d=mm&r=g\",\"url\":\"https:\\\/\\\/secure.gravatar.com\\\/avatar\\\/709f2e7d8c043deb29462567c2f269a1d1b5e78571fd8ba3e634c50c2e7a3b18?s=96&d=mm&r=g\",\"contentUrl\":\"https:\\\/\\\/secure.gravatar.com\\\/avatar\\\/709f2e7d8c043deb29462567c2f269a1d1b5e78571fd8ba3e634c50c2e7a3b18?s=96&d=mm&r=g\",\"caption\":\"Werner Aebi\"},\"url\":\"https:\\\/\\\/www.fachbau.ch\\\/de\\\/author\\\/werner-aebi\\\/\"}]}<\/script>\n<!-- \/ Yoast SEO plugin. -->","yoast_head_json":{"title":"Erweiterung Campus - fachbau.ch","description":"Das Bauprojekt f\u00fcr den neuen Campus des Bildungszentrums Aarberg wurde am 11. April 2023 an den Fachpr\u00e4sidententagungen pr\u00e4sentiert.","robots":{"index":"index","follow":"follow","max-snippet":"max-snippet:-1","max-image-preview":"max-image-preview:large","max-video-preview":"max-video-preview:-1"},"canonical":"https:\/\/www.fachbau.ch\/de\/die-baustellen\/2023-04-19\/erweiterung-campus\/","og_locale":"de_DE","og_type":"article","og_title":"Erweiterung Campus - fachbau.ch","og_description":"Das Bauprojekt f\u00fcr den neuen Campus des Bildungszentrums Aarberg wurde am 11. April 2023 an den Fachpr\u00e4sidententagungen pr\u00e4sentiert.","og_url":"https:\/\/www.fachbau.ch\/de\/die-baustellen\/2023-04-19\/erweiterung-campus\/","og_site_name":"fachbau.ch","article_published_time":"2023-04-19T14:04:06+00:00","og_image":[{"url":"https:\/\/www.fachbau.ch\/wp-content\/uploads\/2023\/04\/am_suisse_neubau_bza_aarberg_fachbau.ch_-680x528.jpg","type":"","width":"","height":""}],"author":"Werner Aebi","twitter_card":"summary_large_image","twitter_misc":{"Verfasst von":"Werner Aebi","Gesch\u00e4tzte Lesezeit":"3\u00a0Minuten"},"schema":{"@context":"https:\/\/schema.org","@graph":[{"@type":"Article","@id":"https:\/\/www.fachbau.ch\/die-baustellen\/2023-04-19\/erweiterung-campus\/#article","isPartOf":{"@id":"https:\/\/www.fachbau.ch\/die-baustellen\/2023-04-19\/erweiterung-campus\/"},"author":{"name":"Werner Aebi","@id":"https:\/\/www.fachbau.ch\/#\/schema\/person\/a4627586d043140d4a039b224581b1af"},"headline":"Erweiterung Campus","datePublished":"2023-04-19T14:04:06+00:00","mainEntityOfPage":{"@id":"https:\/\/www.fachbau.ch\/die-baustellen\/2023-04-19\/erweiterung-campus\/"},"wordCount":415,"publisher":{"@id":"https:\/\/www.fachbau.ch\/#organization"},"image":{"@id":"https:\/\/www.fachbau.ch\/die-baustellen\/2023-04-19\/erweiterung-campus\/#primaryimage"},"thumbnailUrl":"https:\/\/www.fachbau.ch\/wp-content\/uploads\/2023\/04\/am_suisse_neubau_bza_aarberg_fachbau.ch_-680x528.jpg","keywords":["AM Suisse","Bildungszentrum Aarberg","Erweiterung Campus","Fachverband"],"articleSection":["die baustellen"],"inLanguage":"de"},{"@type":"WebPage","@id":"https:\/\/www.fachbau.ch\/die-baustellen\/2023-04-19\/erweiterung-campus\/","url":"https:\/\/www.fachbau.ch\/die-baustellen\/2023-04-19\/erweiterung-campus\/","name":"Erweiterung Campus - fachbau.ch","isPartOf":{"@id":"https:\/\/www.fachbau.ch\/#website"},"primaryImageOfPage":{"@id":"https:\/\/www.fachbau.ch\/die-baustellen\/2023-04-19\/erweiterung-campus\/#primaryimage"},"image":{"@id":"https:\/\/www.fachbau.ch\/die-baustellen\/2023-04-19\/erweiterung-campus\/#primaryimage"},"thumbnailUrl":"https:\/\/www.fachbau.ch\/wp-content\/uploads\/2023\/04\/am_suisse_neubau_bza_aarberg_fachbau.ch_-680x528.jpg","datePublished":"2023-04-19T14:04:06+00:00","description":"Das Bauprojekt f\u00fcr den neuen Campus des Bildungszentrums Aarberg wurde am 11. April 2023 an den Fachpr\u00e4sidententagungen pr\u00e4sentiert.","breadcrumb":{"@id":"https:\/\/www.fachbau.ch\/die-baustellen\/2023-04-19\/erweiterung-campus\/#breadcrumb"},"inLanguage":"de","potentialAction":[{"@type":"ReadAction","target":["https:\/\/www.fachbau.ch\/die-baustellen\/2023-04-19\/erweiterung-campus\/"]}]},{"@type":"ImageObject","inLanguage":"de","@id":"https:\/\/www.fachbau.ch\/die-baustellen\/2023-04-19\/erweiterung-campus\/#primaryimage","url":"https:\/\/www.fachbau.ch\/wp-content\/uploads\/2023\/04\/am_suisse_neubau_bza_aarberg_fachbau.ch_-680x528.jpg","contentUrl":"https:\/\/www.fachbau.ch\/wp-content\/uploads\/2023\/04\/am_suisse_neubau_bza_aarberg_fachbau.ch_-680x528.jpg"},{"@type":"BreadcrumbList","@id":"https:\/\/www.fachbau.ch\/die-baustellen\/2023-04-19\/erweiterung-campus\/#breadcrumb","itemListElement":[{"@type":"ListItem","position":1,"name":"Startseite","item":"https:\/\/www.fachbau.ch\/"},{"@type":"ListItem","position":2,"name":"Erweiterung Campus"}]},{"@type":"WebSite","@id":"https:\/\/www.fachbau.ch\/#website","url":"https:\/\/www.fachbau.ch\/","name":"fachbau.ch","description":"Modernes, nachhaltiges Bauen.","publisher":{"@id":"https:\/\/www.fachbau.ch\/#organization"},"potentialAction":[{"@type":"SearchAction","target":{"@type":"EntryPoint","urlTemplate":"https:\/\/www.fachbau.ch\/?s={search_term_string}"},"query-input":{"@type":"PropertyValueSpecification","valueRequired":true,"valueName":"search_term_string"}}],"inLanguage":"de"},{"@type":"Organization","@id":"https:\/\/www.fachbau.ch\/#organization","name":"fachbau.ch","url":"https:\/\/www.fachbau.ch\/","logo":{"@type":"ImageObject","inLanguage":"de","@id":"https:\/\/www.fachbau.ch\/#\/schema\/logo\/image\/","url":"https:\/\/www.fachbau.ch\/wp-content\/uploads\/2021\/12\/Logo_fachbau_ch.png","contentUrl":"https:\/\/www.fachbau.ch\/wp-content\/uploads\/2021\/12\/Logo_fachbau_ch.png","width":283,"height":42,"caption":"fachbau.ch"},"image":{"@id":"https:\/\/www.fachbau.ch\/#\/schema\/logo\/image\/"}},{"@type":"Person","@id":"https:\/\/www.fachbau.ch\/#\/schema\/person\/a4627586d043140d4a039b224581b1af","name":"Werner Aebi","image":{"@type":"ImageObject","inLanguage":"de","@id":"https:\/\/secure.gravatar.com\/avatar\/709f2e7d8c043deb29462567c2f269a1d1b5e78571fd8ba3e634c50c2e7a3b18?s=96&d=mm&r=g","url":"https:\/\/secure.gravatar.com\/avatar\/709f2e7d8c043deb29462567c2f269a1d1b5e78571fd8ba3e634c50c2e7a3b18?s=96&d=mm&r=g","contentUrl":"https:\/\/secure.gravatar.com\/avatar\/709f2e7d8c043deb29462567c2f269a1d1b5e78571fd8ba3e634c50c2e7a3b18?s=96&d=mm&r=g","caption":"Werner Aebi"},"url":"https:\/\/www.fachbau.ch\/de\/author\/werner-aebi\/"}]}},"_links":{"self":[{"href":"https:\/\/www.fachbau.ch\/de\/wp-json\/wp\/v2\/posts\/17638","targetHints":{"allow":["GET"]}}],"collection":[{"href":"https:\/\/www.fachbau.ch\/de\/wp-json\/wp\/v2\/posts"}],"about":[{"href":"https:\/\/www.fachbau.ch\/de\/wp-json\/wp\/v2\/types\/post"}],"author":[{"embeddable":true,"href":"https:\/\/www.fachbau.ch\/de\/wp-json\/wp\/v2\/users\/7"}],"replies":[{"embeddable":true,"href":"https:\/\/www.fachbau.ch\/de\/wp-json\/wp\/v2\/comments?post=17638"}],"version-history":[{"count":0,"href":"https:\/\/www.fachbau.ch\/de\/wp-json\/wp\/v2\/posts\/17638\/revisions"}],"wp:attachment":[{"href":"https:\/\/www.fachbau.ch\/de\/wp-json\/wp\/v2\/media?parent=17638"}],"wp:term":[{"taxonomy":"category","embeddable":true,"href":"https:\/\/www.fachbau.ch\/de\/wp-json\/wp\/v2\/categories?post=17638"},{"taxonomy":"post_tag","embeddable":true,"href":"https:\/\/www.fachbau.ch\/de\/wp-json\/wp\/v2\/tags?post=17638"}],"curies":[{"name":"wp","href":"https:\/\/api.w.org\/{rel}","templated":true}]}}