{"id":17589,"date":"2023-04-11T10:09:05","date_gmt":"2023-04-11T08:09:05","guid":{"rendered":"https:\/\/www.fachbau.ch\/?p=17589"},"modified":"2023-04-11T10:09:05","modified_gmt":"2023-04-11T08:09:05","slug":"sanierung-hauenstein-basistunnels-beginnt-im-herbst-2023","status":"publish","type":"post","link":"https:\/\/www.fachbau.ch\/de\/die-baustellen\/2023-04-11\/sanierung-hauenstein-basistunnels-beginnt-im-herbst-2023\/","title":{"rendered":"Sanierung Hauenstein-Basistunnel beginnt im Herbst 2023"},"content":{"rendered":"<p>Die SBB werden die Sanierungsarbeiten in der Nacht vom 3. auf den 4. September 2023 aufnehmen. Nachts werden das Tunnelgew\u00f6lbe und die technischen Anlagen instandgesetzt. Diese Arbeiten dauern bis Herbst 2026, jeweils mit Unterbr\u00fcchen im Sommer und \u00fcber das Jahresende. Die dazu n\u00f6tigen abschnittweisen Sperren eines Gleises werden jeweils von Sonntagnacht bis Freitagmorgen von 22.15 bis 5.45 Uhr vorgenommen.<\/p>\n<h3>Viermal wird ein Gleis f\u00fcr f\u00fcnf Wochen gesperrt<\/h3>\n<p>Weiter wird vielmal f\u00fcnf Wochen lang ein Gleis im gesamten Tunnel gesperrt. Diese Sperren sind 2024, 2026, 2027 und 2028 vorgesehen und dienen der Erneuerung der Gleise. Die Sperrungen sind w\u00e4hrend der Sommerferienzeit geplant. Ausserdem stehen Totalsperren des Hauensteintunnels an einzelnen Wochenenden auf dem Bauprogramm,\u00a0 erstmals im Herbst 2024. W\u00e4hrend dieser Zeit finden Arbeiten an den Weichen oder an besonders exponierten Stellen statt.<\/p>\n<figure id=\"attachment_17591\" aria-describedby=\"caption-attachment-17591\" style=\"width: 680px\" class=\"wp-caption alignnone\"><img loading=\"lazy\" decoding=\"async\" class=\"size-medium wp-image-17591\" src=\"https:\/\/www.fachbau.ch\/wp-content\/uploads\/2023\/04\/sbb_hauenstein_basistunnel_02_fachbau.ch_-680x383.jpg\" alt=\"Das Foto vom 24. Januar 2015 zeigt das S\u00fcdportal des Hauenstein-Basistunnels bei Trimbach, der damals wegen der Weichenerneuerungen gesperrt war. (Foto: SBB)\" width=\"680\" height=\"383\" \/><figcaption id=\"caption-attachment-17591\" class=\"wp-caption-text\">Das Foto vom 24. Januar 2015 zeigt das S\u00fcdportal des Hauenstein-Basistunnels bei Trimbach, der damals wegen der Weichenerneuerungen gesperrt war. (Foto: SBB)<\/figcaption><\/figure>\n<h3>Verz\u00f6gerung wegen Beschwerde gegen die Auftragsvergabe<\/h3>\n<p>Urspr\u00fcnglich wollten die SBB Anfang Januar 2023 mit den Arbeiten beginnen. Ein unterlegener Wettbewerbsteilnehmer reichte jedoch im Juli 2022 gegen die Auftragsvergabe beim Bundesverwaltungsgericht (BVGer) Beschwerde ein. Das Gericht pr\u00fcfte in einem ersten Schritt, ob die SBB mit dem Baubeginn zuwarten m\u00fcssen bis zum definitiven Entscheid. Weil sich dieser Vorentscheid verz\u00f6gerte, mussten die SBB den Baubeginn bereits zweimal hinausschieben. Die Mehrkosten dieser Verz\u00f6gerung lassen sich gem\u00e4ss einer Mitteilung der SBB derzeit noch nicht beziffern.<\/p>\n<p><strong>Weitere Informationen<\/strong><\/p>\n<p><a href=\"https:\/\/news.sbb.ch\/medien\/artikel\/122317\/hauenstein-basistunnel-grundinstandsetzung-startet-im-herbst-2023\" target=\"_blank\" rel=\"noopener\"><strong>news.sbb.ch<\/strong><\/a><\/p>\n","protected":false},"excerpt":{"rendered":"<p>Die SBB werden die Sanierungsarbeiten in der Nacht vom 3. auf den 4. September 2023 aufnehmen. Nachts werden das Tunnelgew\u00f6lbe und die technischen Anlagen instandgesetzt. Diese Arbeiten dauern bis Herbst 2026, jeweils mit Unterbr\u00fcchen im Sommer und \u00fcber das Jahresende. Die dazu n\u00f6tigen abschnittweisen Sperren eines Gleises werden jeweils von Sonntagnacht bis Freitagmorgen von 22.15 [&hellip;]<\/p>\n","protected":false},"author":6,"featured_media":17591,"comment_status":"closed","ping_status":"closed","sticky":false,"template":"","format":"standard","meta":{"_acf_changed":false,"pgc_sgb_lightbox_settings":"","footnotes":""},"categories":[19],"tags":[130,137,1520,1578],"class_list":["post-17589","post","type-post","status-publish","format-standard","has-post-thumbnail","hentry","category-die-baustellen","tag-bahnbau","tag-bahntunnel","tag-tunnelbau","tag-verkehrsinfrastruktur"],"acf":[],"yoast_head":"<!-- This site is optimized with the Yoast SEO plugin v27.4 - https:\/\/yoast.com\/product\/yoast-seo-wordpress\/ -->\n<title>Sanierung Hauenstein-Basistunnel beginnt im Herbst 2023 - fachbau.ch<\/title>\n<meta name=\"description\" content=\"Die SBB beginnen Anfang September 2023 mit den Arbeiten f\u00fcr die Grundinstandsetzung des Hauenstein-Basistunnels. Gegen die Vergabe des Bauauftrags ist eine Beschwerde h\u00e4ngig. Das Bundesverwaltungsgericht hat dieser mit seinem Zwischenentscheid vom Ende M\u00e4rz 2023 die aufschiebende Wirkung aberkannt.\" \/>\n<meta name=\"robots\" content=\"index, follow, max-snippet:-1, max-image-preview:large, max-video-preview:-1\" \/>\n<link rel=\"canonical\" href=\"https:\/\/www.fachbau.ch\/de\/die-baustellen\/2023-04-11\/sanierung-hauenstein-basistunnels-beginnt-im-herbst-2023\/\" \/>\n<meta property=\"og:locale\" content=\"de_DE\" \/>\n<meta property=\"og:type\" content=\"article\" \/>\n<meta property=\"og:title\" content=\"Sanierung Hauenstein-Basistunnel beginnt im Herbst 2023 - fachbau.ch\" \/>\n<meta property=\"og:description\" content=\"Die SBB beginnen Anfang September 2023 mit den Arbeiten f\u00fcr die Grundinstandsetzung des Hauenstein-Basistunnels. Gegen die Vergabe des Bauauftrags ist eine Beschwerde h\u00e4ngig. Das Bundesverwaltungsgericht hat dieser mit seinem Zwischenentscheid vom Ende M\u00e4rz 2023 die aufschiebende Wirkung aberkannt.\" \/>\n<meta property=\"og:url\" content=\"https:\/\/www.fachbau.ch\/de\/die-baustellen\/2023-04-11\/sanierung-hauenstein-basistunnels-beginnt-im-herbst-2023\/\" \/>\n<meta property=\"og:site_name\" content=\"fachbau.ch\" \/>\n<meta property=\"article:published_time\" content=\"2023-04-11T08:09:05+00:00\" \/>\n<meta property=\"og:image\" content=\"https:\/\/www.fachbau.ch\/wp-content\/uploads\/2023\/04\/sbb_hauenstein_basistunnel_02_fachbau.ch_-scaled-1.jpg\" \/>\n\t<meta property=\"og:image:width\" content=\"1200\" \/>\n\t<meta property=\"og:image:height\" content=\"675\" \/>\n\t<meta property=\"og:image:type\" content=\"image\/jpeg\" \/>\n<meta name=\"author\" content=\"Massimo Diana\" \/>\n<meta name=\"twitter:card\" content=\"summary_large_image\" \/>\n<meta name=\"twitter:label1\" content=\"Verfasst von\" \/>\n\t<meta name=\"twitter:data1\" content=\"Massimo Diana\" \/>\n\t<meta name=\"twitter:label2\" content=\"Gesch\u00e4tzte Lesezeit\" \/>\n\t<meta name=\"twitter:data2\" content=\"2\u00a0Minuten\" \/>\n<script type=\"application\/ld+json\" class=\"yoast-schema-graph\">{\"@context\":\"https:\\\/\\\/schema.org\",\"@graph\":[{\"@type\":\"Article\",\"@id\":\"https:\\\/\\\/www.fachbau.ch\\\/die-baustellen\\\/2023-04-11\\\/sanierung-hauenstein-basistunnels-beginnt-im-herbst-2023\\\/#article\",\"isPartOf\":{\"@id\":\"https:\\\/\\\/www.fachbau.ch\\\/die-baustellen\\\/2023-04-11\\\/sanierung-hauenstein-basistunnels-beginnt-im-herbst-2023\\\/\"},\"author\":{\"name\":\"Massimo Diana\",\"@id\":\"https:\\\/\\\/www.fachbau.ch\\\/#\\\/schema\\\/person\\\/5f74362d227c002f5e78a1f7dfea5b17\"},\"headline\":\"Sanierung Hauenstein-Basistunnel beginnt im Herbst 2023\",\"datePublished\":\"2023-04-11T08:09:05+00:00\",\"mainEntityOfPage\":{\"@id\":\"https:\\\/\\\/www.fachbau.ch\\\/die-baustellen\\\/2023-04-11\\\/sanierung-hauenstein-basistunnels-beginnt-im-herbst-2023\\\/\"},\"wordCount\":250,\"publisher\":{\"@id\":\"https:\\\/\\\/www.fachbau.ch\\\/#organization\"},\"image\":{\"@id\":\"https:\\\/\\\/www.fachbau.ch\\\/die-baustellen\\\/2023-04-11\\\/sanierung-hauenstein-basistunnels-beginnt-im-herbst-2023\\\/#primaryimage\"},\"thumbnailUrl\":\"https:\\\/\\\/www.fachbau.ch\\\/wp-content\\\/uploads\\\/2023\\\/04\\\/sbb_hauenstein_basistunnel_02_fachbau.ch_-scaled-1.jpg\",\"keywords\":[\"Bahnbau\",\"Bahntunnel\",\"Tunnelbau\",\"Verkehrsinfrastruktur\"],\"articleSection\":[\"die baustellen\"],\"inLanguage\":\"de\"},{\"@type\":\"WebPage\",\"@id\":\"https:\\\/\\\/www.fachbau.ch\\\/die-baustellen\\\/2023-04-11\\\/sanierung-hauenstein-basistunnels-beginnt-im-herbst-2023\\\/\",\"url\":\"https:\\\/\\\/www.fachbau.ch\\\/die-baustellen\\\/2023-04-11\\\/sanierung-hauenstein-basistunnels-beginnt-im-herbst-2023\\\/\",\"name\":\"Sanierung Hauenstein-Basistunnel beginnt im Herbst 2023 - fachbau.ch\",\"isPartOf\":{\"@id\":\"https:\\\/\\\/www.fachbau.ch\\\/#website\"},\"primaryImageOfPage\":{\"@id\":\"https:\\\/\\\/www.fachbau.ch\\\/die-baustellen\\\/2023-04-11\\\/sanierung-hauenstein-basistunnels-beginnt-im-herbst-2023\\\/#primaryimage\"},\"image\":{\"@id\":\"https:\\\/\\\/www.fachbau.ch\\\/die-baustellen\\\/2023-04-11\\\/sanierung-hauenstein-basistunnels-beginnt-im-herbst-2023\\\/#primaryimage\"},\"thumbnailUrl\":\"https:\\\/\\\/www.fachbau.ch\\\/wp-content\\\/uploads\\\/2023\\\/04\\\/sbb_hauenstein_basistunnel_02_fachbau.ch_-scaled-1.jpg\",\"datePublished\":\"2023-04-11T08:09:05+00:00\",\"description\":\"Die SBB beginnen Anfang September 2023 mit den Arbeiten f\u00fcr die Grundinstandsetzung des Hauenstein-Basistunnels. Gegen die Vergabe des Bauauftrags ist eine Beschwerde h\u00e4ngig. Das Bundesverwaltungsgericht hat dieser mit seinem Zwischenentscheid vom Ende M\u00e4rz 2023 die aufschiebende Wirkung aberkannt.\",\"breadcrumb\":{\"@id\":\"https:\\\/\\\/www.fachbau.ch\\\/die-baustellen\\\/2023-04-11\\\/sanierung-hauenstein-basistunnels-beginnt-im-herbst-2023\\\/#breadcrumb\"},\"inLanguage\":\"de\",\"potentialAction\":[{\"@type\":\"ReadAction\",\"target\":[\"https:\\\/\\\/www.fachbau.ch\\\/die-baustellen\\\/2023-04-11\\\/sanierung-hauenstein-basistunnels-beginnt-im-herbst-2023\\\/\"]}]},{\"@type\":\"ImageObject\",\"inLanguage\":\"de\",\"@id\":\"https:\\\/\\\/www.fachbau.ch\\\/die-baustellen\\\/2023-04-11\\\/sanierung-hauenstein-basistunnels-beginnt-im-herbst-2023\\\/#primaryimage\",\"url\":\"https:\\\/\\\/www.fachbau.ch\\\/wp-content\\\/uploads\\\/2023\\\/04\\\/sbb_hauenstein_basistunnel_02_fachbau.ch_-scaled-1.jpg\",\"contentUrl\":\"https:\\\/\\\/www.fachbau.ch\\\/wp-content\\\/uploads\\\/2023\\\/04\\\/sbb_hauenstein_basistunnel_02_fachbau.ch_-scaled-1.jpg\",\"width\":1200,\"height\":675,\"caption\":\"Das Foto vom 24. Januar 2015 zeigt das S\u00fcdportal des Hauenstein-Basistunnels bei Trimbach, der damals wegen der Weichenerneuerungen gesperrt war. (Foto: SBB)\"},{\"@type\":\"BreadcrumbList\",\"@id\":\"https:\\\/\\\/www.fachbau.ch\\\/die-baustellen\\\/2023-04-11\\\/sanierung-hauenstein-basistunnels-beginnt-im-herbst-2023\\\/#breadcrumb\",\"itemListElement\":[{\"@type\":\"ListItem\",\"position\":1,\"name\":\"Startseite\",\"item\":\"https:\\\/\\\/www.fachbau.ch\\\/\"},{\"@type\":\"ListItem\",\"position\":2,\"name\":\"Sanierung Hauenstein-Basistunnel beginnt im Herbst 2023\"}]},{\"@type\":\"WebSite\",\"@id\":\"https:\\\/\\\/www.fachbau.ch\\\/#website\",\"url\":\"https:\\\/\\\/www.fachbau.ch\\\/\",\"name\":\"fachbau.ch\",\"description\":\"Modernes, nachhaltiges Bauen.\",\"publisher\":{\"@id\":\"https:\\\/\\\/www.fachbau.ch\\\/#organization\"},\"potentialAction\":[{\"@type\":\"SearchAction\",\"target\":{\"@type\":\"EntryPoint\",\"urlTemplate\":\"https:\\\/\\\/www.fachbau.ch\\\/?s={search_term_string}\"},\"query-input\":{\"@type\":\"PropertyValueSpecification\",\"valueRequired\":true,\"valueName\":\"search_term_string\"}}],\"inLanguage\":\"de\"},{\"@type\":\"Organization\",\"@id\":\"https:\\\/\\\/www.fachbau.ch\\\/#organization\",\"name\":\"fachbau.ch\",\"url\":\"https:\\\/\\\/www.fachbau.ch\\\/\",\"logo\":{\"@type\":\"ImageObject\",\"inLanguage\":\"de\",\"@id\":\"https:\\\/\\\/www.fachbau.ch\\\/#\\\/schema\\\/logo\\\/image\\\/\",\"url\":\"https:\\\/\\\/www.fachbau.ch\\\/wp-content\\\/uploads\\\/2021\\\/12\\\/Logo_fachbau_ch.png\",\"contentUrl\":\"https:\\\/\\\/www.fachbau.ch\\\/wp-content\\\/uploads\\\/2021\\\/12\\\/Logo_fachbau_ch.png\",\"width\":283,\"height\":42,\"caption\":\"fachbau.ch\"},\"image\":{\"@id\":\"https:\\\/\\\/www.fachbau.ch\\\/#\\\/schema\\\/logo\\\/image\\\/\"}},{\"@type\":\"Person\",\"@id\":\"https:\\\/\\\/www.fachbau.ch\\\/#\\\/schema\\\/person\\\/5f74362d227c002f5e78a1f7dfea5b17\",\"name\":\"Massimo Diana\",\"image\":{\"@type\":\"ImageObject\",\"inLanguage\":\"de\",\"@id\":\"https:\\\/\\\/secure.gravatar.com\\\/avatar\\\/12cb79675e59b7232ceaddf198be9bdfe3981a9c3fb75365a6efc6a8f956a0a7?s=96&d=mm&r=g\",\"url\":\"https:\\\/\\\/secure.gravatar.com\\\/avatar\\\/12cb79675e59b7232ceaddf198be9bdfe3981a9c3fb75365a6efc6a8f956a0a7?s=96&d=mm&r=g\",\"contentUrl\":\"https:\\\/\\\/secure.gravatar.com\\\/avatar\\\/12cb79675e59b7232ceaddf198be9bdfe3981a9c3fb75365a6efc6a8f956a0a7?s=96&d=mm&r=g\",\"caption\":\"Massimo Diana\"},\"url\":\"https:\\\/\\\/www.fachbau.ch\\\/de\\\/author\\\/massimo-diana\\\/\"}]}<\/script>\n<!-- \/ Yoast SEO plugin. -->","yoast_head_json":{"title":"Sanierung Hauenstein-Basistunnel beginnt im Herbst 2023 - fachbau.ch","description":"Die SBB beginnen Anfang September 2023 mit den Arbeiten f\u00fcr die Grundinstandsetzung des Hauenstein-Basistunnels. Gegen die Vergabe des Bauauftrags ist eine Beschwerde h\u00e4ngig. Das Bundesverwaltungsgericht hat dieser mit seinem Zwischenentscheid vom Ende M\u00e4rz 2023 die aufschiebende Wirkung aberkannt.","robots":{"index":"index","follow":"follow","max-snippet":"max-snippet:-1","max-image-preview":"max-image-preview:large","max-video-preview":"max-video-preview:-1"},"canonical":"https:\/\/www.fachbau.ch\/de\/die-baustellen\/2023-04-11\/sanierung-hauenstein-basistunnels-beginnt-im-herbst-2023\/","og_locale":"de_DE","og_type":"article","og_title":"Sanierung Hauenstein-Basistunnel beginnt im Herbst 2023 - fachbau.ch","og_description":"Die SBB beginnen Anfang September 2023 mit den Arbeiten f\u00fcr die Grundinstandsetzung des Hauenstein-Basistunnels. Gegen die Vergabe des Bauauftrags ist eine Beschwerde h\u00e4ngig. Das Bundesverwaltungsgericht hat dieser mit seinem Zwischenentscheid vom Ende M\u00e4rz 2023 die aufschiebende Wirkung aberkannt.","og_url":"https:\/\/www.fachbau.ch\/de\/die-baustellen\/2023-04-11\/sanierung-hauenstein-basistunnels-beginnt-im-herbst-2023\/","og_site_name":"fachbau.ch","article_published_time":"2023-04-11T08:09:05+00:00","og_image":[{"width":1200,"height":675,"url":"https:\/\/www.fachbau.ch\/wp-content\/uploads\/2023\/04\/sbb_hauenstein_basistunnel_02_fachbau.ch_-scaled-1.jpg","type":"image\/jpeg"}],"author":"Massimo Diana","twitter_card":"summary_large_image","twitter_misc":{"Verfasst von":"Massimo Diana","Gesch\u00e4tzte Lesezeit":"2\u00a0Minuten"},"schema":{"@context":"https:\/\/schema.org","@graph":[{"@type":"Article","@id":"https:\/\/www.fachbau.ch\/die-baustellen\/2023-04-11\/sanierung-hauenstein-basistunnels-beginnt-im-herbst-2023\/#article","isPartOf":{"@id":"https:\/\/www.fachbau.ch\/die-baustellen\/2023-04-11\/sanierung-hauenstein-basistunnels-beginnt-im-herbst-2023\/"},"author":{"name":"Massimo Diana","@id":"https:\/\/www.fachbau.ch\/#\/schema\/person\/5f74362d227c002f5e78a1f7dfea5b17"},"headline":"Sanierung Hauenstein-Basistunnel beginnt im Herbst 2023","datePublished":"2023-04-11T08:09:05+00:00","mainEntityOfPage":{"@id":"https:\/\/www.fachbau.ch\/die-baustellen\/2023-04-11\/sanierung-hauenstein-basistunnels-beginnt-im-herbst-2023\/"},"wordCount":250,"publisher":{"@id":"https:\/\/www.fachbau.ch\/#organization"},"image":{"@id":"https:\/\/www.fachbau.ch\/die-baustellen\/2023-04-11\/sanierung-hauenstein-basistunnels-beginnt-im-herbst-2023\/#primaryimage"},"thumbnailUrl":"https:\/\/www.fachbau.ch\/wp-content\/uploads\/2023\/04\/sbb_hauenstein_basistunnel_02_fachbau.ch_-scaled-1.jpg","keywords":["Bahnbau","Bahntunnel","Tunnelbau","Verkehrsinfrastruktur"],"articleSection":["die baustellen"],"inLanguage":"de"},{"@type":"WebPage","@id":"https:\/\/www.fachbau.ch\/die-baustellen\/2023-04-11\/sanierung-hauenstein-basistunnels-beginnt-im-herbst-2023\/","url":"https:\/\/www.fachbau.ch\/die-baustellen\/2023-04-11\/sanierung-hauenstein-basistunnels-beginnt-im-herbst-2023\/","name":"Sanierung Hauenstein-Basistunnel beginnt im Herbst 2023 - fachbau.ch","isPartOf":{"@id":"https:\/\/www.fachbau.ch\/#website"},"primaryImageOfPage":{"@id":"https:\/\/www.fachbau.ch\/die-baustellen\/2023-04-11\/sanierung-hauenstein-basistunnels-beginnt-im-herbst-2023\/#primaryimage"},"image":{"@id":"https:\/\/www.fachbau.ch\/die-baustellen\/2023-04-11\/sanierung-hauenstein-basistunnels-beginnt-im-herbst-2023\/#primaryimage"},"thumbnailUrl":"https:\/\/www.fachbau.ch\/wp-content\/uploads\/2023\/04\/sbb_hauenstein_basistunnel_02_fachbau.ch_-scaled-1.jpg","datePublished":"2023-04-11T08:09:05+00:00","description":"Die SBB beginnen Anfang September 2023 mit den Arbeiten f\u00fcr die Grundinstandsetzung des Hauenstein-Basistunnels. Gegen die Vergabe des Bauauftrags ist eine Beschwerde h\u00e4ngig. Das Bundesverwaltungsgericht hat dieser mit seinem Zwischenentscheid vom Ende M\u00e4rz 2023 die aufschiebende Wirkung aberkannt.","breadcrumb":{"@id":"https:\/\/www.fachbau.ch\/die-baustellen\/2023-04-11\/sanierung-hauenstein-basistunnels-beginnt-im-herbst-2023\/#breadcrumb"},"inLanguage":"de","potentialAction":[{"@type":"ReadAction","target":["https:\/\/www.fachbau.ch\/die-baustellen\/2023-04-11\/sanierung-hauenstein-basistunnels-beginnt-im-herbst-2023\/"]}]},{"@type":"ImageObject","inLanguage":"de","@id":"https:\/\/www.fachbau.ch\/die-baustellen\/2023-04-11\/sanierung-hauenstein-basistunnels-beginnt-im-herbst-2023\/#primaryimage","url":"https:\/\/www.fachbau.ch\/wp-content\/uploads\/2023\/04\/sbb_hauenstein_basistunnel_02_fachbau.ch_-scaled-1.jpg","contentUrl":"https:\/\/www.fachbau.ch\/wp-content\/uploads\/2023\/04\/sbb_hauenstein_basistunnel_02_fachbau.ch_-scaled-1.jpg","width":1200,"height":675,"caption":"Das Foto vom 24. Januar 2015 zeigt das S\u00fcdportal des Hauenstein-Basistunnels bei Trimbach, der damals wegen der Weichenerneuerungen gesperrt war. (Foto: SBB)"},{"@type":"BreadcrumbList","@id":"https:\/\/www.fachbau.ch\/die-baustellen\/2023-04-11\/sanierung-hauenstein-basistunnels-beginnt-im-herbst-2023\/#breadcrumb","itemListElement":[{"@type":"ListItem","position":1,"name":"Startseite","item":"https:\/\/www.fachbau.ch\/"},{"@type":"ListItem","position":2,"name":"Sanierung Hauenstein-Basistunnel beginnt im Herbst 2023"}]},{"@type":"WebSite","@id":"https:\/\/www.fachbau.ch\/#website","url":"https:\/\/www.fachbau.ch\/","name":"fachbau.ch","description":"Modernes, nachhaltiges Bauen.","publisher":{"@id":"https:\/\/www.fachbau.ch\/#organization"},"potentialAction":[{"@type":"SearchAction","target":{"@type":"EntryPoint","urlTemplate":"https:\/\/www.fachbau.ch\/?s={search_term_string}"},"query-input":{"@type":"PropertyValueSpecification","valueRequired":true,"valueName":"search_term_string"}}],"inLanguage":"de"},{"@type":"Organization","@id":"https:\/\/www.fachbau.ch\/#organization","name":"fachbau.ch","url":"https:\/\/www.fachbau.ch\/","logo":{"@type":"ImageObject","inLanguage":"de","@id":"https:\/\/www.fachbau.ch\/#\/schema\/logo\/image\/","url":"https:\/\/www.fachbau.ch\/wp-content\/uploads\/2021\/12\/Logo_fachbau_ch.png","contentUrl":"https:\/\/www.fachbau.ch\/wp-content\/uploads\/2021\/12\/Logo_fachbau_ch.png","width":283,"height":42,"caption":"fachbau.ch"},"image":{"@id":"https:\/\/www.fachbau.ch\/#\/schema\/logo\/image\/"}},{"@type":"Person","@id":"https:\/\/www.fachbau.ch\/#\/schema\/person\/5f74362d227c002f5e78a1f7dfea5b17","name":"Massimo Diana","image":{"@type":"ImageObject","inLanguage":"de","@id":"https:\/\/secure.gravatar.com\/avatar\/12cb79675e59b7232ceaddf198be9bdfe3981a9c3fb75365a6efc6a8f956a0a7?s=96&d=mm&r=g","url":"https:\/\/secure.gravatar.com\/avatar\/12cb79675e59b7232ceaddf198be9bdfe3981a9c3fb75365a6efc6a8f956a0a7?s=96&d=mm&r=g","contentUrl":"https:\/\/secure.gravatar.com\/avatar\/12cb79675e59b7232ceaddf198be9bdfe3981a9c3fb75365a6efc6a8f956a0a7?s=96&d=mm&r=g","caption":"Massimo Diana"},"url":"https:\/\/www.fachbau.ch\/de\/author\/massimo-diana\/"}]}},"_links":{"self":[{"href":"https:\/\/www.fachbau.ch\/de\/wp-json\/wp\/v2\/posts\/17589","targetHints":{"allow":["GET"]}}],"collection":[{"href":"https:\/\/www.fachbau.ch\/de\/wp-json\/wp\/v2\/posts"}],"about":[{"href":"https:\/\/www.fachbau.ch\/de\/wp-json\/wp\/v2\/types\/post"}],"author":[{"embeddable":true,"href":"https:\/\/www.fachbau.ch\/de\/wp-json\/wp\/v2\/users\/6"}],"replies":[{"embeddable":true,"href":"https:\/\/www.fachbau.ch\/de\/wp-json\/wp\/v2\/comments?post=17589"}],"version-history":[{"count":0,"href":"https:\/\/www.fachbau.ch\/de\/wp-json\/wp\/v2\/posts\/17589\/revisions"}],"wp:featuredmedia":[{"embeddable":true,"href":"https:\/\/www.fachbau.ch\/de\/wp-json\/wp\/v2\/media\/17591"}],"wp:attachment":[{"href":"https:\/\/www.fachbau.ch\/de\/wp-json\/wp\/v2\/media?parent=17589"}],"wp:term":[{"taxonomy":"category","embeddable":true,"href":"https:\/\/www.fachbau.ch\/de\/wp-json\/wp\/v2\/categories?post=17589"},{"taxonomy":"post_tag","embeddable":true,"href":"https:\/\/www.fachbau.ch\/de\/wp-json\/wp\/v2\/tags?post=17589"}],"curies":[{"name":"wp","href":"https:\/\/api.w.org\/{rel}","templated":true}]}}