{"id":17481,"date":"2023-03-28T11:06:10","date_gmt":"2023-03-28T09:06:10","guid":{"rendered":"https:\/\/www.fachbau.ch\/?p=17481"},"modified":"2023-03-28T11:06:10","modified_gmt":"2023-03-28T09:06:10","slug":"leistungen-der-ingenieure-sichtbar-machen","status":"publish","type":"post","link":"https:\/\/www.fachbau.ch\/de\/die-baustellen\/2023-03-28\/leistungen-der-ingenieure-sichtbar-machen\/","title":{"rendered":"Leistungen der Ingenieure sichtbar machen"},"content":{"rendered":"<p>Die Veranstalter des Schweizer Engineers\u2019 Day 2023 ziehen eine positive Bilanz. Die bei der Lancierung des Anlasses im Jahr 2018 gesetzten Ziele konnten\u00a0 thematisiert werden:<\/p>\n<ul>\n<li>F\u00f6rderung des Ingenieurnachwuchses, speziell auch bei den M\u00e4dchen.<\/li>\n<li>Visualisierung der hervorragenden Leistungen der Ingenieurinnen und Ingenieure in der \u00d6ffentlichkeit.<\/li>\n<li>F\u00f6rderung des Dialogs zwischen der Bev\u00f6lkerung und den Ingenieurinnen und Ingenieuren.<\/li>\n<li>Aufzeigen der Leistungen aller Ingenieure in Bezug auf die 17 Nachhaltigkeitsziele der Unesco.<\/li>\n<\/ul>\n<p>Die erste Bilanz in Bezug auf die Aussenwirkung des Engineers\u2019 Day 2023 f\u00e4llt f\u00fcr die Veranstalter positiv aus. Es sei gelungen, in den vier Monaten vor dem Anlass vom 4. M\u00e4rz eine ausgezeichnete Pr\u00e4senz in den sozialen Medien zu erzielen, die weit \u00fcber den Tag hinausreiche und in den K\u00f6pfen verankert bleibe.<\/p>\n<div id='gallery-1' class='gallery galleryid-17481 gallery-columns-3 gallery-size-thumbnail'><figure class='gallery-item'>\n\t\t\t<div class='gallery-icon landscape'>\n\t\t\t\t<a href='https:\/\/www.fachbau.ch\/wp-content\/uploads\/2023\/03\/engineers_day_01_fachbau.ch_-scaled-1.jpg'><img loading=\"lazy\" decoding=\"async\" width=\"150\" height=\"150\" src=\"https:\/\/www.fachbau.ch\/wp-content\/uploads\/2023\/03\/engineers_day_01_fachbau.ch_-scaled-1-150x150.jpg\" class=\"attachment-thumbnail size-thumbnail\" alt=\"\" srcset=\"https:\/\/www.fachbau.ch\/wp-content\/uploads\/2023\/03\/engineers_day_01_fachbau.ch_-scaled-1-150x150.jpg 150w, https:\/\/www.fachbau.ch\/wp-content\/uploads\/2023\/03\/engineers_day_01_fachbau.ch_-scaled-1-250x250.jpg 250w\" sizes=\"auto, (max-width: 150px) 100vw, 150px\" \/><\/a>\n\t\t\t<\/div><\/figure><figure class='gallery-item'>\n\t\t\t<div class='gallery-icon landscape'>\n\t\t\t\t<a href='https:\/\/www.fachbau.ch\/wp-content\/uploads\/2023\/03\/engineers_day_02_fachbau.ch_.jpg-scaled-1.jpg'><img loading=\"lazy\" decoding=\"async\" width=\"150\" height=\"150\" src=\"https:\/\/www.fachbau.ch\/wp-content\/uploads\/2023\/03\/engineers_day_02_fachbau.ch_.jpg-scaled-1-150x150.jpg\" class=\"attachment-thumbnail size-thumbnail\" alt=\"\" srcset=\"https:\/\/www.fachbau.ch\/wp-content\/uploads\/2023\/03\/engineers_day_02_fachbau.ch_.jpg-scaled-1-150x150.jpg 150w, https:\/\/www.fachbau.ch\/wp-content\/uploads\/2023\/03\/engineers_day_02_fachbau.ch_.jpg-scaled-1-250x250.jpg 250w\" sizes=\"auto, (max-width: 150px) 100vw, 150px\" \/><\/a>\n\t\t\t<\/div><\/figure><figure class='gallery-item'>\n\t\t\t<div class='gallery-icon landscape'>\n\t\t\t\t<a href='https:\/\/www.fachbau.ch\/wp-content\/uploads\/2023\/03\/engineers_day_03_fachbau.ch_.jpg-scaled-1.jpg'><img loading=\"lazy\" decoding=\"async\" width=\"150\" height=\"150\" src=\"https:\/\/www.fachbau.ch\/wp-content\/uploads\/2023\/03\/engineers_day_03_fachbau.ch_.jpg-scaled-1-150x150.jpg\" class=\"attachment-thumbnail size-thumbnail\" alt=\"\" srcset=\"https:\/\/www.fachbau.ch\/wp-content\/uploads\/2023\/03\/engineers_day_03_fachbau.ch_.jpg-scaled-1-150x150.jpg 150w, https:\/\/www.fachbau.ch\/wp-content\/uploads\/2023\/03\/engineers_day_03_fachbau.ch_.jpg-scaled-1-250x250.jpg 250w\" sizes=\"auto, (max-width: 150px) 100vw, 150px\" \/><\/a>\n\t\t\t<\/div><\/figure><figure class='gallery-item'>\n\t\t\t<div class='gallery-icon landscape'>\n\t\t\t\t<a href='https:\/\/www.fachbau.ch\/wp-content\/uploads\/2023\/03\/engineers_day_04_fachbau.ch_.jpg-scaled-1.jpeg'><img loading=\"lazy\" decoding=\"async\" width=\"150\" height=\"150\" src=\"https:\/\/www.fachbau.ch\/wp-content\/uploads\/2023\/03\/engineers_day_04_fachbau.ch_.jpg-scaled-1-150x150.jpeg\" class=\"attachment-thumbnail size-thumbnail\" alt=\"\" srcset=\"https:\/\/www.fachbau.ch\/wp-content\/uploads\/2023\/03\/engineers_day_04_fachbau.ch_.jpg-scaled-1-150x150.jpeg 150w, https:\/\/www.fachbau.ch\/wp-content\/uploads\/2023\/03\/engineers_day_04_fachbau.ch_.jpg-scaled-1-250x250.jpeg 250w\" sizes=\"auto, (max-width: 150px) 100vw, 150px\" \/><\/a>\n\t\t\t<\/div><\/figure><figure class='gallery-item'>\n\t\t\t<div class='gallery-icon landscape'>\n\t\t\t\t<a href='https:\/\/www.fachbau.ch\/wp-content\/uploads\/2023\/03\/engineers_day_05_fachbau.ch_.jpg-scaled-1.jpg'><img loading=\"lazy\" decoding=\"async\" width=\"150\" height=\"150\" src=\"https:\/\/www.fachbau.ch\/wp-content\/uploads\/2023\/03\/engineers_day_05_fachbau.ch_.jpg-scaled-1-150x150.jpg\" class=\"attachment-thumbnail size-thumbnail\" alt=\"\" srcset=\"https:\/\/www.fachbau.ch\/wp-content\/uploads\/2023\/03\/engineers_day_05_fachbau.ch_.jpg-scaled-1-150x150.jpg 150w, https:\/\/www.fachbau.ch\/wp-content\/uploads\/2023\/03\/engineers_day_05_fachbau.ch_.jpg-scaled-1-250x250.jpg 250w\" sizes=\"auto, (max-width: 150px) 100vw, 150px\" \/><\/a>\n\t\t\t<\/div><\/figure><figure class='gallery-item'>\n\t\t\t<div class='gallery-icon landscape'>\n\t\t\t\t<a href='https:\/\/www.fachbau.ch\/wp-content\/uploads\/2023\/03\/engineers_day_06_fachbau.ch_.jpg-scaled-1.jpg'><img loading=\"lazy\" decoding=\"async\" width=\"150\" height=\"150\" src=\"https:\/\/www.fachbau.ch\/wp-content\/uploads\/2023\/03\/engineers_day_06_fachbau.ch_.jpg-scaled-1-150x150.jpg\" class=\"attachment-thumbnail size-thumbnail\" alt=\"\" srcset=\"https:\/\/www.fachbau.ch\/wp-content\/uploads\/2023\/03\/engineers_day_06_fachbau.ch_.jpg-scaled-1-150x150.jpg 150w, https:\/\/www.fachbau.ch\/wp-content\/uploads\/2023\/03\/engineers_day_06_fachbau.ch_.jpg-scaled-1-250x250.jpg 250w\" sizes=\"auto, (max-width: 150px) 100vw, 150px\" \/><\/a>\n\t\t\t<\/div><\/figure><figure class='gallery-item'>\n\t\t\t<div class='gallery-icon landscape'>\n\t\t\t\t<a href='https:\/\/www.fachbau.ch\/wp-content\/uploads\/2023\/03\/engineers_day_07_fachbau.ch_.jpg-scaled-1.jpg'><img loading=\"lazy\" decoding=\"async\" width=\"150\" height=\"150\" src=\"https:\/\/www.fachbau.ch\/wp-content\/uploads\/2023\/03\/engineers_day_07_fachbau.ch_.jpg-scaled-1-150x150.jpg\" class=\"attachment-thumbnail size-thumbnail\" alt=\"\" srcset=\"https:\/\/www.fachbau.ch\/wp-content\/uploads\/2023\/03\/engineers_day_07_fachbau.ch_.jpg-scaled-1-150x150.jpg 150w, https:\/\/www.fachbau.ch\/wp-content\/uploads\/2023\/03\/engineers_day_07_fachbau.ch_.jpg-scaled-1-250x250.jpg 250w\" sizes=\"auto, (max-width: 150px) 100vw, 150px\" \/><\/a>\n\t\t\t<\/div><\/figure><figure class='gallery-item'>\n\t\t\t<div class='gallery-icon landscape'>\n\t\t\t\t<a href='https:\/\/www.fachbau.ch\/wp-content\/uploads\/2023\/03\/engineers_day_08_fachbau.ch_.jpg-scaled-1.jpg'><img loading=\"lazy\" decoding=\"async\" width=\"150\" height=\"150\" src=\"https:\/\/www.fachbau.ch\/wp-content\/uploads\/2023\/03\/engineers_day_08_fachbau.ch_.jpg-scaled-1-150x150.jpg\" class=\"attachment-thumbnail size-thumbnail\" alt=\"\" srcset=\"https:\/\/www.fachbau.ch\/wp-content\/uploads\/2023\/03\/engineers_day_08_fachbau.ch_.jpg-scaled-1-150x150.jpg 150w, https:\/\/www.fachbau.ch\/wp-content\/uploads\/2023\/03\/engineers_day_08_fachbau.ch_.jpg-scaled-1-250x250.jpg 250w\" sizes=\"auto, (max-width: 150px) 100vw, 150px\" \/><\/a>\n\t\t\t<\/div><\/figure><figure class='gallery-item'>\n\t\t\t<div class='gallery-icon landscape'>\n\t\t\t\t<a href='https:\/\/www.fachbau.ch\/wp-content\/uploads\/2023\/03\/engineers_day_13_fachbau.ch_.jpg-scaled-1.jpg'><img loading=\"lazy\" decoding=\"async\" width=\"150\" height=\"150\" src=\"https:\/\/www.fachbau.ch\/wp-content\/uploads\/2023\/03\/engineers_day_13_fachbau.ch_.jpg-scaled-1-150x150.jpg\" class=\"attachment-thumbnail size-thumbnail\" alt=\"\" srcset=\"https:\/\/www.fachbau.ch\/wp-content\/uploads\/2023\/03\/engineers_day_13_fachbau.ch_.jpg-scaled-1-150x150.jpg 150w, https:\/\/www.fachbau.ch\/wp-content\/uploads\/2023\/03\/engineers_day_13_fachbau.ch_.jpg-scaled-1-250x250.jpg 250w\" sizes=\"auto, (max-width: 150px) 100vw, 150px\" \/><\/a>\n\t\t\t<\/div><\/figure>\n\t\t<\/div>\n\n<p>Die fl\u00e4chendeckende Mitwirkung aller die Medien bewirkte, dass die \u00d6ffentlichkeit auf die weiteren Aktionen aufmerksam wurde. Ein Z\u00fcrcher Regionalfernsehen strahlte wiederum einen Bericht \u00fcber den Anlass des Tiefbauamts der Stadt Z\u00fcrich aus. Das Baudepartement des Kantons Aargau schaltete in einem Lokalradio w\u00e4hrend der ganzen Woche Werbespots, in denen Mitarbeitende auf den Engineers\u2019 Day aufmerksam machten und \u00fcber ihre T\u00e4tigkeit berichteten.<\/p>\n<p>Die Grundidee des Tages der Ingenieure ist, den Ingenieurnachwuchs zu f\u00f6rdern und die Leistungen der Ingenieurinnen und Ingenieure in der \u00d6ffentlichkeit sichtbar zu machen. Damit soll aufgezeigt werden, dass sie f\u00e4hig sind, einen wichtigen Beitrag zu leisten, um die Gesellschaft bei der L\u00f6sung anstehender gesellschaftlicher Probleme mit Fachwissen und innovativen Ideen zu unterst\u00fctzen. Der n\u00e4chste Engineer&#8217;s Day findet am 4. M\u00e4rz 2024 statt.<\/p>\n<p><strong>Weitere Informationen<\/strong><br \/>\n<a href=\"http:\/\/www.engineersday.ch\" target=\"_blank\" rel=\"noopener\"><strong>www.engineersday.ch<\/strong><\/a><\/p>\n","protected":false},"excerpt":{"rendered":"<p>Die Veranstalter des Schweizer Engineers\u2019 Day 2023 ziehen eine positive Bilanz. Die bei der Lancierung des Anlasses im Jahr 2018 gesetzten Ziele konnten\u00a0 thematisiert werden: F\u00f6rderung des Ingenieurnachwuchses, speziell auch bei den M\u00e4dchen. Visualisierung der hervorragenden Leistungen der Ingenieurinnen und Ingenieure in der \u00d6ffentlichkeit. F\u00f6rderung des Dialogs zwischen der Bev\u00f6lkerung und den Ingenieurinnen und Ingenieuren. [&hellip;]<\/p>\n","protected":false},"author":6,"featured_media":17487,"comment_status":"closed","ping_status":"closed","sticky":false,"template":"","format":"standard","meta":{"_acf_changed":false,"pgc_sgb_lightbox_settings":"","footnotes":""},"categories":[19],"tags":[830,837,838],"class_list":["post-17481","post","type-post","status-publish","format-standard","has-post-thumbnail","hentry","category-die-baustellen","tag-ingenieurberufe","tag-ingenieurstudium","tag-ingenieurthemen"],"acf":[],"yoast_head":"<!-- This site is optimized with the Yoast SEO plugin v27.4 - https:\/\/yoast.com\/product\/yoast-seo-wordpress\/ -->\n<title>Leistungen der Ingenieure sichtbar machen - fachbau.ch<\/title>\n<meta name=\"description\" content=\"Der Engineers\u2019 Day 2023 ist bereits wieder vorbei, aber er ist eine Erfolgsgeschichte. An rund 50 Veranstaltungen in der ganzen Schweiz wurde am 4. M\u00e4rz Werbung f\u00fcr den Ingenieurberuf gemacht.\" \/>\n<meta name=\"robots\" content=\"index, follow, max-snippet:-1, max-image-preview:large, max-video-preview:-1\" \/>\n<link rel=\"canonical\" href=\"https:\/\/www.fachbau.ch\/de\/die-baustellen\/2023-03-28\/leistungen-der-ingenieure-sichtbar-machen\/\" \/>\n<meta property=\"og:locale\" content=\"de_DE\" \/>\n<meta property=\"og:type\" content=\"article\" \/>\n<meta property=\"og:title\" content=\"Leistungen der Ingenieure sichtbar machen - fachbau.ch\" \/>\n<meta property=\"og:description\" content=\"Der Engineers\u2019 Day 2023 ist bereits wieder vorbei, aber er ist eine Erfolgsgeschichte. An rund 50 Veranstaltungen in der ganzen Schweiz wurde am 4. M\u00e4rz Werbung f\u00fcr den Ingenieurberuf gemacht.\" \/>\n<meta property=\"og:url\" content=\"https:\/\/www.fachbau.ch\/de\/die-baustellen\/2023-03-28\/leistungen-der-ingenieure-sichtbar-machen\/\" \/>\n<meta property=\"og:site_name\" content=\"fachbau.ch\" \/>\n<meta property=\"article:published_time\" content=\"2023-03-28T09:06:10+00:00\" \/>\n<meta property=\"og:image\" content=\"https:\/\/www.fachbau.ch\/wp-content\/uploads\/2023\/03\/engineers_day_02_fachbau.ch_.jpg-scaled-1.jpg\" \/>\n\t<meta property=\"og:image:width\" content=\"1200\" \/>\n\t<meta property=\"og:image:height\" content=\"801\" \/>\n\t<meta property=\"og:image:type\" content=\"image\/jpeg\" \/>\n<meta name=\"author\" content=\"Massimo Diana\" \/>\n<meta name=\"twitter:card\" content=\"summary_large_image\" \/>\n<meta name=\"twitter:label1\" content=\"Verfasst von\" \/>\n\t<meta name=\"twitter:data1\" content=\"Massimo Diana\" \/>\n\t<meta name=\"twitter:label2\" content=\"Gesch\u00e4tzte Lesezeit\" \/>\n\t<meta name=\"twitter:data2\" content=\"2\u00a0Minuten\" \/>\n<script type=\"application\/ld+json\" class=\"yoast-schema-graph\">{\"@context\":\"https:\\\/\\\/schema.org\",\"@graph\":[{\"@type\":\"Article\",\"@id\":\"https:\\\/\\\/www.fachbau.ch\\\/die-baustellen\\\/2023-03-28\\\/leistungen-der-ingenieure-sichtbar-machen\\\/#article\",\"isPartOf\":{\"@id\":\"https:\\\/\\\/www.fachbau.ch\\\/die-baustellen\\\/2023-03-28\\\/leistungen-der-ingenieure-sichtbar-machen\\\/\"},\"author\":{\"name\":\"Massimo Diana\",\"@id\":\"https:\\\/\\\/www.fachbau.ch\\\/#\\\/schema\\\/person\\\/5f74362d227c002f5e78a1f7dfea5b17\"},\"headline\":\"Leistungen der Ingenieure sichtbar machen\",\"datePublished\":\"2023-03-28T09:06:10+00:00\",\"mainEntityOfPage\":{\"@id\":\"https:\\\/\\\/www.fachbau.ch\\\/die-baustellen\\\/2023-03-28\\\/leistungen-der-ingenieure-sichtbar-machen\\\/\"},\"wordCount\":271,\"publisher\":{\"@id\":\"https:\\\/\\\/www.fachbau.ch\\\/#organization\"},\"image\":{\"@id\":\"https:\\\/\\\/www.fachbau.ch\\\/die-baustellen\\\/2023-03-28\\\/leistungen-der-ingenieure-sichtbar-machen\\\/#primaryimage\"},\"thumbnailUrl\":\"https:\\\/\\\/www.fachbau.ch\\\/wp-content\\\/uploads\\\/2023\\\/03\\\/engineers_day_02_fachbau.ch_.jpg-scaled-1.jpg\",\"keywords\":[\"Ingenieurberufe\",\"Ingenieurstudium\",\"Ingenieurthemen\"],\"articleSection\":[\"die baustellen\"],\"inLanguage\":\"de\"},{\"@type\":\"WebPage\",\"@id\":\"https:\\\/\\\/www.fachbau.ch\\\/die-baustellen\\\/2023-03-28\\\/leistungen-der-ingenieure-sichtbar-machen\\\/\",\"url\":\"https:\\\/\\\/www.fachbau.ch\\\/die-baustellen\\\/2023-03-28\\\/leistungen-der-ingenieure-sichtbar-machen\\\/\",\"name\":\"Leistungen der Ingenieure sichtbar machen - fachbau.ch\",\"isPartOf\":{\"@id\":\"https:\\\/\\\/www.fachbau.ch\\\/#website\"},\"primaryImageOfPage\":{\"@id\":\"https:\\\/\\\/www.fachbau.ch\\\/die-baustellen\\\/2023-03-28\\\/leistungen-der-ingenieure-sichtbar-machen\\\/#primaryimage\"},\"image\":{\"@id\":\"https:\\\/\\\/www.fachbau.ch\\\/die-baustellen\\\/2023-03-28\\\/leistungen-der-ingenieure-sichtbar-machen\\\/#primaryimage\"},\"thumbnailUrl\":\"https:\\\/\\\/www.fachbau.ch\\\/wp-content\\\/uploads\\\/2023\\\/03\\\/engineers_day_02_fachbau.ch_.jpg-scaled-1.jpg\",\"datePublished\":\"2023-03-28T09:06:10+00:00\",\"description\":\"Der Engineers\u2019 Day 2023 ist bereits wieder vorbei, aber er ist eine Erfolgsgeschichte. An rund 50 Veranstaltungen in der ganzen Schweiz wurde am 4. M\u00e4rz Werbung f\u00fcr den Ingenieurberuf gemacht.\",\"breadcrumb\":{\"@id\":\"https:\\\/\\\/www.fachbau.ch\\\/die-baustellen\\\/2023-03-28\\\/leistungen-der-ingenieure-sichtbar-machen\\\/#breadcrumb\"},\"inLanguage\":\"de\",\"potentialAction\":[{\"@type\":\"ReadAction\",\"target\":[\"https:\\\/\\\/www.fachbau.ch\\\/die-baustellen\\\/2023-03-28\\\/leistungen-der-ingenieure-sichtbar-machen\\\/\"]}]},{\"@type\":\"ImageObject\",\"inLanguage\":\"de\",\"@id\":\"https:\\\/\\\/www.fachbau.ch\\\/die-baustellen\\\/2023-03-28\\\/leistungen-der-ingenieure-sichtbar-machen\\\/#primaryimage\",\"url\":\"https:\\\/\\\/www.fachbau.ch\\\/wp-content\\\/uploads\\\/2023\\\/03\\\/engineers_day_02_fachbau.ch_.jpg-scaled-1.jpg\",\"contentUrl\":\"https:\\\/\\\/www.fachbau.ch\\\/wp-content\\\/uploads\\\/2023\\\/03\\\/engineers_day_02_fachbau.ch_.jpg-scaled-1.jpg\",\"width\":1200,\"height\":801},{\"@type\":\"BreadcrumbList\",\"@id\":\"https:\\\/\\\/www.fachbau.ch\\\/die-baustellen\\\/2023-03-28\\\/leistungen-der-ingenieure-sichtbar-machen\\\/#breadcrumb\",\"itemListElement\":[{\"@type\":\"ListItem\",\"position\":1,\"name\":\"Startseite\",\"item\":\"https:\\\/\\\/www.fachbau.ch\\\/\"},{\"@type\":\"ListItem\",\"position\":2,\"name\":\"Leistungen der Ingenieure sichtbar machen\"}]},{\"@type\":\"WebSite\",\"@id\":\"https:\\\/\\\/www.fachbau.ch\\\/#website\",\"url\":\"https:\\\/\\\/www.fachbau.ch\\\/\",\"name\":\"fachbau.ch\",\"description\":\"Modernes, nachhaltiges Bauen.\",\"publisher\":{\"@id\":\"https:\\\/\\\/www.fachbau.ch\\\/#organization\"},\"potentialAction\":[{\"@type\":\"SearchAction\",\"target\":{\"@type\":\"EntryPoint\",\"urlTemplate\":\"https:\\\/\\\/www.fachbau.ch\\\/?s={search_term_string}\"},\"query-input\":{\"@type\":\"PropertyValueSpecification\",\"valueRequired\":true,\"valueName\":\"search_term_string\"}}],\"inLanguage\":\"de\"},{\"@type\":\"Organization\",\"@id\":\"https:\\\/\\\/www.fachbau.ch\\\/#organization\",\"name\":\"fachbau.ch\",\"url\":\"https:\\\/\\\/www.fachbau.ch\\\/\",\"logo\":{\"@type\":\"ImageObject\",\"inLanguage\":\"de\",\"@id\":\"https:\\\/\\\/www.fachbau.ch\\\/#\\\/schema\\\/logo\\\/image\\\/\",\"url\":\"https:\\\/\\\/www.fachbau.ch\\\/wp-content\\\/uploads\\\/2021\\\/12\\\/Logo_fachbau_ch.png\",\"contentUrl\":\"https:\\\/\\\/www.fachbau.ch\\\/wp-content\\\/uploads\\\/2021\\\/12\\\/Logo_fachbau_ch.png\",\"width\":283,\"height\":42,\"caption\":\"fachbau.ch\"},\"image\":{\"@id\":\"https:\\\/\\\/www.fachbau.ch\\\/#\\\/schema\\\/logo\\\/image\\\/\"}},{\"@type\":\"Person\",\"@id\":\"https:\\\/\\\/www.fachbau.ch\\\/#\\\/schema\\\/person\\\/5f74362d227c002f5e78a1f7dfea5b17\",\"name\":\"Massimo Diana\",\"image\":{\"@type\":\"ImageObject\",\"inLanguage\":\"de\",\"@id\":\"https:\\\/\\\/secure.gravatar.com\\\/avatar\\\/12cb79675e59b7232ceaddf198be9bdfe3981a9c3fb75365a6efc6a8f956a0a7?s=96&d=mm&r=g\",\"url\":\"https:\\\/\\\/secure.gravatar.com\\\/avatar\\\/12cb79675e59b7232ceaddf198be9bdfe3981a9c3fb75365a6efc6a8f956a0a7?s=96&d=mm&r=g\",\"contentUrl\":\"https:\\\/\\\/secure.gravatar.com\\\/avatar\\\/12cb79675e59b7232ceaddf198be9bdfe3981a9c3fb75365a6efc6a8f956a0a7?s=96&d=mm&r=g\",\"caption\":\"Massimo Diana\"},\"url\":\"https:\\\/\\\/www.fachbau.ch\\\/de\\\/author\\\/massimo-diana\\\/\"}]}<\/script>\n<!-- \/ Yoast SEO plugin. -->","yoast_head_json":{"title":"Leistungen der Ingenieure sichtbar machen - fachbau.ch","description":"Der Engineers\u2019 Day 2023 ist bereits wieder vorbei, aber er ist eine Erfolgsgeschichte. An rund 50 Veranstaltungen in der ganzen Schweiz wurde am 4. M\u00e4rz Werbung f\u00fcr den Ingenieurberuf gemacht.","robots":{"index":"index","follow":"follow","max-snippet":"max-snippet:-1","max-image-preview":"max-image-preview:large","max-video-preview":"max-video-preview:-1"},"canonical":"https:\/\/www.fachbau.ch\/de\/die-baustellen\/2023-03-28\/leistungen-der-ingenieure-sichtbar-machen\/","og_locale":"de_DE","og_type":"article","og_title":"Leistungen der Ingenieure sichtbar machen - fachbau.ch","og_description":"Der Engineers\u2019 Day 2023 ist bereits wieder vorbei, aber er ist eine Erfolgsgeschichte. An rund 50 Veranstaltungen in der ganzen Schweiz wurde am 4. M\u00e4rz Werbung f\u00fcr den Ingenieurberuf gemacht.","og_url":"https:\/\/www.fachbau.ch\/de\/die-baustellen\/2023-03-28\/leistungen-der-ingenieure-sichtbar-machen\/","og_site_name":"fachbau.ch","article_published_time":"2023-03-28T09:06:10+00:00","og_image":[{"width":1200,"height":801,"url":"https:\/\/www.fachbau.ch\/wp-content\/uploads\/2023\/03\/engineers_day_02_fachbau.ch_.jpg-scaled-1.jpg","type":"image\/jpeg"}],"author":"Massimo Diana","twitter_card":"summary_large_image","twitter_misc":{"Verfasst von":"Massimo Diana","Gesch\u00e4tzte Lesezeit":"2\u00a0Minuten"},"schema":{"@context":"https:\/\/schema.org","@graph":[{"@type":"Article","@id":"https:\/\/www.fachbau.ch\/die-baustellen\/2023-03-28\/leistungen-der-ingenieure-sichtbar-machen\/#article","isPartOf":{"@id":"https:\/\/www.fachbau.ch\/die-baustellen\/2023-03-28\/leistungen-der-ingenieure-sichtbar-machen\/"},"author":{"name":"Massimo Diana","@id":"https:\/\/www.fachbau.ch\/#\/schema\/person\/5f74362d227c002f5e78a1f7dfea5b17"},"headline":"Leistungen der Ingenieure sichtbar machen","datePublished":"2023-03-28T09:06:10+00:00","mainEntityOfPage":{"@id":"https:\/\/www.fachbau.ch\/die-baustellen\/2023-03-28\/leistungen-der-ingenieure-sichtbar-machen\/"},"wordCount":271,"publisher":{"@id":"https:\/\/www.fachbau.ch\/#organization"},"image":{"@id":"https:\/\/www.fachbau.ch\/die-baustellen\/2023-03-28\/leistungen-der-ingenieure-sichtbar-machen\/#primaryimage"},"thumbnailUrl":"https:\/\/www.fachbau.ch\/wp-content\/uploads\/2023\/03\/engineers_day_02_fachbau.ch_.jpg-scaled-1.jpg","keywords":["Ingenieurberufe","Ingenieurstudium","Ingenieurthemen"],"articleSection":["die baustellen"],"inLanguage":"de"},{"@type":"WebPage","@id":"https:\/\/www.fachbau.ch\/die-baustellen\/2023-03-28\/leistungen-der-ingenieure-sichtbar-machen\/","url":"https:\/\/www.fachbau.ch\/die-baustellen\/2023-03-28\/leistungen-der-ingenieure-sichtbar-machen\/","name":"Leistungen der Ingenieure sichtbar machen - fachbau.ch","isPartOf":{"@id":"https:\/\/www.fachbau.ch\/#website"},"primaryImageOfPage":{"@id":"https:\/\/www.fachbau.ch\/die-baustellen\/2023-03-28\/leistungen-der-ingenieure-sichtbar-machen\/#primaryimage"},"image":{"@id":"https:\/\/www.fachbau.ch\/die-baustellen\/2023-03-28\/leistungen-der-ingenieure-sichtbar-machen\/#primaryimage"},"thumbnailUrl":"https:\/\/www.fachbau.ch\/wp-content\/uploads\/2023\/03\/engineers_day_02_fachbau.ch_.jpg-scaled-1.jpg","datePublished":"2023-03-28T09:06:10+00:00","description":"Der Engineers\u2019 Day 2023 ist bereits wieder vorbei, aber er ist eine Erfolgsgeschichte. An rund 50 Veranstaltungen in der ganzen Schweiz wurde am 4. M\u00e4rz Werbung f\u00fcr den Ingenieurberuf gemacht.","breadcrumb":{"@id":"https:\/\/www.fachbau.ch\/die-baustellen\/2023-03-28\/leistungen-der-ingenieure-sichtbar-machen\/#breadcrumb"},"inLanguage":"de","potentialAction":[{"@type":"ReadAction","target":["https:\/\/www.fachbau.ch\/die-baustellen\/2023-03-28\/leistungen-der-ingenieure-sichtbar-machen\/"]}]},{"@type":"ImageObject","inLanguage":"de","@id":"https:\/\/www.fachbau.ch\/die-baustellen\/2023-03-28\/leistungen-der-ingenieure-sichtbar-machen\/#primaryimage","url":"https:\/\/www.fachbau.ch\/wp-content\/uploads\/2023\/03\/engineers_day_02_fachbau.ch_.jpg-scaled-1.jpg","contentUrl":"https:\/\/www.fachbau.ch\/wp-content\/uploads\/2023\/03\/engineers_day_02_fachbau.ch_.jpg-scaled-1.jpg","width":1200,"height":801},{"@type":"BreadcrumbList","@id":"https:\/\/www.fachbau.ch\/die-baustellen\/2023-03-28\/leistungen-der-ingenieure-sichtbar-machen\/#breadcrumb","itemListElement":[{"@type":"ListItem","position":1,"name":"Startseite","item":"https:\/\/www.fachbau.ch\/"},{"@type":"ListItem","position":2,"name":"Leistungen der Ingenieure sichtbar machen"}]},{"@type":"WebSite","@id":"https:\/\/www.fachbau.ch\/#website","url":"https:\/\/www.fachbau.ch\/","name":"fachbau.ch","description":"Modernes, nachhaltiges Bauen.","publisher":{"@id":"https:\/\/www.fachbau.ch\/#organization"},"potentialAction":[{"@type":"SearchAction","target":{"@type":"EntryPoint","urlTemplate":"https:\/\/www.fachbau.ch\/?s={search_term_string}"},"query-input":{"@type":"PropertyValueSpecification","valueRequired":true,"valueName":"search_term_string"}}],"inLanguage":"de"},{"@type":"Organization","@id":"https:\/\/www.fachbau.ch\/#organization","name":"fachbau.ch","url":"https:\/\/www.fachbau.ch\/","logo":{"@type":"ImageObject","inLanguage":"de","@id":"https:\/\/www.fachbau.ch\/#\/schema\/logo\/image\/","url":"https:\/\/www.fachbau.ch\/wp-content\/uploads\/2021\/12\/Logo_fachbau_ch.png","contentUrl":"https:\/\/www.fachbau.ch\/wp-content\/uploads\/2021\/12\/Logo_fachbau_ch.png","width":283,"height":42,"caption":"fachbau.ch"},"image":{"@id":"https:\/\/www.fachbau.ch\/#\/schema\/logo\/image\/"}},{"@type":"Person","@id":"https:\/\/www.fachbau.ch\/#\/schema\/person\/5f74362d227c002f5e78a1f7dfea5b17","name":"Massimo Diana","image":{"@type":"ImageObject","inLanguage":"de","@id":"https:\/\/secure.gravatar.com\/avatar\/12cb79675e59b7232ceaddf198be9bdfe3981a9c3fb75365a6efc6a8f956a0a7?s=96&d=mm&r=g","url":"https:\/\/secure.gravatar.com\/avatar\/12cb79675e59b7232ceaddf198be9bdfe3981a9c3fb75365a6efc6a8f956a0a7?s=96&d=mm&r=g","contentUrl":"https:\/\/secure.gravatar.com\/avatar\/12cb79675e59b7232ceaddf198be9bdfe3981a9c3fb75365a6efc6a8f956a0a7?s=96&d=mm&r=g","caption":"Massimo Diana"},"url":"https:\/\/www.fachbau.ch\/de\/author\/massimo-diana\/"}]}},"_links":{"self":[{"href":"https:\/\/www.fachbau.ch\/de\/wp-json\/wp\/v2\/posts\/17481","targetHints":{"allow":["GET"]}}],"collection":[{"href":"https:\/\/www.fachbau.ch\/de\/wp-json\/wp\/v2\/posts"}],"about":[{"href":"https:\/\/www.fachbau.ch\/de\/wp-json\/wp\/v2\/types\/post"}],"author":[{"embeddable":true,"href":"https:\/\/www.fachbau.ch\/de\/wp-json\/wp\/v2\/users\/6"}],"replies":[{"embeddable":true,"href":"https:\/\/www.fachbau.ch\/de\/wp-json\/wp\/v2\/comments?post=17481"}],"version-history":[{"count":1,"href":"https:\/\/www.fachbau.ch\/de\/wp-json\/wp\/v2\/posts\/17481\/revisions"}],"predecessor-version":[{"id":18904,"href":"https:\/\/www.fachbau.ch\/de\/wp-json\/wp\/v2\/posts\/17481\/revisions\/18904"}],"wp:featuredmedia":[{"embeddable":true,"href":"https:\/\/www.fachbau.ch\/de\/wp-json\/wp\/v2\/media\/17487"}],"wp:attachment":[{"href":"https:\/\/www.fachbau.ch\/de\/wp-json\/wp\/v2\/media?parent=17481"}],"wp:term":[{"taxonomy":"category","embeddable":true,"href":"https:\/\/www.fachbau.ch\/de\/wp-json\/wp\/v2\/categories?post=17481"},{"taxonomy":"post_tag","embeddable":true,"href":"https:\/\/www.fachbau.ch\/de\/wp-json\/wp\/v2\/tags?post=17481"}],"curies":[{"name":"wp","href":"https:\/\/api.w.org\/{rel}","templated":true}]}}