{"id":12946,"date":"2020-03-06T01:54:35","date_gmt":"2020-03-06T00:54:35","guid":{"rendered":"https:\/\/www.fachbau.ch\/?p=12946"},"modified":"2020-03-06T01:54:35","modified_gmt":"2020-03-06T00:54:35","slug":"drei-linden-und-eine-bank-fuer-den-muensterhof","status":"publish","type":"post","link":"https:\/\/www.fachbau.ch\/de\/die-baustellen\/2020-03-06\/drei-linden-und-eine-bank-fuer-den-muensterhof\/","title":{"rendered":"Drei Linden und eine Bank f\u00fcr den M\u00fcnsterhof"},"content":{"rendered":"<p><img decoding=\"async\" src=\"https:\/\/api.ares4.info\/v0.1\/file\/165\/downloads\/News\/2020\/03%20M%C3%A4rz%202020\/Lindenhof%20Raumgleiter.jpg\" alt=\"\" data-cke-saved-src=\"https:\/\/api.ares4.info\/v0.1\/file\/165\/downloads\/News\/2020\/03%20M%C3%A4rz%202020\/Lindenhof%20Raumgleiter.jpg\" \/><\/p>\n<p>Nicht erst seit der mehrheitlich positiven Erfahrung mit der Kunstinstallation der Sonnensegel von Claudia Comte auf dem M\u00fcnsterhof im August 2017 besteht der Wunsch nach mehr Schatten auf dem Platz. Auch die Befragung im Sommer 2017 zur Erhebung der Qualit\u00e4t des aufgewerteten Stadtraums spiegelte dieses Anliegen wider. Daraufhin pr\u00fcfte das Tiefbauamt diverse M\u00f6glichkeiten f\u00fcr Sonnensegel oder Sonnenschirme auf dem M\u00fcnsterhof. Es zeigte sich, dass der finanzielle und betriebliche Aufwand in Bezug auf Sturmfestigkeit und Bewirtschaftung f\u00fcr eine solche dauerhafte Installation unverh\u00e4ltnism\u00e4ssig sind. Deshalb griff das Tiefbauamt das im urspr\u00fcnglichen Gestaltungsprojekt enthaltene Thema B\u00e4ume wieder auf. Das Tiefbauamt wertete die R\u00fcckmeldungen aus einer Informationsveranstaltung im Januar 2019 aus, beobachtete im Sommer 2019 die Nutzungsbed\u00fcrfnisse w\u00e4hrend des Klimagartens der Klimajugend und des Kunstprojekts von Heinrich Gartentor und pr\u00fcfte Begr\u00fcnungsvarianten. Der Gemeinderat \u00fcberwies seinerseits ein Postulat (GR Nr. 2019\/392) zur Pr\u00fcfung einer Baumbepflanzung.<\/p>\n<p><strong>Beobachtung der Nutzung<\/strong><br \/>\nAus Beobachtungen mit der Zeitraffer-Kamera geht hervor, dass mit steigenden Temperaturen die Aufenthalte auf dem Platz k\u00fcrzer waren und \u00fcberwiegend im Schatten stattfanden. W\u00e4hrend dies zu erwarten war, fiel zus\u00e4tzlich auf, dass die Besuchenden nicht nur den Schatten, sondern besonders auch die N\u00e4he zu Pflanzen suchten. Neben dem Schattenwurf von B\u00e4umen wurden auch die Vegetation des Klimagartens sowie die Sitzkonstruktion des Kunstprojekts f\u00fcr den Aufenthalt genutzt, obwohl beides nur beschr\u00e4nkt Schatten bot.<\/p>\n<p><strong>Mobile B\u00e4ume nicht geeignet<\/strong><br \/>\nMobile B\u00e4ume entwickeln kaum eine schattenspendende Krone. Auch sind sie im Unterhalt aufwendig, sie ben\u00f6tigen gute Verankerungen gegen Wind und Sturm und einen Sondertransport zur Verschiebung. Damit ein Baum gut gedeihen kann, braucht er mindestens 36 m3 Wurzelraum, mobile B\u00e4ume sind darum nicht nachhaltig. Sie k\u00f6nnen sich nicht voll entfalten und klimawirksam werden.<\/p>\n<p><strong>Gebot der Stunde<\/strong><br \/>\n\u00abDie Stadt muss mehr begr\u00fcnt werden\u00bb, so Stadtrat Richard Wolff, \u00abeine Begr\u00fcnung des M\u00fcnsterhofs ist ein historisches Novum, doch jede Generation passt ihre Umgebung den aktuellen Erfordernissen an, und die Erderw\u00e4rmung ist eine neue historische Gegebenheit, ebenso die gr\u00f6ssere Dichte der Bev\u00f6lkerung\u00bb. Aufgrund der Auswertungen des Tiefbauamts und der Empfehlung von Gr\u00fcn Stadt Z\u00fcrich entschied sich der Tiefbauvorsteher f\u00fcr die Pflanzung dreier Winterlinden, die von einer Sitzbank umrundet werden.<\/p>\n<p><strong>Standortkriterien<\/strong><br \/>\nF\u00fcr den richtigen Standort gibt es mehrere Ausschlusskriterien: Werkleitungen im Boden, die Befahrbarkeit f\u00fcr Anlieferungen und Rettungsfahrzeuge, die Nutzung f\u00fcr Anl\u00e4sse, die Sicht auf das Fraum\u00fcnster und das Zunfthaus zur Meisen sowie die Beleuchtungsinstallation und die gesamte Platzgestaltung. Auf dem Platz gibt es nur einen Ort von gen\u00fcgender Gr\u00f6sse, der diesen Rahmenbedingungen entspricht und im Sommer den ganzen Tag der Sonne ausgesetzt ist. Es handelt sich um ein Platzst\u00fcck zwischen Zunfthaus zur Meisen und Leder Locher.<\/p>\n<p><strong>Weiteres Vorgehen<\/strong><br \/>\nDer M\u00fcnsterhof liegt in der arch\u00e4ologischen Schutzzone Altstadt. Die \u00e4ltesten Funde reichen ins Neolithikum zur\u00fcck (um 4000 v.Chr.). Haupts\u00e4chlich liegen bauliche Reste sowie Grabfunde aus r\u00f6mischer Zeit, dem Mittelalter und der Neuzeit vor. Daher werden als n\u00e4chstes arch\u00e4ologische Untersuchungen durchgef\u00fchrt. Geplant ist die Pflanzung der drei Winterlinden f\u00fcr Herbst 2020.<\/p>\n","protected":false},"excerpt":{"rendered":"<p>Nicht erst seit der mehrheitlich positiven Erfahrung mit der Kunstinstallation der Sonnensegel von Claudia Comte auf dem M\u00fcnsterhof im August 2017 besteht der Wunsch nach mehr Schatten auf dem Platz. Auch die Befragung im Sommer 2017 zur Erhebung der Qualit\u00e4t des aufgewerteten Stadtraums spiegelte dieses Anliegen wider. Daraufhin pr\u00fcfte das Tiefbauamt diverse M\u00f6glichkeiten f\u00fcr Sonnensegel [&hellip;]<\/p>\n","protected":false},"author":1,"featured_media":14252,"comment_status":"closed","ping_status":"closed","sticky":false,"template":"","format":"standard","meta":{"_acf_changed":false,"pgc_sgb_lightbox_settings":"","footnotes":""},"categories":[19],"tags":[393,1113,1661],"class_list":["post-12946","post","type-post","status-publish","format-standard","has-post-thumbnail","hentry","category-die-baustellen","tag-das-tiefbauamt","tag-news","tag-winterlinden-und-einer-rundbank"],"acf":[],"yoast_head":"<!-- This site is optimized with the Yoast SEO plugin v27.4 - https:\/\/yoast.com\/product\/yoast-seo-wordpress\/ -->\n<title>Drei Linden und eine Bank f\u00fcr den M\u00fcnsterhof - fachbau.ch<\/title>\n<meta name=\"description\" content=\"Seit der Sanierung und der Neugestaltung des M\u00fcnsterhofs im Fr\u00fchjahr 2016 wurde immer wieder der Wunsch nach Gr\u00fcn und Schatten ge\u00e4ussert. Das Tiefbauamt der Stadt Z\u00fcrich pr\u00fcfte Varianten. Unter Ber\u00fccksichtigung verschiedener Kriterien ergab sich ein Platzst\u00fcck zwischen Zunfthaus zur Meisen und Leder Locher als geeigneter Standort f\u00fcr eine Gruppe von drei Winterlinden und einer Rundbank.\" \/>\n<meta name=\"robots\" content=\"index, follow, max-snippet:-1, max-image-preview:large, max-video-preview:-1\" \/>\n<link rel=\"canonical\" href=\"https:\/\/www.fachbau.ch\/de\/die-baustellen\/2020-03-06\/drei-linden-und-eine-bank-fuer-den-muensterhof\/\" \/>\n<meta property=\"og:locale\" content=\"de_DE\" \/>\n<meta property=\"og:type\" content=\"article\" \/>\n<meta property=\"og:title\" content=\"Drei Linden und eine Bank f\u00fcr den M\u00fcnsterhof - fachbau.ch\" \/>\n<meta property=\"og:description\" content=\"Seit der Sanierung und der Neugestaltung des M\u00fcnsterhofs im Fr\u00fchjahr 2016 wurde immer wieder der Wunsch nach Gr\u00fcn und Schatten ge\u00e4ussert. Das Tiefbauamt der Stadt Z\u00fcrich pr\u00fcfte Varianten. Unter Ber\u00fccksichtigung verschiedener Kriterien ergab sich ein Platzst\u00fcck zwischen Zunfthaus zur Meisen und Leder Locher als geeigneter Standort f\u00fcr eine Gruppe von drei Winterlinden und einer Rundbank.\" \/>\n<meta property=\"og:url\" content=\"https:\/\/www.fachbau.ch\/de\/die-baustellen\/2020-03-06\/drei-linden-und-eine-bank-fuer-den-muensterhof\/\" \/>\n<meta property=\"og:site_name\" content=\"fachbau.ch\" \/>\n<meta property=\"article:published_time\" content=\"2020-03-06T00:54:35+00:00\" \/>\n<meta property=\"og:image\" content=\"https:\/\/www.fachbau.ch\/wp-content\/uploads\/2020\/03\/Drei-Linden-und-eine-Bank-fuer-den-Muensterhof.jpg\" \/>\n\t<meta property=\"og:image:width\" content=\"680\" \/>\n\t<meta property=\"og:image:height\" content=\"453\" \/>\n\t<meta property=\"og:image:type\" content=\"image\/jpeg\" \/>\n<meta name=\"author\" content=\"admin\" \/>\n<meta name=\"twitter:card\" content=\"summary_large_image\" \/>\n<meta name=\"twitter:label1\" content=\"Verfasst von\" \/>\n\t<meta name=\"twitter:data1\" content=\"admin\" \/>\n\t<meta name=\"twitter:label2\" content=\"Gesch\u00e4tzte Lesezeit\" \/>\n\t<meta name=\"twitter:data2\" content=\"3\u00a0Minuten\" \/>\n<script type=\"application\/ld+json\" class=\"yoast-schema-graph\">{\"@context\":\"https:\\\/\\\/schema.org\",\"@graph\":[{\"@type\":\"Article\",\"@id\":\"https:\\\/\\\/www.fachbau.ch\\\/die-baustellen\\\/2020-03-06\\\/drei-linden-und-eine-bank-fuer-den-muensterhof\\\/#article\",\"isPartOf\":{\"@id\":\"https:\\\/\\\/www.fachbau.ch\\\/die-baustellen\\\/2020-03-06\\\/drei-linden-und-eine-bank-fuer-den-muensterhof\\\/\"},\"author\":{\"name\":\"admin\",\"@id\":\"https:\\\/\\\/www.fachbau.ch\\\/#\\\/schema\\\/person\\\/a968f7ff4d60ab3c15afc1e109549603\"},\"headline\":\"Drei Linden und eine Bank f\u00fcr den M\u00fcnsterhof\",\"datePublished\":\"2020-03-06T00:54:35+00:00\",\"mainEntityOfPage\":{\"@id\":\"https:\\\/\\\/www.fachbau.ch\\\/die-baustellen\\\/2020-03-06\\\/drei-linden-und-eine-bank-fuer-den-muensterhof\\\/\"},\"wordCount\":531,\"publisher\":{\"@id\":\"https:\\\/\\\/www.fachbau.ch\\\/#organization\"},\"image\":{\"@id\":\"https:\\\/\\\/www.fachbau.ch\\\/die-baustellen\\\/2020-03-06\\\/drei-linden-und-eine-bank-fuer-den-muensterhof\\\/#primaryimage\"},\"thumbnailUrl\":\"https:\\\/\\\/www.fachbau.ch\\\/wp-content\\\/uploads\\\/2020\\\/03\\\/Drei-Linden-und-eine-Bank-fuer-den-Muensterhof.jpg\",\"keywords\":[\"Das Tiefbauamt\",\"News\",\"Winterlinden und einer Rundbank\"],\"articleSection\":[\"die baustellen\"],\"inLanguage\":\"de\"},{\"@type\":\"WebPage\",\"@id\":\"https:\\\/\\\/www.fachbau.ch\\\/die-baustellen\\\/2020-03-06\\\/drei-linden-und-eine-bank-fuer-den-muensterhof\\\/\",\"url\":\"https:\\\/\\\/www.fachbau.ch\\\/die-baustellen\\\/2020-03-06\\\/drei-linden-und-eine-bank-fuer-den-muensterhof\\\/\",\"name\":\"Drei Linden und eine Bank f\u00fcr den M\u00fcnsterhof - fachbau.ch\",\"isPartOf\":{\"@id\":\"https:\\\/\\\/www.fachbau.ch\\\/#website\"},\"primaryImageOfPage\":{\"@id\":\"https:\\\/\\\/www.fachbau.ch\\\/die-baustellen\\\/2020-03-06\\\/drei-linden-und-eine-bank-fuer-den-muensterhof\\\/#primaryimage\"},\"image\":{\"@id\":\"https:\\\/\\\/www.fachbau.ch\\\/die-baustellen\\\/2020-03-06\\\/drei-linden-und-eine-bank-fuer-den-muensterhof\\\/#primaryimage\"},\"thumbnailUrl\":\"https:\\\/\\\/www.fachbau.ch\\\/wp-content\\\/uploads\\\/2020\\\/03\\\/Drei-Linden-und-eine-Bank-fuer-den-Muensterhof.jpg\",\"datePublished\":\"2020-03-06T00:54:35+00:00\",\"description\":\"Seit der Sanierung und der Neugestaltung des M\u00fcnsterhofs im Fr\u00fchjahr 2016 wurde immer wieder der Wunsch nach Gr\u00fcn und Schatten ge\u00e4ussert. Das Tiefbauamt der Stadt Z\u00fcrich pr\u00fcfte Varianten. Unter Ber\u00fccksichtigung verschiedener Kriterien ergab sich ein Platzst\u00fcck zwischen Zunfthaus zur Meisen und Leder Locher als geeigneter Standort f\u00fcr eine Gruppe von drei Winterlinden und einer Rundbank.\",\"breadcrumb\":{\"@id\":\"https:\\\/\\\/www.fachbau.ch\\\/die-baustellen\\\/2020-03-06\\\/drei-linden-und-eine-bank-fuer-den-muensterhof\\\/#breadcrumb\"},\"inLanguage\":\"de\",\"potentialAction\":[{\"@type\":\"ReadAction\",\"target\":[\"https:\\\/\\\/www.fachbau.ch\\\/die-baustellen\\\/2020-03-06\\\/drei-linden-und-eine-bank-fuer-den-muensterhof\\\/\"]}]},{\"@type\":\"ImageObject\",\"inLanguage\":\"de\",\"@id\":\"https:\\\/\\\/www.fachbau.ch\\\/die-baustellen\\\/2020-03-06\\\/drei-linden-und-eine-bank-fuer-den-muensterhof\\\/#primaryimage\",\"url\":\"https:\\\/\\\/www.fachbau.ch\\\/wp-content\\\/uploads\\\/2020\\\/03\\\/Drei-Linden-und-eine-Bank-fuer-den-Muensterhof.jpg\",\"contentUrl\":\"https:\\\/\\\/www.fachbau.ch\\\/wp-content\\\/uploads\\\/2020\\\/03\\\/Drei-Linden-und-eine-Bank-fuer-den-Muensterhof.jpg\",\"width\":680,\"height\":453,\"caption\":\"Drei Linden und eine Bank f\u00fcr den M\u00fcnsterhof\"},{\"@type\":\"BreadcrumbList\",\"@id\":\"https:\\\/\\\/www.fachbau.ch\\\/die-baustellen\\\/2020-03-06\\\/drei-linden-und-eine-bank-fuer-den-muensterhof\\\/#breadcrumb\",\"itemListElement\":[{\"@type\":\"ListItem\",\"position\":1,\"name\":\"Startseite\",\"item\":\"https:\\\/\\\/www.fachbau.ch\\\/\"},{\"@type\":\"ListItem\",\"position\":2,\"name\":\"Drei Linden und eine Bank f\u00fcr den M\u00fcnsterhof\"}]},{\"@type\":\"WebSite\",\"@id\":\"https:\\\/\\\/www.fachbau.ch\\\/#website\",\"url\":\"https:\\\/\\\/www.fachbau.ch\\\/\",\"name\":\"fachbau.ch\",\"description\":\"Modernes, nachhaltiges Bauen.\",\"publisher\":{\"@id\":\"https:\\\/\\\/www.fachbau.ch\\\/#organization\"},\"potentialAction\":[{\"@type\":\"SearchAction\",\"target\":{\"@type\":\"EntryPoint\",\"urlTemplate\":\"https:\\\/\\\/www.fachbau.ch\\\/?s={search_term_string}\"},\"query-input\":{\"@type\":\"PropertyValueSpecification\",\"valueRequired\":true,\"valueName\":\"search_term_string\"}}],\"inLanguage\":\"de\"},{\"@type\":\"Organization\",\"@id\":\"https:\\\/\\\/www.fachbau.ch\\\/#organization\",\"name\":\"fachbau.ch\",\"url\":\"https:\\\/\\\/www.fachbau.ch\\\/\",\"logo\":{\"@type\":\"ImageObject\",\"inLanguage\":\"de\",\"@id\":\"https:\\\/\\\/www.fachbau.ch\\\/#\\\/schema\\\/logo\\\/image\\\/\",\"url\":\"https:\\\/\\\/www.fachbau.ch\\\/wp-content\\\/uploads\\\/2021\\\/12\\\/Logo_fachbau_ch.png\",\"contentUrl\":\"https:\\\/\\\/www.fachbau.ch\\\/wp-content\\\/uploads\\\/2021\\\/12\\\/Logo_fachbau_ch.png\",\"width\":283,\"height\":42,\"caption\":\"fachbau.ch\"},\"image\":{\"@id\":\"https:\\\/\\\/www.fachbau.ch\\\/#\\\/schema\\\/logo\\\/image\\\/\"}},{\"@type\":\"Person\",\"@id\":\"https:\\\/\\\/www.fachbau.ch\\\/#\\\/schema\\\/person\\\/a968f7ff4d60ab3c15afc1e109549603\",\"name\":\"admin\",\"image\":{\"@type\":\"ImageObject\",\"inLanguage\":\"de\",\"@id\":\"https:\\\/\\\/secure.gravatar.com\\\/avatar\\\/ae2f4d718e6c49043e314ce431e7e645d646302a24a5ef5a8bc8e3f5a032e319?s=96&d=mm&r=g\",\"url\":\"https:\\\/\\\/secure.gravatar.com\\\/avatar\\\/ae2f4d718e6c49043e314ce431e7e645d646302a24a5ef5a8bc8e3f5a032e319?s=96&d=mm&r=g\",\"contentUrl\":\"https:\\\/\\\/secure.gravatar.com\\\/avatar\\\/ae2f4d718e6c49043e314ce431e7e645d646302a24a5ef5a8bc8e3f5a032e319?s=96&d=mm&r=g\",\"caption\":\"admin\"},\"sameAs\":[\"https:\\\/\\\/www.fachbau.ch\"],\"url\":\"https:\\\/\\\/www.fachbau.ch\\\/de\\\/author\\\/admin\\\/\"}]}<\/script>\n<!-- \/ Yoast SEO plugin. -->","yoast_head_json":{"title":"Drei Linden und eine Bank f\u00fcr den M\u00fcnsterhof - fachbau.ch","description":"Seit der Sanierung und der Neugestaltung des M\u00fcnsterhofs im Fr\u00fchjahr 2016 wurde immer wieder der Wunsch nach Gr\u00fcn und Schatten ge\u00e4ussert. Das Tiefbauamt der Stadt Z\u00fcrich pr\u00fcfte Varianten. Unter Ber\u00fccksichtigung verschiedener Kriterien ergab sich ein Platzst\u00fcck zwischen Zunfthaus zur Meisen und Leder Locher als geeigneter Standort f\u00fcr eine Gruppe von drei Winterlinden und einer Rundbank.","robots":{"index":"index","follow":"follow","max-snippet":"max-snippet:-1","max-image-preview":"max-image-preview:large","max-video-preview":"max-video-preview:-1"},"canonical":"https:\/\/www.fachbau.ch\/de\/die-baustellen\/2020-03-06\/drei-linden-und-eine-bank-fuer-den-muensterhof\/","og_locale":"de_DE","og_type":"article","og_title":"Drei Linden und eine Bank f\u00fcr den M\u00fcnsterhof - fachbau.ch","og_description":"Seit der Sanierung und der Neugestaltung des M\u00fcnsterhofs im Fr\u00fchjahr 2016 wurde immer wieder der Wunsch nach Gr\u00fcn und Schatten ge\u00e4ussert. Das Tiefbauamt der Stadt Z\u00fcrich pr\u00fcfte Varianten. Unter Ber\u00fccksichtigung verschiedener Kriterien ergab sich ein Platzst\u00fcck zwischen Zunfthaus zur Meisen und Leder Locher als geeigneter Standort f\u00fcr eine Gruppe von drei Winterlinden und einer Rundbank.","og_url":"https:\/\/www.fachbau.ch\/de\/die-baustellen\/2020-03-06\/drei-linden-und-eine-bank-fuer-den-muensterhof\/","og_site_name":"fachbau.ch","article_published_time":"2020-03-06T00:54:35+00:00","og_image":[{"width":680,"height":453,"url":"https:\/\/www.fachbau.ch\/wp-content\/uploads\/2020\/03\/Drei-Linden-und-eine-Bank-fuer-den-Muensterhof.jpg","type":"image\/jpeg"}],"author":"admin","twitter_card":"summary_large_image","twitter_misc":{"Verfasst von":"admin","Gesch\u00e4tzte Lesezeit":"3\u00a0Minuten"},"schema":{"@context":"https:\/\/schema.org","@graph":[{"@type":"Article","@id":"https:\/\/www.fachbau.ch\/die-baustellen\/2020-03-06\/drei-linden-und-eine-bank-fuer-den-muensterhof\/#article","isPartOf":{"@id":"https:\/\/www.fachbau.ch\/die-baustellen\/2020-03-06\/drei-linden-und-eine-bank-fuer-den-muensterhof\/"},"author":{"name":"admin","@id":"https:\/\/www.fachbau.ch\/#\/schema\/person\/a968f7ff4d60ab3c15afc1e109549603"},"headline":"Drei Linden und eine Bank f\u00fcr den M\u00fcnsterhof","datePublished":"2020-03-06T00:54:35+00:00","mainEntityOfPage":{"@id":"https:\/\/www.fachbau.ch\/die-baustellen\/2020-03-06\/drei-linden-und-eine-bank-fuer-den-muensterhof\/"},"wordCount":531,"publisher":{"@id":"https:\/\/www.fachbau.ch\/#organization"},"image":{"@id":"https:\/\/www.fachbau.ch\/die-baustellen\/2020-03-06\/drei-linden-und-eine-bank-fuer-den-muensterhof\/#primaryimage"},"thumbnailUrl":"https:\/\/www.fachbau.ch\/wp-content\/uploads\/2020\/03\/Drei-Linden-und-eine-Bank-fuer-den-Muensterhof.jpg","keywords":["Das Tiefbauamt","News","Winterlinden und einer Rundbank"],"articleSection":["die baustellen"],"inLanguage":"de"},{"@type":"WebPage","@id":"https:\/\/www.fachbau.ch\/die-baustellen\/2020-03-06\/drei-linden-und-eine-bank-fuer-den-muensterhof\/","url":"https:\/\/www.fachbau.ch\/die-baustellen\/2020-03-06\/drei-linden-und-eine-bank-fuer-den-muensterhof\/","name":"Drei Linden und eine Bank f\u00fcr den M\u00fcnsterhof - fachbau.ch","isPartOf":{"@id":"https:\/\/www.fachbau.ch\/#website"},"primaryImageOfPage":{"@id":"https:\/\/www.fachbau.ch\/die-baustellen\/2020-03-06\/drei-linden-und-eine-bank-fuer-den-muensterhof\/#primaryimage"},"image":{"@id":"https:\/\/www.fachbau.ch\/die-baustellen\/2020-03-06\/drei-linden-und-eine-bank-fuer-den-muensterhof\/#primaryimage"},"thumbnailUrl":"https:\/\/www.fachbau.ch\/wp-content\/uploads\/2020\/03\/Drei-Linden-und-eine-Bank-fuer-den-Muensterhof.jpg","datePublished":"2020-03-06T00:54:35+00:00","description":"Seit der Sanierung und der Neugestaltung des M\u00fcnsterhofs im Fr\u00fchjahr 2016 wurde immer wieder der Wunsch nach Gr\u00fcn und Schatten ge\u00e4ussert. Das Tiefbauamt der Stadt Z\u00fcrich pr\u00fcfte Varianten. Unter Ber\u00fccksichtigung verschiedener Kriterien ergab sich ein Platzst\u00fcck zwischen Zunfthaus zur Meisen und Leder Locher als geeigneter Standort f\u00fcr eine Gruppe von drei Winterlinden und einer Rundbank.","breadcrumb":{"@id":"https:\/\/www.fachbau.ch\/die-baustellen\/2020-03-06\/drei-linden-und-eine-bank-fuer-den-muensterhof\/#breadcrumb"},"inLanguage":"de","potentialAction":[{"@type":"ReadAction","target":["https:\/\/www.fachbau.ch\/die-baustellen\/2020-03-06\/drei-linden-und-eine-bank-fuer-den-muensterhof\/"]}]},{"@type":"ImageObject","inLanguage":"de","@id":"https:\/\/www.fachbau.ch\/die-baustellen\/2020-03-06\/drei-linden-und-eine-bank-fuer-den-muensterhof\/#primaryimage","url":"https:\/\/www.fachbau.ch\/wp-content\/uploads\/2020\/03\/Drei-Linden-und-eine-Bank-fuer-den-Muensterhof.jpg","contentUrl":"https:\/\/www.fachbau.ch\/wp-content\/uploads\/2020\/03\/Drei-Linden-und-eine-Bank-fuer-den-Muensterhof.jpg","width":680,"height":453,"caption":"Drei Linden und eine Bank f\u00fcr den M\u00fcnsterhof"},{"@type":"BreadcrumbList","@id":"https:\/\/www.fachbau.ch\/die-baustellen\/2020-03-06\/drei-linden-und-eine-bank-fuer-den-muensterhof\/#breadcrumb","itemListElement":[{"@type":"ListItem","position":1,"name":"Startseite","item":"https:\/\/www.fachbau.ch\/"},{"@type":"ListItem","position":2,"name":"Drei Linden und eine Bank f\u00fcr den M\u00fcnsterhof"}]},{"@type":"WebSite","@id":"https:\/\/www.fachbau.ch\/#website","url":"https:\/\/www.fachbau.ch\/","name":"fachbau.ch","description":"Modernes, nachhaltiges Bauen.","publisher":{"@id":"https:\/\/www.fachbau.ch\/#organization"},"potentialAction":[{"@type":"SearchAction","target":{"@type":"EntryPoint","urlTemplate":"https:\/\/www.fachbau.ch\/?s={search_term_string}"},"query-input":{"@type":"PropertyValueSpecification","valueRequired":true,"valueName":"search_term_string"}}],"inLanguage":"de"},{"@type":"Organization","@id":"https:\/\/www.fachbau.ch\/#organization","name":"fachbau.ch","url":"https:\/\/www.fachbau.ch\/","logo":{"@type":"ImageObject","inLanguage":"de","@id":"https:\/\/www.fachbau.ch\/#\/schema\/logo\/image\/","url":"https:\/\/www.fachbau.ch\/wp-content\/uploads\/2021\/12\/Logo_fachbau_ch.png","contentUrl":"https:\/\/www.fachbau.ch\/wp-content\/uploads\/2021\/12\/Logo_fachbau_ch.png","width":283,"height":42,"caption":"fachbau.ch"},"image":{"@id":"https:\/\/www.fachbau.ch\/#\/schema\/logo\/image\/"}},{"@type":"Person","@id":"https:\/\/www.fachbau.ch\/#\/schema\/person\/a968f7ff4d60ab3c15afc1e109549603","name":"admin","image":{"@type":"ImageObject","inLanguage":"de","@id":"https:\/\/secure.gravatar.com\/avatar\/ae2f4d718e6c49043e314ce431e7e645d646302a24a5ef5a8bc8e3f5a032e319?s=96&d=mm&r=g","url":"https:\/\/secure.gravatar.com\/avatar\/ae2f4d718e6c49043e314ce431e7e645d646302a24a5ef5a8bc8e3f5a032e319?s=96&d=mm&r=g","contentUrl":"https:\/\/secure.gravatar.com\/avatar\/ae2f4d718e6c49043e314ce431e7e645d646302a24a5ef5a8bc8e3f5a032e319?s=96&d=mm&r=g","caption":"admin"},"sameAs":["https:\/\/www.fachbau.ch"],"url":"https:\/\/www.fachbau.ch\/de\/author\/admin\/"}]}},"_links":{"self":[{"href":"https:\/\/www.fachbau.ch\/de\/wp-json\/wp\/v2\/posts\/12946","targetHints":{"allow":["GET"]}}],"collection":[{"href":"https:\/\/www.fachbau.ch\/de\/wp-json\/wp\/v2\/posts"}],"about":[{"href":"https:\/\/www.fachbau.ch\/de\/wp-json\/wp\/v2\/types\/post"}],"author":[{"embeddable":true,"href":"https:\/\/www.fachbau.ch\/de\/wp-json\/wp\/v2\/users\/1"}],"replies":[{"embeddable":true,"href":"https:\/\/www.fachbau.ch\/de\/wp-json\/wp\/v2\/comments?post=12946"}],"version-history":[{"count":0,"href":"https:\/\/www.fachbau.ch\/de\/wp-json\/wp\/v2\/posts\/12946\/revisions"}],"wp:featuredmedia":[{"embeddable":true,"href":"https:\/\/www.fachbau.ch\/de\/wp-json\/wp\/v2\/media\/14252"}],"wp:attachment":[{"href":"https:\/\/www.fachbau.ch\/de\/wp-json\/wp\/v2\/media?parent=12946"}],"wp:term":[{"taxonomy":"category","embeddable":true,"href":"https:\/\/www.fachbau.ch\/de\/wp-json\/wp\/v2\/categories?post=12946"},{"taxonomy":"post_tag","embeddable":true,"href":"https:\/\/www.fachbau.ch\/de\/wp-json\/wp\/v2\/tags?post=12946"}],"curies":[{"name":"wp","href":"https:\/\/api.w.org\/{rel}","templated":true}]}}