{"id":12544,"date":"2020-06-04T06:24:32","date_gmt":"2020-06-04T04:24:32","guid":{"rendered":"https:\/\/www.fachbau.ch\/?p=12544"},"modified":"2020-06-04T06:24:32","modified_gmt":"2020-06-04T04:24:32","slug":"die-aufholjagt-beginnt","status":"publish","type":"post","link":"https:\/\/www.fachbau.ch\/de\/die-baustellen\/2020-06-04\/die-aufholjagt-beginnt\/","title":{"rendered":"Die Aufholjagt beginnt"},"content":{"rendered":"<p>Mit den nun deutlich gesunkenen Infektions\u00adzahlen und der R\u00fccknahme der Lockdown-Massnahmen spricht alles f\u00fcr eine Erholung im zweiten Halbjahr. F\u00fcr das Gesamtjahr 2020 erwartet BAK einen R\u00fcckgang des Schweizer BIP von -5,8 Prozent (bisher -5,3 Prozent). Im kommenden Jahr soll die Schweizer Wirtschaft dagegen dank der starken Aufholeffekte um 6,0 Prozent (bisher 5,7 Prozent) wachsen, wenn eine ausgepr\u00e4gte zweite Welle vermieden werden kann. BAK hat zus\u00e4tzlich zur Basis\u00adprognose auch ein positives und ein negatives Alternativ\u00adszenario berechnet: Im positiven Verlauf k\u00f6nnte der BIP-Verlust im Jahr 2020 auf -4,5 Prozent limitiert werden. Falls es dagegen Misserfolge bei der Eind\u00e4mmung des Virus gibt und die Schutzmassnahmen im dritten Quartal wieder versch\u00e4rft werden m\u00fcssen, sind 2020 BIP-Verluste im zweistelligen Prozentbereich wahrscheinlich (-12,4 Prozent).<\/p>\n<p><strong>SECO: R\u00fcckgang des Schweizer BIP von 2,6 Prozent im ersten Quartal <\/strong><br \/>\nGem\u00e4ss der Quartals\u00adsch\u00e4tzung des SECO ist die Schweizer Wirtschaft im ersten Quartal 2020 um 2,6 Prozent gegen\u00fcber dem Vorquartal gesunken. Besonders im Gastgewerbe, im Transport und im Handel waren massive Wertsch\u00f6pfungs\u00adr\u00fcckg\u00e4nge zu verzeichnen. Auf der Verwendungsseite gingen vor allem der private Konsum und die Ausr\u00fcstungs\u00adinvestitionen stark zur\u00fcck. Insgesamt haben sich die negativen Effekte der Corona-Krise damit im ersten Quartal etwas st\u00e4rker bemerkbar gemacht als bisher angenommen.<\/p>\n<p><strong>BAK Basisszenario: Tiefpunkt im zweiten Quartal, Normalisierung im zweiten Halbjahr \u00a0<\/strong><br \/>\nIm Basisszenario \u2013 f\u00fcr welches BAK die h\u00f6chste Eintritts\u00adwahr\u00adscheinlichkeit erwartet \u2013 geht BAK davon aus, dass der Tiefpunkt der Corona-Krise im laufenden zweiten Quartal erreicht ist. Zwischen April und Juni rechnet BAK mit einem weiteren Einbruch der Wirtschafts\u00adleistung von mehr als 10 Prozent. Einen Hinweis hierf\u00fcr liefern die ersten verf\u00fcgbaren Daten. Beispielsweise sind die Detailhandelsums\u00e4tze im April um rund 20 Prozent gesunken und auch bei den G\u00fcterexporten und -importen gab es im April ein zweistelliges Minus.<\/p>\n<p>Im dritten Quartal ist dagegen mit einem Gegeneffekt und einem kr\u00e4ftigen Wachstum der Schweizer Wirtschaft von 7,6 Prozent gegen\u00fcber dem Vorquartal zu rechnen. Die in den letzten Wochen schrittweise umgesetzte Lockerung der Schutzmassnahmen hat die wirtschaftliche Situation bereits wieder entspannt, insbesondere in einigen der besonders stark betroffenen Branchen. Ab dem 6. Juni d\u00fcrfen zudem alle noch geschlossenen Betriebe wieder \u00f6ffnen, welche ein Schutzkonzept vorweisen k\u00f6nnen. Einzig bei Grossver\u00adanstaltungen und beim internationalen Tourismus bleiben auch im zweiten Halbjahr noch erhebliche Einschr\u00e4nkungen bestehen.<\/p>\n<p>Im dritten Quartal ist vor allem beim privaten Konsum mit kr\u00e4ftigen Aufholeffekten zu rechnen. Im Schlussquartal und im Jahr 2021 wird sich die Erholung fortsetzen, allerdings wird die Dynamik dann zunehmend durch Einkommens\u00adverluste aufgrund der gestiegenen Kurzarbeits- und Arbeitslosenzahlen begrenzt.<\/p>\n<p>Im Aussenhandel wird es im zweiten Halbjahr ebenfalls zu einer Erholung kommen. Das Wachstum wird aber nicht so dynamisch wie beim Konsum ausfallen, da die verhaltene globale Konjunktur einen Hemmschuh darstellt. In vielen L\u00e4ndern, wie z.B. den USA, sind die Infektions\u00adzahlen noch deutlich h\u00f6her, weshalb die Normalisierung im Vergleich zur Schweiz mit einer gewissen Verz\u00f6gerung verlaufen wird.<\/p>\n<p>Insgesamt schrumpft die Schweizer Wirtschaft im Jahr 2020 um 5,8 Prozent. Im Jahr 2021 schl\u00e4gt die Erholung stark durch und die Schweiz holt einen Grossteil des Verlusts an wirtschaftlicher Aktivit\u00e4t wieder auf (+6,0 Prozent). Zur Erholung tragen auch die Lizenzeinnahmen aus grossen Sportevents (Olympiade und Fussball-EM) bei, die ins Jahr 2021 verschoben wurden. Obwohl sich der Aufholprozess auch 2022 fortsetzt, liegt das BIP-Niveau Ende 2022 um 1,5 Prozent tiefer, als dies ohne die Corona-Krise zu erwarten gewesen w\u00e4re.<\/p>\n<p><em><strong>Das der Basisprognose zugrundeliegende Corona-Szenario:<\/strong><br \/>\nDie im M\u00e4rz eingef\u00fchrten Lockdown-Massnahmen haben die Infektions\u00adzahlen deutlich gesenkt, so dass einige Einschr\u00e4nkungen schrittweise wieder gelockert werden konnten. BAK geht davon aus, dass f\u00fcr die Prognose (Stand 3. Juni 2020) \u2013 wie vom Bundesrat angek\u00fcndigt <\/em>\u2013<em> am 6.\u00a0Juni alle Betriebe \u00f6ffnen k\u00f6nnen, die \u00fcber ein Schutzkonzept verf\u00fcgen und am 15.\u00a0Juni die Grenzen zu den Nachbar\u00adl\u00e4ndern wieder ge\u00f6ffnet werden. Gewisse Einschr\u00e4nkungen beim internationalen Reiseverkehr sowie das Verbot von Grossevents werden jedoch mindestens bis Ende des dritten Quartals bestehen bleiben. Dank Social Distancing, umfangreichen Tests und dem Einsatz von Contact-Tracing-Apps unterstellt BAK in diesem Szenario, dass es trotz der Lockerungen im zweiten Halbjahr nicht zu einer zweiten Pandemie-Welle kommt. Damit verbunden ist die Annahme, dass zu Beginn des Jahres 2021 ein Impfstoff entwickelt ist, so dass alle noch bestehenden Einschr\u00e4nkungen in der Schweiz und weltweit im Verlauf des ersten Halbjahres aufgehoben werden k\u00f6nnen.\u00a0<\/em><\/p>\n<p><strong>Positives Szenario: Schnelle Erholung<\/strong><br \/>\nIm positiven Szenario wird unterstellt, dass es im zweiten Halbjahr zu einer schnelleren wirtschaftlichen Erholung als im Basis\u00adszenario kommt. Schnelle medizinische Fortschritte k\u00f6nnten ein Ausl\u00f6ser hierf\u00fcr sein. Damit normalisiert sich die wirtschaftliche Lage rasch und abgesehen von wenigen Ausnahme\u00adbereichen herrscht ab Juli 2020 weitgehend wieder Normalit\u00e4t f\u00fcr die Wirtschaft. Die steigende Zuversicht unter den Konsumenten und Unternehmen sowie die rasche Wieder\u00adherstellung der internationalen Lieferketten f\u00f6rdern die Erholung. Unterst\u00fctzt wird dies durch Massnahmen seitens der Politik wie expansive Fiskalpakete und koordinierte Vorgehensweisen bei Grenz\u00f6ffnung und Wiederherstellung des internationalen Verkehrs. Im Vergleich zum Basisszenario kommen im positiven Szenario insbesondere von der globalen Konjunktur positivere Impulse.<\/p>\n<p>Insgesamt kommt es ab dem zweiten Halbjahr 2020 in diesem positiven Szenario sowohl in der Schweiz als auch auf globaler Ebene zu einer dynamischen V-f\u00f6rmigen Erholung. Aufgrund des massiven Einbruchs im zweiten Quartal resultiert 2020 zwar dennoch ein R\u00fcckgang des Schweizer BIP um 4,5 Prozent. Das starke Wachstum im Jahr 2021 (+6,7 Prozent) kann jedoch einen Grossteil der Einbussen wieder wettmachen.<\/p>\n<p><strong>Negatives Szenario: Lockdown muss wieder versch\u00e4rft werden<\/strong><br \/>\nIm negativen Szenario wird unterstellt, dass es im Zuge der Lockerungen zu einem Wiederanstieg der Neuinfektionen kommt. Ein Teil der Lockerungen muss daher r\u00fcckg\u00e4ngig gemacht werden und es w\u00fcrden bis ins Fr\u00fchjahr 2021 hinein erhebliche Einschr\u00e4nkungen bestehen bleiben. Sollte sich die Pandemie in Richtung dieses Szenarios bewegen, kommt es neben den Ausf\u00e4llen durch die langanhaltende Blockade wirtschaftlicher Aktivit\u00e4ten auch zu immer mehr Folgesch\u00e4den. Neben Konkursen, Arbeitslosigkeit und vermindertem Welthandel k\u00f6nnte die auf staatlicher und privater Ebene stark ansteigende Verschuldung zudem erhebliche Turbulenzen auf den globalen Finanzm\u00e4rkten bewirken.<\/p>\n<p>In diesem negativen Szenario resultiert eine nochmals massive versch\u00e4rfte Rezession mit einem BIP-Verlust von -12,4 Prozent im Jahr 2020. Noch gravierender sind jedoch die langanhaltenden Sch\u00e4den: Selbst nach Beendigung des Lockdowns im Fr\u00fchjahr 2021 f\u00e4llt die Erholung verhalten aus, da die Risikoaversion der Unternehmen und Konsumenten noch lange auf hohem Niveau bleibt. Zudem f\u00fchrt die Konkurswelle zu gravierenden Einbussen beim Produktions\u00adpotenzial. Im Jahr 2021 w\u00e4chst die Schweizer Wirtschaft angesichts des vorherigen Einbruchs nur minimal um 2,3 Prozent. Erst 2022 kommt es zu einer sp\u00fcrbaren Erholung, aber Ende 2022 liegt das BIP in der Schweizer immer noch um rund 7 Prozent tiefer, als dies ohne Corona m\u00f6glich gewesen w\u00e4re.<\/p>\n<p>Die detaillierten Prognose-Tabellen werdenam 15. Juni auf <a href=\"https:\/\/www.bak-economics.com\/\" target=\"_blank\" rel=\"noopener\" data-cke-saved-href=\"https:\/\/www.bak-economics.com\/\">www.bak-economics.com<\/a> ver\u00f6ffentlicht.<\/p>\n","protected":false},"excerpt":{"rendered":"<p>Mit den nun deutlich gesunkenen Infektions\u00adzahlen und der R\u00fccknahme der Lockdown-Massnahmen spricht alles f\u00fcr eine Erholung im zweiten Halbjahr. F\u00fcr das Gesamtjahr 2020 erwartet BAK einen R\u00fcckgang des Schweizer BIP von -5,8 Prozent (bisher -5,3 Prozent). Im kommenden Jahr soll die Schweizer Wirtschaft dagegen dank der starken Aufholeffekte um 6,0 Prozent (bisher 5,7 Prozent) wachsen, [&hellip;]<\/p>\n","protected":false},"author":1,"featured_media":14182,"comment_status":"closed","ping_status":"closed","sticky":false,"template":"","format":"standard","meta":{"_acf_changed":false,"pgc_sgb_lightbox_settings":"","footnotes":""},"categories":[19],"tags":[449,1113,1331,1335],"class_list":["post-12544","post","type-post","status-publish","format-standard","has-post-thumbnail","hentry","category-die-baustellen","tag-einbruch","tag-news","tag-schweizer-wirtschaft","tag-seco"],"acf":[],"yoast_head":"<!-- This site is optimized with the Yoast SEO plugin v27.5 - https:\/\/yoast.com\/product\/yoast-seo-wordpress\/ -->\n<title>Die Aufholjagt beginnt - fachbau.ch<\/title>\n<meta name=\"description\" content=\"Die Corona-Krise und der damit verbundene Lockdown haben der Schweizer Wirtschaft bereits im ersten Quartal einen kr\u00e4ftigen Einbruch beschert, der sich im zweiten Quartal weiter akzentuiert: BAK geht davon aus, dass die Wirtschafts\u00adleistung zwischen April und Juni im zweistelligen Prozentbereich einbricht. Damit ist der Tiefpunkt erreicht.\" \/>\n<meta name=\"robots\" content=\"index, follow, max-snippet:-1, max-image-preview:large, max-video-preview:-1\" \/>\n<link rel=\"canonical\" href=\"https:\/\/www.fachbau.ch\/de\/die-baustellen\/2020-06-04\/die-aufholjagt-beginnt\/\" \/>\n<meta property=\"og:locale\" content=\"de_DE\" \/>\n<meta property=\"og:type\" content=\"article\" \/>\n<meta property=\"og:title\" content=\"Die Aufholjagt beginnt - fachbau.ch\" \/>\n<meta property=\"og:description\" content=\"Die Corona-Krise und der damit verbundene Lockdown haben der Schweizer Wirtschaft bereits im ersten Quartal einen kr\u00e4ftigen Einbruch beschert, der sich im zweiten Quartal weiter akzentuiert: BAK geht davon aus, dass die Wirtschafts\u00adleistung zwischen April und Juni im zweistelligen Prozentbereich einbricht. Damit ist der Tiefpunkt erreicht.\" \/>\n<meta property=\"og:url\" content=\"https:\/\/www.fachbau.ch\/de\/die-baustellen\/2020-06-04\/die-aufholjagt-beginnt\/\" \/>\n<meta property=\"og:site_name\" content=\"fachbau.ch\" \/>\n<meta property=\"article:published_time\" content=\"2020-06-04T04:24:32+00:00\" \/>\n<meta property=\"og:image\" content=\"https:\/\/www.fachbau.ch\/wp-content\/uploads\/2020\/06\/Die-Aufholjagt-beginnt-1.jpg\" \/>\n\t<meta property=\"og:image:width\" content=\"680\" \/>\n\t<meta property=\"og:image:height\" content=\"453\" \/>\n\t<meta property=\"og:image:type\" content=\"image\/jpeg\" \/>\n<meta name=\"author\" content=\"admin\" \/>\n<meta name=\"twitter:card\" content=\"summary_large_image\" \/>\n<meta name=\"twitter:label1\" content=\"Verfasst von\" \/>\n\t<meta name=\"twitter:data1\" content=\"admin\" \/>\n\t<meta name=\"twitter:label2\" content=\"Gesch\u00e4tzte Lesezeit\" \/>\n\t<meta name=\"twitter:data2\" content=\"5\u00a0Minuten\" \/>\n<script type=\"application\/ld+json\" class=\"yoast-schema-graph\">{\"@context\":\"https:\\\/\\\/schema.org\",\"@graph\":[{\"@type\":\"Article\",\"@id\":\"https:\\\/\\\/www.fachbau.ch\\\/die-baustellen\\\/2020-06-04\\\/die-aufholjagt-beginnt\\\/#article\",\"isPartOf\":{\"@id\":\"https:\\\/\\\/www.fachbau.ch\\\/die-baustellen\\\/2020-06-04\\\/die-aufholjagt-beginnt\\\/\"},\"author\":{\"name\":\"admin\",\"@id\":\"https:\\\/\\\/www.fachbau.ch\\\/#\\\/schema\\\/person\\\/a968f7ff4d60ab3c15afc1e109549603\"},\"headline\":\"Die Aufholjagt beginnt\",\"datePublished\":\"2020-06-04T04:24:32+00:00\",\"mainEntityOfPage\":{\"@id\":\"https:\\\/\\\/www.fachbau.ch\\\/die-baustellen\\\/2020-06-04\\\/die-aufholjagt-beginnt\\\/\"},\"wordCount\":1126,\"publisher\":{\"@id\":\"https:\\\/\\\/www.fachbau.ch\\\/#organization\"},\"image\":{\"@id\":\"https:\\\/\\\/www.fachbau.ch\\\/die-baustellen\\\/2020-06-04\\\/die-aufholjagt-beginnt\\\/#primaryimage\"},\"thumbnailUrl\":\"https:\\\/\\\/www.fachbau.ch\\\/wp-content\\\/uploads\\\/2020\\\/06\\\/Die-Aufholjagt-beginnt-1.jpg\",\"keywords\":[\"Einbruch\",\"News\",\"Schweizer Wirtschaft\",\"SECO\"],\"articleSection\":[\"die baustellen\"],\"inLanguage\":\"de\"},{\"@type\":\"WebPage\",\"@id\":\"https:\\\/\\\/www.fachbau.ch\\\/die-baustellen\\\/2020-06-04\\\/die-aufholjagt-beginnt\\\/\",\"url\":\"https:\\\/\\\/www.fachbau.ch\\\/die-baustellen\\\/2020-06-04\\\/die-aufholjagt-beginnt\\\/\",\"name\":\"Die Aufholjagt beginnt - fachbau.ch\",\"isPartOf\":{\"@id\":\"https:\\\/\\\/www.fachbau.ch\\\/#website\"},\"primaryImageOfPage\":{\"@id\":\"https:\\\/\\\/www.fachbau.ch\\\/die-baustellen\\\/2020-06-04\\\/die-aufholjagt-beginnt\\\/#primaryimage\"},\"image\":{\"@id\":\"https:\\\/\\\/www.fachbau.ch\\\/die-baustellen\\\/2020-06-04\\\/die-aufholjagt-beginnt\\\/#primaryimage\"},\"thumbnailUrl\":\"https:\\\/\\\/www.fachbau.ch\\\/wp-content\\\/uploads\\\/2020\\\/06\\\/Die-Aufholjagt-beginnt-1.jpg\",\"datePublished\":\"2020-06-04T04:24:32+00:00\",\"description\":\"Die Corona-Krise und der damit verbundene Lockdown haben der Schweizer Wirtschaft bereits im ersten Quartal einen kr\u00e4ftigen Einbruch beschert, der sich im zweiten Quartal weiter akzentuiert: BAK geht davon aus, dass die Wirtschafts\u00adleistung zwischen April und Juni im zweistelligen Prozentbereich einbricht. Damit ist der Tiefpunkt erreicht.\",\"breadcrumb\":{\"@id\":\"https:\\\/\\\/www.fachbau.ch\\\/die-baustellen\\\/2020-06-04\\\/die-aufholjagt-beginnt\\\/#breadcrumb\"},\"inLanguage\":\"de\",\"potentialAction\":[{\"@type\":\"ReadAction\",\"target\":[\"https:\\\/\\\/www.fachbau.ch\\\/die-baustellen\\\/2020-06-04\\\/die-aufholjagt-beginnt\\\/\"]}]},{\"@type\":\"ImageObject\",\"inLanguage\":\"de\",\"@id\":\"https:\\\/\\\/www.fachbau.ch\\\/die-baustellen\\\/2020-06-04\\\/die-aufholjagt-beginnt\\\/#primaryimage\",\"url\":\"https:\\\/\\\/www.fachbau.ch\\\/wp-content\\\/uploads\\\/2020\\\/06\\\/Die-Aufholjagt-beginnt-1.jpg\",\"contentUrl\":\"https:\\\/\\\/www.fachbau.ch\\\/wp-content\\\/uploads\\\/2020\\\/06\\\/Die-Aufholjagt-beginnt-1.jpg\",\"width\":680,\"height\":453,\"caption\":\"Crises Due To Coronavirus\"},{\"@type\":\"BreadcrumbList\",\"@id\":\"https:\\\/\\\/www.fachbau.ch\\\/die-baustellen\\\/2020-06-04\\\/die-aufholjagt-beginnt\\\/#breadcrumb\",\"itemListElement\":[{\"@type\":\"ListItem\",\"position\":1,\"name\":\"Startseite\",\"item\":\"https:\\\/\\\/www.fachbau.ch\\\/\"},{\"@type\":\"ListItem\",\"position\":2,\"name\":\"Die Aufholjagt beginnt\"}]},{\"@type\":\"WebSite\",\"@id\":\"https:\\\/\\\/www.fachbau.ch\\\/#website\",\"url\":\"https:\\\/\\\/www.fachbau.ch\\\/\",\"name\":\"fachbau.ch\",\"description\":\"Modernes, nachhaltiges Bauen.\",\"publisher\":{\"@id\":\"https:\\\/\\\/www.fachbau.ch\\\/#organization\"},\"potentialAction\":[{\"@type\":\"SearchAction\",\"target\":{\"@type\":\"EntryPoint\",\"urlTemplate\":\"https:\\\/\\\/www.fachbau.ch\\\/?s={search_term_string}\"},\"query-input\":{\"@type\":\"PropertyValueSpecification\",\"valueRequired\":true,\"valueName\":\"search_term_string\"}}],\"inLanguage\":\"de\"},{\"@type\":\"Organization\",\"@id\":\"https:\\\/\\\/www.fachbau.ch\\\/#organization\",\"name\":\"fachbau.ch\",\"url\":\"https:\\\/\\\/www.fachbau.ch\\\/\",\"logo\":{\"@type\":\"ImageObject\",\"inLanguage\":\"de\",\"@id\":\"https:\\\/\\\/www.fachbau.ch\\\/#\\\/schema\\\/logo\\\/image\\\/\",\"url\":\"https:\\\/\\\/www.fachbau.ch\\\/wp-content\\\/uploads\\\/2021\\\/12\\\/Logo_fachbau_ch.png\",\"contentUrl\":\"https:\\\/\\\/www.fachbau.ch\\\/wp-content\\\/uploads\\\/2021\\\/12\\\/Logo_fachbau_ch.png\",\"width\":283,\"height\":42,\"caption\":\"fachbau.ch\"},\"image\":{\"@id\":\"https:\\\/\\\/www.fachbau.ch\\\/#\\\/schema\\\/logo\\\/image\\\/\"}},{\"@type\":\"Person\",\"@id\":\"https:\\\/\\\/www.fachbau.ch\\\/#\\\/schema\\\/person\\\/a968f7ff4d60ab3c15afc1e109549603\",\"name\":\"admin\",\"image\":{\"@type\":\"ImageObject\",\"inLanguage\":\"de\",\"@id\":\"https:\\\/\\\/secure.gravatar.com\\\/avatar\\\/ae2f4d718e6c49043e314ce431e7e645d646302a24a5ef5a8bc8e3f5a032e319?s=96&d=mm&r=g\",\"url\":\"https:\\\/\\\/secure.gravatar.com\\\/avatar\\\/ae2f4d718e6c49043e314ce431e7e645d646302a24a5ef5a8bc8e3f5a032e319?s=96&d=mm&r=g\",\"contentUrl\":\"https:\\\/\\\/secure.gravatar.com\\\/avatar\\\/ae2f4d718e6c49043e314ce431e7e645d646302a24a5ef5a8bc8e3f5a032e319?s=96&d=mm&r=g\",\"caption\":\"admin\"},\"sameAs\":[\"https:\\\/\\\/www.fachbau.ch\"],\"url\":\"https:\\\/\\\/www.fachbau.ch\\\/de\\\/author\\\/admin\\\/\"}]}<\/script>\n<!-- \/ Yoast SEO plugin. -->","yoast_head_json":{"title":"Die Aufholjagt beginnt - fachbau.ch","description":"Die Corona-Krise und der damit verbundene Lockdown haben der Schweizer Wirtschaft bereits im ersten Quartal einen kr\u00e4ftigen Einbruch beschert, der sich im zweiten Quartal weiter akzentuiert: BAK geht davon aus, dass die Wirtschafts\u00adleistung zwischen April und Juni im zweistelligen Prozentbereich einbricht. Damit ist der Tiefpunkt erreicht.","robots":{"index":"index","follow":"follow","max-snippet":"max-snippet:-1","max-image-preview":"max-image-preview:large","max-video-preview":"max-video-preview:-1"},"canonical":"https:\/\/www.fachbau.ch\/de\/die-baustellen\/2020-06-04\/die-aufholjagt-beginnt\/","og_locale":"de_DE","og_type":"article","og_title":"Die Aufholjagt beginnt - fachbau.ch","og_description":"Die Corona-Krise und der damit verbundene Lockdown haben der Schweizer Wirtschaft bereits im ersten Quartal einen kr\u00e4ftigen Einbruch beschert, der sich im zweiten Quartal weiter akzentuiert: BAK geht davon aus, dass die Wirtschafts\u00adleistung zwischen April und Juni im zweistelligen Prozentbereich einbricht. Damit ist der Tiefpunkt erreicht.","og_url":"https:\/\/www.fachbau.ch\/de\/die-baustellen\/2020-06-04\/die-aufholjagt-beginnt\/","og_site_name":"fachbau.ch","article_published_time":"2020-06-04T04:24:32+00:00","og_image":[{"width":680,"height":453,"url":"https:\/\/www.fachbau.ch\/wp-content\/uploads\/2020\/06\/Die-Aufholjagt-beginnt-1.jpg","type":"image\/jpeg"}],"author":"admin","twitter_card":"summary_large_image","twitter_misc":{"Verfasst von":"admin","Gesch\u00e4tzte Lesezeit":"5\u00a0Minuten"},"schema":{"@context":"https:\/\/schema.org","@graph":[{"@type":"Article","@id":"https:\/\/www.fachbau.ch\/die-baustellen\/2020-06-04\/die-aufholjagt-beginnt\/#article","isPartOf":{"@id":"https:\/\/www.fachbau.ch\/die-baustellen\/2020-06-04\/die-aufholjagt-beginnt\/"},"author":{"name":"admin","@id":"https:\/\/www.fachbau.ch\/#\/schema\/person\/a968f7ff4d60ab3c15afc1e109549603"},"headline":"Die Aufholjagt beginnt","datePublished":"2020-06-04T04:24:32+00:00","mainEntityOfPage":{"@id":"https:\/\/www.fachbau.ch\/die-baustellen\/2020-06-04\/die-aufholjagt-beginnt\/"},"wordCount":1126,"publisher":{"@id":"https:\/\/www.fachbau.ch\/#organization"},"image":{"@id":"https:\/\/www.fachbau.ch\/die-baustellen\/2020-06-04\/die-aufholjagt-beginnt\/#primaryimage"},"thumbnailUrl":"https:\/\/www.fachbau.ch\/wp-content\/uploads\/2020\/06\/Die-Aufholjagt-beginnt-1.jpg","keywords":["Einbruch","News","Schweizer Wirtschaft","SECO"],"articleSection":["die baustellen"],"inLanguage":"de"},{"@type":"WebPage","@id":"https:\/\/www.fachbau.ch\/die-baustellen\/2020-06-04\/die-aufholjagt-beginnt\/","url":"https:\/\/www.fachbau.ch\/die-baustellen\/2020-06-04\/die-aufholjagt-beginnt\/","name":"Die Aufholjagt beginnt - fachbau.ch","isPartOf":{"@id":"https:\/\/www.fachbau.ch\/#website"},"primaryImageOfPage":{"@id":"https:\/\/www.fachbau.ch\/die-baustellen\/2020-06-04\/die-aufholjagt-beginnt\/#primaryimage"},"image":{"@id":"https:\/\/www.fachbau.ch\/die-baustellen\/2020-06-04\/die-aufholjagt-beginnt\/#primaryimage"},"thumbnailUrl":"https:\/\/www.fachbau.ch\/wp-content\/uploads\/2020\/06\/Die-Aufholjagt-beginnt-1.jpg","datePublished":"2020-06-04T04:24:32+00:00","description":"Die Corona-Krise und der damit verbundene Lockdown haben der Schweizer Wirtschaft bereits im ersten Quartal einen kr\u00e4ftigen Einbruch beschert, der sich im zweiten Quartal weiter akzentuiert: BAK geht davon aus, dass die Wirtschafts\u00adleistung zwischen April und Juni im zweistelligen Prozentbereich einbricht. Damit ist der Tiefpunkt erreicht.","breadcrumb":{"@id":"https:\/\/www.fachbau.ch\/die-baustellen\/2020-06-04\/die-aufholjagt-beginnt\/#breadcrumb"},"inLanguage":"de","potentialAction":[{"@type":"ReadAction","target":["https:\/\/www.fachbau.ch\/die-baustellen\/2020-06-04\/die-aufholjagt-beginnt\/"]}]},{"@type":"ImageObject","inLanguage":"de","@id":"https:\/\/www.fachbau.ch\/die-baustellen\/2020-06-04\/die-aufholjagt-beginnt\/#primaryimage","url":"https:\/\/www.fachbau.ch\/wp-content\/uploads\/2020\/06\/Die-Aufholjagt-beginnt-1.jpg","contentUrl":"https:\/\/www.fachbau.ch\/wp-content\/uploads\/2020\/06\/Die-Aufholjagt-beginnt-1.jpg","width":680,"height":453,"caption":"Crises Due To Coronavirus"},{"@type":"BreadcrumbList","@id":"https:\/\/www.fachbau.ch\/die-baustellen\/2020-06-04\/die-aufholjagt-beginnt\/#breadcrumb","itemListElement":[{"@type":"ListItem","position":1,"name":"Startseite","item":"https:\/\/www.fachbau.ch\/"},{"@type":"ListItem","position":2,"name":"Die Aufholjagt beginnt"}]},{"@type":"WebSite","@id":"https:\/\/www.fachbau.ch\/#website","url":"https:\/\/www.fachbau.ch\/","name":"fachbau.ch","description":"Modernes, nachhaltiges Bauen.","publisher":{"@id":"https:\/\/www.fachbau.ch\/#organization"},"potentialAction":[{"@type":"SearchAction","target":{"@type":"EntryPoint","urlTemplate":"https:\/\/www.fachbau.ch\/?s={search_term_string}"},"query-input":{"@type":"PropertyValueSpecification","valueRequired":true,"valueName":"search_term_string"}}],"inLanguage":"de"},{"@type":"Organization","@id":"https:\/\/www.fachbau.ch\/#organization","name":"fachbau.ch","url":"https:\/\/www.fachbau.ch\/","logo":{"@type":"ImageObject","inLanguage":"de","@id":"https:\/\/www.fachbau.ch\/#\/schema\/logo\/image\/","url":"https:\/\/www.fachbau.ch\/wp-content\/uploads\/2021\/12\/Logo_fachbau_ch.png","contentUrl":"https:\/\/www.fachbau.ch\/wp-content\/uploads\/2021\/12\/Logo_fachbau_ch.png","width":283,"height":42,"caption":"fachbau.ch"},"image":{"@id":"https:\/\/www.fachbau.ch\/#\/schema\/logo\/image\/"}},{"@type":"Person","@id":"https:\/\/www.fachbau.ch\/#\/schema\/person\/a968f7ff4d60ab3c15afc1e109549603","name":"admin","image":{"@type":"ImageObject","inLanguage":"de","@id":"https:\/\/secure.gravatar.com\/avatar\/ae2f4d718e6c49043e314ce431e7e645d646302a24a5ef5a8bc8e3f5a032e319?s=96&d=mm&r=g","url":"https:\/\/secure.gravatar.com\/avatar\/ae2f4d718e6c49043e314ce431e7e645d646302a24a5ef5a8bc8e3f5a032e319?s=96&d=mm&r=g","contentUrl":"https:\/\/secure.gravatar.com\/avatar\/ae2f4d718e6c49043e314ce431e7e645d646302a24a5ef5a8bc8e3f5a032e319?s=96&d=mm&r=g","caption":"admin"},"sameAs":["https:\/\/www.fachbau.ch"],"url":"https:\/\/www.fachbau.ch\/de\/author\/admin\/"}]}},"_links":{"self":[{"href":"https:\/\/www.fachbau.ch\/de\/wp-json\/wp\/v2\/posts\/12544","targetHints":{"allow":["GET"]}}],"collection":[{"href":"https:\/\/www.fachbau.ch\/de\/wp-json\/wp\/v2\/posts"}],"about":[{"href":"https:\/\/www.fachbau.ch\/de\/wp-json\/wp\/v2\/types\/post"}],"author":[{"embeddable":true,"href":"https:\/\/www.fachbau.ch\/de\/wp-json\/wp\/v2\/users\/1"}],"replies":[{"embeddable":true,"href":"https:\/\/www.fachbau.ch\/de\/wp-json\/wp\/v2\/comments?post=12544"}],"version-history":[{"count":0,"href":"https:\/\/www.fachbau.ch\/de\/wp-json\/wp\/v2\/posts\/12544\/revisions"}],"wp:featuredmedia":[{"embeddable":true,"href":"https:\/\/www.fachbau.ch\/de\/wp-json\/wp\/v2\/media\/14182"}],"wp:attachment":[{"href":"https:\/\/www.fachbau.ch\/de\/wp-json\/wp\/v2\/media?parent=12544"}],"wp:term":[{"taxonomy":"category","embeddable":true,"href":"https:\/\/www.fachbau.ch\/de\/wp-json\/wp\/v2\/categories?post=12544"},{"taxonomy":"post_tag","embeddable":true,"href":"https:\/\/www.fachbau.ch\/de\/wp-json\/wp\/v2\/tags?post=12544"}],"curies":[{"name":"wp","href":"https:\/\/api.w.org\/{rel}","templated":true}]}}