{"id":12250,"date":"2020-08-31T01:24:14","date_gmt":"2020-08-30T23:24:14","guid":{"rendered":"https:\/\/www.fachbau.ch\/?p=12250"},"modified":"2020-08-31T01:24:14","modified_gmt":"2020-08-30T23:24:14","slug":"cellere-bau-mit-neuer-geschaeftsleitung","status":"publish","type":"post","link":"https:\/\/www.fachbau.ch\/de\/die-baustellen\/2020-08-31\/cellere-bau-mit-neuer-geschaeftsleitung\/","title":{"rendered":"Cellere Bau mit neuer Gesch\u00e4ftsleitung"},"content":{"rendered":"<figure style=\"width: 1600px\" class=\"wp-caption alignnone\"><img loading=\"lazy\" decoding=\"async\" src=\"https:\/\/api.ares4.info\/v0.1\/file\/165\/downloads\/Management%20%26%20Karriere\/2020\/08%20August%202020\/Cellere%20Neue%20Gesch%C3%A4ftsleitung%202021.jpg\" alt=\"\" width=\"1600\" height=\"1067\" data-cke-saved-src=\"https:\/\/api.ares4.info\/v0.1\/file\/165\/downloads\/Management%20%26%20Karriere\/2020\/08%20August%202020\/Cellere%20Neue%20Gesch%C3%A4ftsleitung%202021.jpg\" \/><figcaption class=\"wp-caption-text\">v.l. Alejandro Cerd\u00e1n, Martin B\u00e4nziger, Marco Cellere, Marcel Hausammann, Urs Neff<\/figcaption><\/figure>\n<p>Die bisherige Regionen\u00adaufteilung mit den jeweiligen Gesch\u00e4fts\u00adstellen wurde umstrukturiert, sodass ab Januar das deutsch- und italienisch\u00adsprachige Marktgebiet in drei Regionen unterteilt ist:<br \/>\nRegion Ost: Marktgebiete St.Gallen, Graub\u00fcnden, Schaffhausen<br \/>\nRegion Mitte: Marktgebiete Aargau, Solothurn, Z\u00fcrich, Thurgau<br \/>\nRegion S\u00fcd: Marktgebiete Zentralschweiz, Tessin<\/p>\n<p>Die Leiter der Regionen Ost, Mitte und S\u00fcd f\u00fchren die entsprechenden Marktgebiete und nehmen neu ebenfalls Einsitz in der Gesch\u00e4fts\u00adleitung. Die Zentralen Dienste und die Immobilien werden weiterhin von Marco Cellere geleitet. Auch bleibt er Vorsitzender der Gesch\u00e4fts\u00adleitung. Die \u00fcberregional agierenden Sparten Infrastrukturbau und Grossprojekte fungieren als Stabsstellen der Gesch\u00e4ftsleitung. Als Leiter Finanzen ist Marcel Hausammann neu ebenfalls Mitglied der Gesch\u00e4ftsleitung.<\/p>\n<p><strong>Verbesserte Koordination und Nutzung von Synergien<\/strong><br \/>\nDas Ziel der neuen Organisation ist es, die Gesch\u00e4fts\u00adleitung breiter abzust\u00fctzen. Dank der Einbeziehung der Regionen\u00adleiter in die Gesch\u00e4fts\u00adleitung kann agiler auf Ver\u00e4nderungen reagiert werden. Die Kommunikation zwischen den Marktgebieten wird verbessert und Entscheide werden fundiert begr\u00fcndet. Zudem werden regionen\u00ad\u00fcber\u00adgreifende Projekte und Grossauftr\u00e4ge einfacher koordiniert.<\/p>\n","protected":false},"excerpt":{"rendered":"<p>Die bisherige Regionen\u00adaufteilung mit den jeweiligen Gesch\u00e4fts\u00adstellen wurde umstrukturiert, sodass ab Januar das deutsch- und italienisch\u00adsprachige Marktgebiet in drei Regionen unterteilt ist: Region Ost: Marktgebiete St.Gallen, Graub\u00fcnden, Schaffhausen Region Mitte: Marktgebiete Aargau, Solothurn, Z\u00fcrich, Thurgau Region S\u00fcd: Marktgebiete Zentralschweiz, Tessin Die Leiter der Regionen Ost, Mitte und S\u00fcd f\u00fchren die entsprechenden Marktgebiete und nehmen neu [&hellip;]<\/p>\n","protected":false},"author":1,"featured_media":14122,"comment_status":"closed","ping_status":"closed","sticky":false,"template":"","format":"standard","meta":{"_acf_changed":false,"pgc_sgb_lightbox_settings":"","footnotes":""},"categories":[19],"tags":[75,416,679,1005,1007,1113],"class_list":["post-12250","post","type-post","status-publish","format-standard","has-post-thumbnail","hentry","category-die-baustellen","tag-archic","tag-die-cellere-gruppe","tag-geschaeftsleiterstruktur","tag-management-karriere","tag-marco-cellere-und-roger-fahrer","tag-news"],"acf":[],"yoast_head":"<!-- This site is optimized with the Yoast SEO plugin v27.4 - https:\/\/yoast.com\/product\/yoast-seo-wordpress\/ -->\n<title>Cellere Bau mit neuer Gesch\u00e4ftsleitung - fachbau.ch<\/title>\n<meta name=\"description\" content=\"Die Cellere-Gruppe organisiert sich neu. Ab 1.\u00a0Januar 2021 werden die bisherige Gruppen\u00adleitung, bestehend aus Marco Cellere und Roger Fahrer, sowie die Gesch\u00e4fts\u00adleiter\u00adstruktur reorganisiert.\" \/>\n<meta name=\"robots\" content=\"index, follow, max-snippet:-1, max-image-preview:large, max-video-preview:-1\" \/>\n<link rel=\"canonical\" href=\"https:\/\/www.fachbau.ch\/de\/die-baustellen\/2020-08-31\/cellere-bau-mit-neuer-geschaeftsleitung\/\" \/>\n<meta property=\"og:locale\" content=\"de_DE\" \/>\n<meta property=\"og:type\" content=\"article\" \/>\n<meta property=\"og:title\" content=\"Cellere Bau mit neuer Gesch\u00e4ftsleitung - fachbau.ch\" \/>\n<meta property=\"og:description\" content=\"Die Cellere-Gruppe organisiert sich neu. Ab 1.\u00a0Januar 2021 werden die bisherige Gruppen\u00adleitung, bestehend aus Marco Cellere und Roger Fahrer, sowie die Gesch\u00e4fts\u00adleiter\u00adstruktur reorganisiert.\" \/>\n<meta property=\"og:url\" content=\"https:\/\/www.fachbau.ch\/de\/die-baustellen\/2020-08-31\/cellere-bau-mit-neuer-geschaeftsleitung\/\" \/>\n<meta property=\"og:site_name\" content=\"fachbau.ch\" \/>\n<meta property=\"article:published_time\" content=\"2020-08-30T23:24:14+00:00\" \/>\n<meta property=\"og:image\" content=\"https:\/\/www.fachbau.ch\/wp-content\/uploads\/2020\/08\/Cellere-Bau-mit-neuer-Geschaeftsleitung.jpg\" \/>\n\t<meta property=\"og:image:width\" content=\"680\" \/>\n\t<meta property=\"og:image:height\" content=\"453\" \/>\n\t<meta property=\"og:image:type\" content=\"image\/jpeg\" \/>\n<meta name=\"author\" content=\"admin\" \/>\n<meta name=\"twitter:card\" content=\"summary_large_image\" \/>\n<meta name=\"twitter:label1\" content=\"Verfasst von\" \/>\n\t<meta name=\"twitter:data1\" content=\"admin\" \/>\n\t<meta name=\"twitter:label2\" content=\"Gesch\u00e4tzte Lesezeit\" \/>\n\t<meta name=\"twitter:data2\" content=\"1\u00a0Minute\" \/>\n<script type=\"application\/ld+json\" class=\"yoast-schema-graph\">{\"@context\":\"https:\\\/\\\/schema.org\",\"@graph\":[{\"@type\":\"Article\",\"@id\":\"https:\\\/\\\/www.fachbau.ch\\\/die-baustellen\\\/2020-08-31\\\/cellere-bau-mit-neuer-geschaeftsleitung\\\/#article\",\"isPartOf\":{\"@id\":\"https:\\\/\\\/www.fachbau.ch\\\/die-baustellen\\\/2020-08-31\\\/cellere-bau-mit-neuer-geschaeftsleitung\\\/\"},\"author\":{\"name\":\"admin\",\"@id\":\"https:\\\/\\\/www.fachbau.ch\\\/#\\\/schema\\\/person\\\/a968f7ff4d60ab3c15afc1e109549603\"},\"headline\":\"Cellere Bau mit neuer Gesch\u00e4ftsleitung\",\"datePublished\":\"2020-08-30T23:24:14+00:00\",\"mainEntityOfPage\":{\"@id\":\"https:\\\/\\\/www.fachbau.ch\\\/die-baustellen\\\/2020-08-31\\\/cellere-bau-mit-neuer-geschaeftsleitung\\\/\"},\"wordCount\":205,\"publisher\":{\"@id\":\"https:\\\/\\\/www.fachbau.ch\\\/#organization\"},\"image\":{\"@id\":\"https:\\\/\\\/www.fachbau.ch\\\/die-baustellen\\\/2020-08-31\\\/cellere-bau-mit-neuer-geschaeftsleitung\\\/#primaryimage\"},\"thumbnailUrl\":\"https:\\\/\\\/www.fachbau.ch\\\/wp-content\\\/uploads\\\/2020\\\/08\\\/Cellere-Bau-mit-neuer-Geschaeftsleitung.jpg\",\"keywords\":[\"Archic\",\"Die Cellere-Gruppe\",\"Gesch\u00e4fts\u00adleiter\u00adstruktur\",\"Management &amp; Karriere\",\"Marco Cellere und Roger Fahrer\",\"News\"],\"articleSection\":[\"die baustellen\"],\"inLanguage\":\"de\"},{\"@type\":\"WebPage\",\"@id\":\"https:\\\/\\\/www.fachbau.ch\\\/die-baustellen\\\/2020-08-31\\\/cellere-bau-mit-neuer-geschaeftsleitung\\\/\",\"url\":\"https:\\\/\\\/www.fachbau.ch\\\/die-baustellen\\\/2020-08-31\\\/cellere-bau-mit-neuer-geschaeftsleitung\\\/\",\"name\":\"Cellere Bau mit neuer Gesch\u00e4ftsleitung - fachbau.ch\",\"isPartOf\":{\"@id\":\"https:\\\/\\\/www.fachbau.ch\\\/#website\"},\"primaryImageOfPage\":{\"@id\":\"https:\\\/\\\/www.fachbau.ch\\\/die-baustellen\\\/2020-08-31\\\/cellere-bau-mit-neuer-geschaeftsleitung\\\/#primaryimage\"},\"image\":{\"@id\":\"https:\\\/\\\/www.fachbau.ch\\\/die-baustellen\\\/2020-08-31\\\/cellere-bau-mit-neuer-geschaeftsleitung\\\/#primaryimage\"},\"thumbnailUrl\":\"https:\\\/\\\/www.fachbau.ch\\\/wp-content\\\/uploads\\\/2020\\\/08\\\/Cellere-Bau-mit-neuer-Geschaeftsleitung.jpg\",\"datePublished\":\"2020-08-30T23:24:14+00:00\",\"description\":\"Die Cellere-Gruppe organisiert sich neu. Ab 1.\u00a0Januar 2021 werden die bisherige Gruppen\u00adleitung, bestehend aus Marco Cellere und Roger Fahrer, sowie die Gesch\u00e4fts\u00adleiter\u00adstruktur reorganisiert.\",\"breadcrumb\":{\"@id\":\"https:\\\/\\\/www.fachbau.ch\\\/die-baustellen\\\/2020-08-31\\\/cellere-bau-mit-neuer-geschaeftsleitung\\\/#breadcrumb\"},\"inLanguage\":\"de\",\"potentialAction\":[{\"@type\":\"ReadAction\",\"target\":[\"https:\\\/\\\/www.fachbau.ch\\\/die-baustellen\\\/2020-08-31\\\/cellere-bau-mit-neuer-geschaeftsleitung\\\/\"]}]},{\"@type\":\"ImageObject\",\"inLanguage\":\"de\",\"@id\":\"https:\\\/\\\/www.fachbau.ch\\\/die-baustellen\\\/2020-08-31\\\/cellere-bau-mit-neuer-geschaeftsleitung\\\/#primaryimage\",\"url\":\"https:\\\/\\\/www.fachbau.ch\\\/wp-content\\\/uploads\\\/2020\\\/08\\\/Cellere-Bau-mit-neuer-Geschaeftsleitung.jpg\",\"contentUrl\":\"https:\\\/\\\/www.fachbau.ch\\\/wp-content\\\/uploads\\\/2020\\\/08\\\/Cellere-Bau-mit-neuer-Geschaeftsleitung.jpg\",\"width\":680,\"height\":453,\"caption\":\"Cellere Bau mit neuer Gesch\u00e4ftsleitung\"},{\"@type\":\"BreadcrumbList\",\"@id\":\"https:\\\/\\\/www.fachbau.ch\\\/die-baustellen\\\/2020-08-31\\\/cellere-bau-mit-neuer-geschaeftsleitung\\\/#breadcrumb\",\"itemListElement\":[{\"@type\":\"ListItem\",\"position\":1,\"name\":\"Startseite\",\"item\":\"https:\\\/\\\/www.fachbau.ch\\\/\"},{\"@type\":\"ListItem\",\"position\":2,\"name\":\"Cellere Bau mit neuer Gesch\u00e4ftsleitung\"}]},{\"@type\":\"WebSite\",\"@id\":\"https:\\\/\\\/www.fachbau.ch\\\/#website\",\"url\":\"https:\\\/\\\/www.fachbau.ch\\\/\",\"name\":\"fachbau.ch\",\"description\":\"Modernes, nachhaltiges Bauen.\",\"publisher\":{\"@id\":\"https:\\\/\\\/www.fachbau.ch\\\/#organization\"},\"potentialAction\":[{\"@type\":\"SearchAction\",\"target\":{\"@type\":\"EntryPoint\",\"urlTemplate\":\"https:\\\/\\\/www.fachbau.ch\\\/?s={search_term_string}\"},\"query-input\":{\"@type\":\"PropertyValueSpecification\",\"valueRequired\":true,\"valueName\":\"search_term_string\"}}],\"inLanguage\":\"de\"},{\"@type\":\"Organization\",\"@id\":\"https:\\\/\\\/www.fachbau.ch\\\/#organization\",\"name\":\"fachbau.ch\",\"url\":\"https:\\\/\\\/www.fachbau.ch\\\/\",\"logo\":{\"@type\":\"ImageObject\",\"inLanguage\":\"de\",\"@id\":\"https:\\\/\\\/www.fachbau.ch\\\/#\\\/schema\\\/logo\\\/image\\\/\",\"url\":\"https:\\\/\\\/www.fachbau.ch\\\/wp-content\\\/uploads\\\/2021\\\/12\\\/Logo_fachbau_ch.png\",\"contentUrl\":\"https:\\\/\\\/www.fachbau.ch\\\/wp-content\\\/uploads\\\/2021\\\/12\\\/Logo_fachbau_ch.png\",\"width\":283,\"height\":42,\"caption\":\"fachbau.ch\"},\"image\":{\"@id\":\"https:\\\/\\\/www.fachbau.ch\\\/#\\\/schema\\\/logo\\\/image\\\/\"}},{\"@type\":\"Person\",\"@id\":\"https:\\\/\\\/www.fachbau.ch\\\/#\\\/schema\\\/person\\\/a968f7ff4d60ab3c15afc1e109549603\",\"name\":\"admin\",\"image\":{\"@type\":\"ImageObject\",\"inLanguage\":\"de\",\"@id\":\"https:\\\/\\\/secure.gravatar.com\\\/avatar\\\/ae2f4d718e6c49043e314ce431e7e645d646302a24a5ef5a8bc8e3f5a032e319?s=96&d=mm&r=g\",\"url\":\"https:\\\/\\\/secure.gravatar.com\\\/avatar\\\/ae2f4d718e6c49043e314ce431e7e645d646302a24a5ef5a8bc8e3f5a032e319?s=96&d=mm&r=g\",\"contentUrl\":\"https:\\\/\\\/secure.gravatar.com\\\/avatar\\\/ae2f4d718e6c49043e314ce431e7e645d646302a24a5ef5a8bc8e3f5a032e319?s=96&d=mm&r=g\",\"caption\":\"admin\"},\"sameAs\":[\"https:\\\/\\\/www.fachbau.ch\"],\"url\":\"https:\\\/\\\/www.fachbau.ch\\\/de\\\/author\\\/admin\\\/\"}]}<\/script>\n<!-- \/ Yoast SEO plugin. -->","yoast_head_json":{"title":"Cellere Bau mit neuer Gesch\u00e4ftsleitung - fachbau.ch","description":"Die Cellere-Gruppe organisiert sich neu. Ab 1.\u00a0Januar 2021 werden die bisherige Gruppen\u00adleitung, bestehend aus Marco Cellere und Roger Fahrer, sowie die Gesch\u00e4fts\u00adleiter\u00adstruktur reorganisiert.","robots":{"index":"index","follow":"follow","max-snippet":"max-snippet:-1","max-image-preview":"max-image-preview:large","max-video-preview":"max-video-preview:-1"},"canonical":"https:\/\/www.fachbau.ch\/de\/die-baustellen\/2020-08-31\/cellere-bau-mit-neuer-geschaeftsleitung\/","og_locale":"de_DE","og_type":"article","og_title":"Cellere Bau mit neuer Gesch\u00e4ftsleitung - fachbau.ch","og_description":"Die Cellere-Gruppe organisiert sich neu. Ab 1.\u00a0Januar 2021 werden die bisherige Gruppen\u00adleitung, bestehend aus Marco Cellere und Roger Fahrer, sowie die Gesch\u00e4fts\u00adleiter\u00adstruktur reorganisiert.","og_url":"https:\/\/www.fachbau.ch\/de\/die-baustellen\/2020-08-31\/cellere-bau-mit-neuer-geschaeftsleitung\/","og_site_name":"fachbau.ch","article_published_time":"2020-08-30T23:24:14+00:00","og_image":[{"width":680,"height":453,"url":"https:\/\/www.fachbau.ch\/wp-content\/uploads\/2020\/08\/Cellere-Bau-mit-neuer-Geschaeftsleitung.jpg","type":"image\/jpeg"}],"author":"admin","twitter_card":"summary_large_image","twitter_misc":{"Verfasst von":"admin","Gesch\u00e4tzte Lesezeit":"1\u00a0Minute"},"schema":{"@context":"https:\/\/schema.org","@graph":[{"@type":"Article","@id":"https:\/\/www.fachbau.ch\/die-baustellen\/2020-08-31\/cellere-bau-mit-neuer-geschaeftsleitung\/#article","isPartOf":{"@id":"https:\/\/www.fachbau.ch\/die-baustellen\/2020-08-31\/cellere-bau-mit-neuer-geschaeftsleitung\/"},"author":{"name":"admin","@id":"https:\/\/www.fachbau.ch\/#\/schema\/person\/a968f7ff4d60ab3c15afc1e109549603"},"headline":"Cellere Bau mit neuer Gesch\u00e4ftsleitung","datePublished":"2020-08-30T23:24:14+00:00","mainEntityOfPage":{"@id":"https:\/\/www.fachbau.ch\/die-baustellen\/2020-08-31\/cellere-bau-mit-neuer-geschaeftsleitung\/"},"wordCount":205,"publisher":{"@id":"https:\/\/www.fachbau.ch\/#organization"},"image":{"@id":"https:\/\/www.fachbau.ch\/die-baustellen\/2020-08-31\/cellere-bau-mit-neuer-geschaeftsleitung\/#primaryimage"},"thumbnailUrl":"https:\/\/www.fachbau.ch\/wp-content\/uploads\/2020\/08\/Cellere-Bau-mit-neuer-Geschaeftsleitung.jpg","keywords":["Archic","Die Cellere-Gruppe","Gesch\u00e4fts\u00adleiter\u00adstruktur","Management &amp; Karriere","Marco Cellere und Roger Fahrer","News"],"articleSection":["die baustellen"],"inLanguage":"de"},{"@type":"WebPage","@id":"https:\/\/www.fachbau.ch\/die-baustellen\/2020-08-31\/cellere-bau-mit-neuer-geschaeftsleitung\/","url":"https:\/\/www.fachbau.ch\/die-baustellen\/2020-08-31\/cellere-bau-mit-neuer-geschaeftsleitung\/","name":"Cellere Bau mit neuer Gesch\u00e4ftsleitung - fachbau.ch","isPartOf":{"@id":"https:\/\/www.fachbau.ch\/#website"},"primaryImageOfPage":{"@id":"https:\/\/www.fachbau.ch\/die-baustellen\/2020-08-31\/cellere-bau-mit-neuer-geschaeftsleitung\/#primaryimage"},"image":{"@id":"https:\/\/www.fachbau.ch\/die-baustellen\/2020-08-31\/cellere-bau-mit-neuer-geschaeftsleitung\/#primaryimage"},"thumbnailUrl":"https:\/\/www.fachbau.ch\/wp-content\/uploads\/2020\/08\/Cellere-Bau-mit-neuer-Geschaeftsleitung.jpg","datePublished":"2020-08-30T23:24:14+00:00","description":"Die Cellere-Gruppe organisiert sich neu. Ab 1.\u00a0Januar 2021 werden die bisherige Gruppen\u00adleitung, bestehend aus Marco Cellere und Roger Fahrer, sowie die Gesch\u00e4fts\u00adleiter\u00adstruktur reorganisiert.","breadcrumb":{"@id":"https:\/\/www.fachbau.ch\/die-baustellen\/2020-08-31\/cellere-bau-mit-neuer-geschaeftsleitung\/#breadcrumb"},"inLanguage":"de","potentialAction":[{"@type":"ReadAction","target":["https:\/\/www.fachbau.ch\/die-baustellen\/2020-08-31\/cellere-bau-mit-neuer-geschaeftsleitung\/"]}]},{"@type":"ImageObject","inLanguage":"de","@id":"https:\/\/www.fachbau.ch\/die-baustellen\/2020-08-31\/cellere-bau-mit-neuer-geschaeftsleitung\/#primaryimage","url":"https:\/\/www.fachbau.ch\/wp-content\/uploads\/2020\/08\/Cellere-Bau-mit-neuer-Geschaeftsleitung.jpg","contentUrl":"https:\/\/www.fachbau.ch\/wp-content\/uploads\/2020\/08\/Cellere-Bau-mit-neuer-Geschaeftsleitung.jpg","width":680,"height":453,"caption":"Cellere Bau mit neuer Gesch\u00e4ftsleitung"},{"@type":"BreadcrumbList","@id":"https:\/\/www.fachbau.ch\/die-baustellen\/2020-08-31\/cellere-bau-mit-neuer-geschaeftsleitung\/#breadcrumb","itemListElement":[{"@type":"ListItem","position":1,"name":"Startseite","item":"https:\/\/www.fachbau.ch\/"},{"@type":"ListItem","position":2,"name":"Cellere Bau mit neuer Gesch\u00e4ftsleitung"}]},{"@type":"WebSite","@id":"https:\/\/www.fachbau.ch\/#website","url":"https:\/\/www.fachbau.ch\/","name":"fachbau.ch","description":"Modernes, nachhaltiges Bauen.","publisher":{"@id":"https:\/\/www.fachbau.ch\/#organization"},"potentialAction":[{"@type":"SearchAction","target":{"@type":"EntryPoint","urlTemplate":"https:\/\/www.fachbau.ch\/?s={search_term_string}"},"query-input":{"@type":"PropertyValueSpecification","valueRequired":true,"valueName":"search_term_string"}}],"inLanguage":"de"},{"@type":"Organization","@id":"https:\/\/www.fachbau.ch\/#organization","name":"fachbau.ch","url":"https:\/\/www.fachbau.ch\/","logo":{"@type":"ImageObject","inLanguage":"de","@id":"https:\/\/www.fachbau.ch\/#\/schema\/logo\/image\/","url":"https:\/\/www.fachbau.ch\/wp-content\/uploads\/2021\/12\/Logo_fachbau_ch.png","contentUrl":"https:\/\/www.fachbau.ch\/wp-content\/uploads\/2021\/12\/Logo_fachbau_ch.png","width":283,"height":42,"caption":"fachbau.ch"},"image":{"@id":"https:\/\/www.fachbau.ch\/#\/schema\/logo\/image\/"}},{"@type":"Person","@id":"https:\/\/www.fachbau.ch\/#\/schema\/person\/a968f7ff4d60ab3c15afc1e109549603","name":"admin","image":{"@type":"ImageObject","inLanguage":"de","@id":"https:\/\/secure.gravatar.com\/avatar\/ae2f4d718e6c49043e314ce431e7e645d646302a24a5ef5a8bc8e3f5a032e319?s=96&d=mm&r=g","url":"https:\/\/secure.gravatar.com\/avatar\/ae2f4d718e6c49043e314ce431e7e645d646302a24a5ef5a8bc8e3f5a032e319?s=96&d=mm&r=g","contentUrl":"https:\/\/secure.gravatar.com\/avatar\/ae2f4d718e6c49043e314ce431e7e645d646302a24a5ef5a8bc8e3f5a032e319?s=96&d=mm&r=g","caption":"admin"},"sameAs":["https:\/\/www.fachbau.ch"],"url":"https:\/\/www.fachbau.ch\/de\/author\/admin\/"}]}},"_links":{"self":[{"href":"https:\/\/www.fachbau.ch\/de\/wp-json\/wp\/v2\/posts\/12250","targetHints":{"allow":["GET"]}}],"collection":[{"href":"https:\/\/www.fachbau.ch\/de\/wp-json\/wp\/v2\/posts"}],"about":[{"href":"https:\/\/www.fachbau.ch\/de\/wp-json\/wp\/v2\/types\/post"}],"author":[{"embeddable":true,"href":"https:\/\/www.fachbau.ch\/de\/wp-json\/wp\/v2\/users\/1"}],"replies":[{"embeddable":true,"href":"https:\/\/www.fachbau.ch\/de\/wp-json\/wp\/v2\/comments?post=12250"}],"version-history":[{"count":0,"href":"https:\/\/www.fachbau.ch\/de\/wp-json\/wp\/v2\/posts\/12250\/revisions"}],"wp:featuredmedia":[{"embeddable":true,"href":"https:\/\/www.fachbau.ch\/de\/wp-json\/wp\/v2\/media\/14122"}],"wp:attachment":[{"href":"https:\/\/www.fachbau.ch\/de\/wp-json\/wp\/v2\/media?parent=12250"}],"wp:term":[{"taxonomy":"category","embeddable":true,"href":"https:\/\/www.fachbau.ch\/de\/wp-json\/wp\/v2\/categories?post=12250"},{"taxonomy":"post_tag","embeddable":true,"href":"https:\/\/www.fachbau.ch\/de\/wp-json\/wp\/v2\/tags?post=12250"}],"curies":[{"name":"wp","href":"https:\/\/api.w.org\/{rel}","templated":true}]}}