{"id":12171,"date":"2021-01-11T18:45:05","date_gmt":"2021-01-11T17:45:05","guid":{"rendered":"https:\/\/www.fachbau.ch\/?p=12171"},"modified":"2021-01-11T18:45:05","modified_gmt":"2021-01-11T17:45:05","slug":"adrian-thomann-neuer-ceo-der-bereuter-gruppe","status":"publish","type":"post","link":"https:\/\/www.fachbau.ch\/de\/die-baustellen\/2021-01-11\/adrian-thomann-neuer-ceo-der-bereuter-gruppe\/","title":{"rendered":"Adrian Thomann: neuer CEO der Bereuter-Gruppe"},"content":{"rendered":"<h3><\/h3>\n<p><img loading=\"lazy\" decoding=\"async\" src=\"https:\/\/api.ares4.info\/v0.1\/file\/165\/downloads\/Management%20%26%20Karriere\/2021\/01%20Januar%202021\/Adrian%20Thomann%20Marco%20Bereuter.jpg\" alt=\"\" width=\"1600\" height=\"854\" data-cke-saved-src=\"https:\/\/api.ares4.info\/v0.1\/file\/165\/downloads\/Management%20%26%20Karriere\/2021\/01%20Januar%202021\/Adrian%20Thomann%20Marco%20Bereuter.jpg\" \/><\/p>\n<p>Adrian Thomann hat per 1.\u00a0Januar 2021 die Funktion des Chief Executive Officer (CEO) der Bereuter-Gruppe und gleichzeitig die Gesch\u00e4fts\u00adf\u00fchrung der Bereuter Holding\u00a0AG \u00fcbernommen. Er folgt in diesen Funktionen auf Alleinaktion\u00e4r Marco Bereuter, der die Gruppe seit 2001 als gesch\u00e4fts\u00adf\u00fchrender Inhaber leitete.<\/p>\n<p>Adrian Thomann trat im M\u00e4rz 2015 als Gesch\u00e4ftsf\u00fchrer der Bereuter Baugrubentechnik\u00a0AG in die Bereuter-Gruppe ein. Mit dem Entscheid, die operative Leitung anzustreben, wurde er im August 2018 Mitglied des Verwaltungsrats. Zuvor war der 44-j\u00e4hrige dipl. Bauingenieur w\u00e4hrend rund zehn Jahren als Bauf\u00fchrer im Bereich R\u00fcckbau, Aushub, Erdbau und seit 2008 als stv.\u00a0Leiter der Abteilung Bauleistungen einer im Kanton Z\u00fcrich ans\u00e4ssigen Tiefbauunternehmung t\u00e4tig.<\/p>\n<p>\u00abIch blicke meiner neuen Aufgabe mit grosser Vorfreude entgegen und bin top motiviert, mich mit der ganzen Bereuter-Gruppe den Heraus\u00adforderungen der Zukunft zu stellen\u00bb, so Thomann.<\/p>\n<p>\u00abDass es gelungen ist, mit Adrian Thomann einen fachlich sowie menschlich hervorragend passenden Mann anzuziehen und aufzubauen, dem ich diese Funktion des CEO voller Vertrauen \u00fcbergebe, freut mich sehr\u00bb, sagt Marco Bereuter.<\/p>\n<p>Marco Bereuter \u00fcbernahm im Jahr 2001 alle Aktien des Familienbetriebs von Vater Heinrich Bereuter. Die damalige Bereuter\u00a0AG besch\u00e4ftigte 80 Mitarbeitende und machte 25 Millionen Franken Umsatz. Dies in den Bereichen Hoch-\/Tiefbau, Kieswerk\/Transport, der Kompos\u00a0AG sowie der Gefas-Bereuter Sprengtechnik\u00a0AG, die alle unter demselben Firmendach versammelt waren. In enger Zusammen\u00adarbeit mit Hans-Peter Fritsche, von dem er nun das Pr\u00e4sidium des Verwaltungsrats \u00fcbernimmt, gelang es Bereuter in den folgenden Jahren, moderne Strukturen auf- und die Gesch\u00e4ftst\u00e4tigkeit sukzessive auszubauen. Heute realisiert die Gruppe mit 220 Mitarbeitenden einen j\u00e4hrlichen Umsatz von rund 60 Millionen Franken.<\/p>\n<p>Per 1.\u00a0Januar 2021 gibt der 55-j\u00e4hrige Bereuter nebst dem CEO-Posten auch die Gesch\u00e4ftsf\u00fchrung der Bereuter Bau\u00a0AG ab. \u00abIn der Rolle des Pr\u00e4sidenten des Verwaltungsrats will ich mich verst\u00e4rkt auf jene Aspekte konzentrieren, die f\u00fcr die Bereuter-Gruppe l\u00e4ngerfristig strategisch wichtig sind\u00bb, so Bereuter. Weiterhin f\u00fchren wird er die nicht operativen Bereiche der Gruppe sowie die Bereuter Totalunternehmung\u00a0AG. Die Besitzverh\u00e4ltnisse bleiben unver\u00e4ndert.<\/p>\n<p>Durch Marco Bereuters R\u00fcckzug aus dem operativen Tagesgesch\u00e4ft und Adrian Thomanns Wechsel auf den CEO-Posten kommt es in der Bereuter-Gruppe zu einer Reihe weiterer Ver\u00e4nderungen auf Gesch\u00e4fts\u00adf\u00fchrerstufe. Mit Marcel Tanner \u00fcbernimmt ein externer Nachfolger die Gesch\u00e4ftsf\u00fchrung der Bereuter Bau\u00a0AG. Bei der Bereuter Baugrubentechnik AG \u00fcbernimmt mit Reto M\u00fcller der bisherige Stellvertreter Thomanns die Verantwortung. Dasselbe bei der Bereuter\u00a0AG, wo Ueli Wiesmann in Pension geht und mit Jens Neidhart der bisherige Stellvertreter die Gesch\u00e4ftsf\u00fchrung \u00fcbernimmt. Neidhart f\u00fchrt zugleich die neue Bereuter Bodenaufwertung AG, in welche die j\u00fcngst \u00fcbernommene Egli Rekultivierung GmbH umfirmiert wurde. Die Gesch\u00e4ftsf\u00fchrung der Baur &amp; Cie\u00a0AG \u00fcbernimmt Ivo M\u00fcller, der das Unternehmen seit April 2020 interimistisch leitete.<\/p>\n<p>Die Bereuter-Gruppe deckt mit ihren Sparten und Untergruppen praktisch das ganze Bauspektrum ab. Nebst Projektentwicklung, Projekt\u00admanagement und Projekt-Engineering verf\u00fcgt die Gruppe zugleich \u00fcber die F\u00e4higkeit der Inhouse-Realisierung. Damit bietet die Gruppe ihren Kunden eine einzigartige Leistungsf\u00e4higkeit \u00fcber alle Bauphasen hinweg. Die dokumentierten Wurzeln des familiengef\u00fchrten Traditions\u00adunternehmens reichen zur\u00fcck bis ins Jahr 1671, als Vorfahre Jakob Bereuter von der Gemeinde Unterillnau einen Baumeisterauftrag f\u00fcr den Neubau der Landschreiberei Kyburg erhielt. 2021 feiert das Unternehmen deshalb das 350-Jahr-Jubil\u00e4um.<\/p>\n","protected":false},"excerpt":{"rendered":"<p>Adrian Thomann hat per 1.\u00a0Januar 2021 die Funktion des Chief Executive Officer (CEO) der Bereuter-Gruppe und gleichzeitig die Gesch\u00e4fts\u00adf\u00fchrung der Bereuter Holding\u00a0AG \u00fcbernommen. Er folgt in diesen Funktionen auf Alleinaktion\u00e4r Marco Bereuter, der die Gruppe seit 2001 als gesch\u00e4fts\u00adf\u00fchrender Inhaber leitete. Adrian Thomann trat im M\u00e4rz 2015 als Gesch\u00e4ftsf\u00fchrer der Bereuter Baugrubentechnik\u00a0AG in die Bereuter-Gruppe [&hellip;]<\/p>\n","protected":false},"author":1,"featured_media":14718,"comment_status":"closed","ping_status":"closed","sticky":false,"template":"","format":"standard","meta":{"_acf_changed":false,"pgc_sgb_lightbox_settings":"","footnotes":""},"categories":[19],"tags":[1005],"class_list":["post-12171","post","type-post","status-publish","format-standard","has-post-thumbnail","hentry","category-die-baustellen","tag-management-karriere"],"acf":[],"yoast_head":"<!-- This site is optimized with the Yoast SEO plugin v27.4 - https:\/\/yoast.com\/product\/yoast-seo-wordpress\/ -->\n<title>Adrian Thomann: neuer CEO der Bereuter-Gruppe - fachbau.ch<\/title>\n<meta name=\"description\" content=\"Per 1.\u00a0Januar 2021 hat Adrian Thomann die operative Leitung der Bereuter-Gruppe \u00fcbernommen.\" \/>\n<meta name=\"robots\" content=\"index, follow, max-snippet:-1, max-image-preview:large, max-video-preview:-1\" \/>\n<link rel=\"canonical\" href=\"https:\/\/www.fachbau.ch\/de\/die-baustellen\/2021-01-11\/adrian-thomann-neuer-ceo-der-bereuter-gruppe\/\" \/>\n<meta property=\"og:locale\" content=\"de_DE\" \/>\n<meta property=\"og:type\" content=\"article\" \/>\n<meta property=\"og:title\" content=\"Adrian Thomann: neuer CEO der Bereuter-Gruppe - fachbau.ch\" \/>\n<meta property=\"og:description\" content=\"Per 1.\u00a0Januar 2021 hat Adrian Thomann die operative Leitung der Bereuter-Gruppe \u00fcbernommen.\" \/>\n<meta property=\"og:url\" content=\"https:\/\/www.fachbau.ch\/de\/die-baustellen\/2021-01-11\/adrian-thomann-neuer-ceo-der-bereuter-gruppe\/\" \/>\n<meta property=\"og:site_name\" content=\"fachbau.ch\" \/>\n<meta property=\"article:published_time\" content=\"2021-01-11T17:45:05+00:00\" \/>\n<meta property=\"og:image\" content=\"https:\/\/www.fachbau.ch\/wp-content\/uploads\/2021\/01\/Adrian-Thomann-Marco-Bereuter-scaled-1.jpeg\" \/>\n\t<meta property=\"og:image:width\" content=\"1200\" \/>\n\t<meta property=\"og:image:height\" content=\"640\" \/>\n\t<meta property=\"og:image:type\" content=\"image\/jpeg\" \/>\n<meta name=\"author\" content=\"admin\" \/>\n<meta name=\"twitter:card\" content=\"summary_large_image\" \/>\n<meta name=\"twitter:label1\" content=\"Verfasst von\" \/>\n\t<meta name=\"twitter:data1\" content=\"admin\" \/>\n\t<meta name=\"twitter:label2\" content=\"Gesch\u00e4tzte Lesezeit\" \/>\n\t<meta name=\"twitter:data2\" content=\"3\u00a0Minuten\" \/>\n<script type=\"application\/ld+json\" class=\"yoast-schema-graph\">{\"@context\":\"https:\\\/\\\/schema.org\",\"@graph\":[{\"@type\":\"Article\",\"@id\":\"https:\\\/\\\/www.fachbau.ch\\\/die-baustellen\\\/2021-01-11\\\/adrian-thomann-neuer-ceo-der-bereuter-gruppe\\\/#article\",\"isPartOf\":{\"@id\":\"https:\\\/\\\/www.fachbau.ch\\\/die-baustellen\\\/2021-01-11\\\/adrian-thomann-neuer-ceo-der-bereuter-gruppe\\\/\"},\"author\":{\"name\":\"admin\",\"@id\":\"https:\\\/\\\/www.fachbau.ch\\\/#\\\/schema\\\/person\\\/a968f7ff4d60ab3c15afc1e109549603\"},\"headline\":\"Adrian Thomann: neuer CEO der Bereuter-Gruppe\",\"datePublished\":\"2021-01-11T17:45:05+00:00\",\"mainEntityOfPage\":{\"@id\":\"https:\\\/\\\/www.fachbau.ch\\\/die-baustellen\\\/2021-01-11\\\/adrian-thomann-neuer-ceo-der-bereuter-gruppe\\\/\"},\"wordCount\":560,\"publisher\":{\"@id\":\"https:\\\/\\\/www.fachbau.ch\\\/#organization\"},\"image\":{\"@id\":\"https:\\\/\\\/www.fachbau.ch\\\/die-baustellen\\\/2021-01-11\\\/adrian-thomann-neuer-ceo-der-bereuter-gruppe\\\/#primaryimage\"},\"thumbnailUrl\":\"https:\\\/\\\/www.fachbau.ch\\\/wp-content\\\/uploads\\\/2021\\\/01\\\/Adrian-Thomann-Marco-Bereuter-scaled-1.jpeg\",\"keywords\":[\"Management &amp; Karriere\"],\"articleSection\":[\"die baustellen\"],\"inLanguage\":\"de\"},{\"@type\":\"WebPage\",\"@id\":\"https:\\\/\\\/www.fachbau.ch\\\/die-baustellen\\\/2021-01-11\\\/adrian-thomann-neuer-ceo-der-bereuter-gruppe\\\/\",\"url\":\"https:\\\/\\\/www.fachbau.ch\\\/die-baustellen\\\/2021-01-11\\\/adrian-thomann-neuer-ceo-der-bereuter-gruppe\\\/\",\"name\":\"Adrian Thomann: neuer CEO der Bereuter-Gruppe - fachbau.ch\",\"isPartOf\":{\"@id\":\"https:\\\/\\\/www.fachbau.ch\\\/#website\"},\"primaryImageOfPage\":{\"@id\":\"https:\\\/\\\/www.fachbau.ch\\\/die-baustellen\\\/2021-01-11\\\/adrian-thomann-neuer-ceo-der-bereuter-gruppe\\\/#primaryimage\"},\"image\":{\"@id\":\"https:\\\/\\\/www.fachbau.ch\\\/die-baustellen\\\/2021-01-11\\\/adrian-thomann-neuer-ceo-der-bereuter-gruppe\\\/#primaryimage\"},\"thumbnailUrl\":\"https:\\\/\\\/www.fachbau.ch\\\/wp-content\\\/uploads\\\/2021\\\/01\\\/Adrian-Thomann-Marco-Bereuter-scaled-1.jpeg\",\"datePublished\":\"2021-01-11T17:45:05+00:00\",\"description\":\"Per 1.\u00a0Januar 2021 hat Adrian Thomann die operative Leitung der Bereuter-Gruppe \u00fcbernommen.\",\"breadcrumb\":{\"@id\":\"https:\\\/\\\/www.fachbau.ch\\\/die-baustellen\\\/2021-01-11\\\/adrian-thomann-neuer-ceo-der-bereuter-gruppe\\\/#breadcrumb\"},\"inLanguage\":\"de\",\"potentialAction\":[{\"@type\":\"ReadAction\",\"target\":[\"https:\\\/\\\/www.fachbau.ch\\\/die-baustellen\\\/2021-01-11\\\/adrian-thomann-neuer-ceo-der-bereuter-gruppe\\\/\"]}]},{\"@type\":\"ImageObject\",\"inLanguage\":\"de\",\"@id\":\"https:\\\/\\\/www.fachbau.ch\\\/die-baustellen\\\/2021-01-11\\\/adrian-thomann-neuer-ceo-der-bereuter-gruppe\\\/#primaryimage\",\"url\":\"https:\\\/\\\/www.fachbau.ch\\\/wp-content\\\/uploads\\\/2021\\\/01\\\/Adrian-Thomann-Marco-Bereuter-scaled-1.jpeg\",\"contentUrl\":\"https:\\\/\\\/www.fachbau.ch\\\/wp-content\\\/uploads\\\/2021\\\/01\\\/Adrian-Thomann-Marco-Bereuter-scaled-1.jpeg\",\"width\":1200,\"height\":640},{\"@type\":\"BreadcrumbList\",\"@id\":\"https:\\\/\\\/www.fachbau.ch\\\/die-baustellen\\\/2021-01-11\\\/adrian-thomann-neuer-ceo-der-bereuter-gruppe\\\/#breadcrumb\",\"itemListElement\":[{\"@type\":\"ListItem\",\"position\":1,\"name\":\"Startseite\",\"item\":\"https:\\\/\\\/www.fachbau.ch\\\/\"},{\"@type\":\"ListItem\",\"position\":2,\"name\":\"Adrian Thomann: neuer CEO der Bereuter-Gruppe\"}]},{\"@type\":\"WebSite\",\"@id\":\"https:\\\/\\\/www.fachbau.ch\\\/#website\",\"url\":\"https:\\\/\\\/www.fachbau.ch\\\/\",\"name\":\"fachbau.ch\",\"description\":\"Modernes, nachhaltiges Bauen.\",\"publisher\":{\"@id\":\"https:\\\/\\\/www.fachbau.ch\\\/#organization\"},\"potentialAction\":[{\"@type\":\"SearchAction\",\"target\":{\"@type\":\"EntryPoint\",\"urlTemplate\":\"https:\\\/\\\/www.fachbau.ch\\\/?s={search_term_string}\"},\"query-input\":{\"@type\":\"PropertyValueSpecification\",\"valueRequired\":true,\"valueName\":\"search_term_string\"}}],\"inLanguage\":\"de\"},{\"@type\":\"Organization\",\"@id\":\"https:\\\/\\\/www.fachbau.ch\\\/#organization\",\"name\":\"fachbau.ch\",\"url\":\"https:\\\/\\\/www.fachbau.ch\\\/\",\"logo\":{\"@type\":\"ImageObject\",\"inLanguage\":\"de\",\"@id\":\"https:\\\/\\\/www.fachbau.ch\\\/#\\\/schema\\\/logo\\\/image\\\/\",\"url\":\"https:\\\/\\\/www.fachbau.ch\\\/wp-content\\\/uploads\\\/2021\\\/12\\\/Logo_fachbau_ch.png\",\"contentUrl\":\"https:\\\/\\\/www.fachbau.ch\\\/wp-content\\\/uploads\\\/2021\\\/12\\\/Logo_fachbau_ch.png\",\"width\":283,\"height\":42,\"caption\":\"fachbau.ch\"},\"image\":{\"@id\":\"https:\\\/\\\/www.fachbau.ch\\\/#\\\/schema\\\/logo\\\/image\\\/\"}},{\"@type\":\"Person\",\"@id\":\"https:\\\/\\\/www.fachbau.ch\\\/#\\\/schema\\\/person\\\/a968f7ff4d60ab3c15afc1e109549603\",\"name\":\"admin\",\"image\":{\"@type\":\"ImageObject\",\"inLanguage\":\"de\",\"@id\":\"https:\\\/\\\/secure.gravatar.com\\\/avatar\\\/ae2f4d718e6c49043e314ce431e7e645d646302a24a5ef5a8bc8e3f5a032e319?s=96&d=mm&r=g\",\"url\":\"https:\\\/\\\/secure.gravatar.com\\\/avatar\\\/ae2f4d718e6c49043e314ce431e7e645d646302a24a5ef5a8bc8e3f5a032e319?s=96&d=mm&r=g\",\"contentUrl\":\"https:\\\/\\\/secure.gravatar.com\\\/avatar\\\/ae2f4d718e6c49043e314ce431e7e645d646302a24a5ef5a8bc8e3f5a032e319?s=96&d=mm&r=g\",\"caption\":\"admin\"},\"sameAs\":[\"https:\\\/\\\/www.fachbau.ch\"],\"url\":\"https:\\\/\\\/www.fachbau.ch\\\/de\\\/author\\\/admin\\\/\"}]}<\/script>\n<!-- \/ Yoast SEO plugin. -->","yoast_head_json":{"title":"Adrian Thomann: neuer CEO der Bereuter-Gruppe - fachbau.ch","description":"Per 1.\u00a0Januar 2021 hat Adrian Thomann die operative Leitung der Bereuter-Gruppe \u00fcbernommen.","robots":{"index":"index","follow":"follow","max-snippet":"max-snippet:-1","max-image-preview":"max-image-preview:large","max-video-preview":"max-video-preview:-1"},"canonical":"https:\/\/www.fachbau.ch\/de\/die-baustellen\/2021-01-11\/adrian-thomann-neuer-ceo-der-bereuter-gruppe\/","og_locale":"de_DE","og_type":"article","og_title":"Adrian Thomann: neuer CEO der Bereuter-Gruppe - fachbau.ch","og_description":"Per 1.\u00a0Januar 2021 hat Adrian Thomann die operative Leitung der Bereuter-Gruppe \u00fcbernommen.","og_url":"https:\/\/www.fachbau.ch\/de\/die-baustellen\/2021-01-11\/adrian-thomann-neuer-ceo-der-bereuter-gruppe\/","og_site_name":"fachbau.ch","article_published_time":"2021-01-11T17:45:05+00:00","og_image":[{"width":1200,"height":640,"url":"https:\/\/www.fachbau.ch\/wp-content\/uploads\/2021\/01\/Adrian-Thomann-Marco-Bereuter-scaled-1.jpeg","type":"image\/jpeg"}],"author":"admin","twitter_card":"summary_large_image","twitter_misc":{"Verfasst von":"admin","Gesch\u00e4tzte Lesezeit":"3\u00a0Minuten"},"schema":{"@context":"https:\/\/schema.org","@graph":[{"@type":"Article","@id":"https:\/\/www.fachbau.ch\/die-baustellen\/2021-01-11\/adrian-thomann-neuer-ceo-der-bereuter-gruppe\/#article","isPartOf":{"@id":"https:\/\/www.fachbau.ch\/die-baustellen\/2021-01-11\/adrian-thomann-neuer-ceo-der-bereuter-gruppe\/"},"author":{"name":"admin","@id":"https:\/\/www.fachbau.ch\/#\/schema\/person\/a968f7ff4d60ab3c15afc1e109549603"},"headline":"Adrian Thomann: neuer CEO der Bereuter-Gruppe","datePublished":"2021-01-11T17:45:05+00:00","mainEntityOfPage":{"@id":"https:\/\/www.fachbau.ch\/die-baustellen\/2021-01-11\/adrian-thomann-neuer-ceo-der-bereuter-gruppe\/"},"wordCount":560,"publisher":{"@id":"https:\/\/www.fachbau.ch\/#organization"},"image":{"@id":"https:\/\/www.fachbau.ch\/die-baustellen\/2021-01-11\/adrian-thomann-neuer-ceo-der-bereuter-gruppe\/#primaryimage"},"thumbnailUrl":"https:\/\/www.fachbau.ch\/wp-content\/uploads\/2021\/01\/Adrian-Thomann-Marco-Bereuter-scaled-1.jpeg","keywords":["Management &amp; Karriere"],"articleSection":["die baustellen"],"inLanguage":"de"},{"@type":"WebPage","@id":"https:\/\/www.fachbau.ch\/die-baustellen\/2021-01-11\/adrian-thomann-neuer-ceo-der-bereuter-gruppe\/","url":"https:\/\/www.fachbau.ch\/die-baustellen\/2021-01-11\/adrian-thomann-neuer-ceo-der-bereuter-gruppe\/","name":"Adrian Thomann: neuer CEO der Bereuter-Gruppe - fachbau.ch","isPartOf":{"@id":"https:\/\/www.fachbau.ch\/#website"},"primaryImageOfPage":{"@id":"https:\/\/www.fachbau.ch\/die-baustellen\/2021-01-11\/adrian-thomann-neuer-ceo-der-bereuter-gruppe\/#primaryimage"},"image":{"@id":"https:\/\/www.fachbau.ch\/die-baustellen\/2021-01-11\/adrian-thomann-neuer-ceo-der-bereuter-gruppe\/#primaryimage"},"thumbnailUrl":"https:\/\/www.fachbau.ch\/wp-content\/uploads\/2021\/01\/Adrian-Thomann-Marco-Bereuter-scaled-1.jpeg","datePublished":"2021-01-11T17:45:05+00:00","description":"Per 1.\u00a0Januar 2021 hat Adrian Thomann die operative Leitung der Bereuter-Gruppe \u00fcbernommen.","breadcrumb":{"@id":"https:\/\/www.fachbau.ch\/die-baustellen\/2021-01-11\/adrian-thomann-neuer-ceo-der-bereuter-gruppe\/#breadcrumb"},"inLanguage":"de","potentialAction":[{"@type":"ReadAction","target":["https:\/\/www.fachbau.ch\/die-baustellen\/2021-01-11\/adrian-thomann-neuer-ceo-der-bereuter-gruppe\/"]}]},{"@type":"ImageObject","inLanguage":"de","@id":"https:\/\/www.fachbau.ch\/die-baustellen\/2021-01-11\/adrian-thomann-neuer-ceo-der-bereuter-gruppe\/#primaryimage","url":"https:\/\/www.fachbau.ch\/wp-content\/uploads\/2021\/01\/Adrian-Thomann-Marco-Bereuter-scaled-1.jpeg","contentUrl":"https:\/\/www.fachbau.ch\/wp-content\/uploads\/2021\/01\/Adrian-Thomann-Marco-Bereuter-scaled-1.jpeg","width":1200,"height":640},{"@type":"BreadcrumbList","@id":"https:\/\/www.fachbau.ch\/die-baustellen\/2021-01-11\/adrian-thomann-neuer-ceo-der-bereuter-gruppe\/#breadcrumb","itemListElement":[{"@type":"ListItem","position":1,"name":"Startseite","item":"https:\/\/www.fachbau.ch\/"},{"@type":"ListItem","position":2,"name":"Adrian Thomann: neuer CEO der Bereuter-Gruppe"}]},{"@type":"WebSite","@id":"https:\/\/www.fachbau.ch\/#website","url":"https:\/\/www.fachbau.ch\/","name":"fachbau.ch","description":"Modernes, nachhaltiges Bauen.","publisher":{"@id":"https:\/\/www.fachbau.ch\/#organization"},"potentialAction":[{"@type":"SearchAction","target":{"@type":"EntryPoint","urlTemplate":"https:\/\/www.fachbau.ch\/?s={search_term_string}"},"query-input":{"@type":"PropertyValueSpecification","valueRequired":true,"valueName":"search_term_string"}}],"inLanguage":"de"},{"@type":"Organization","@id":"https:\/\/www.fachbau.ch\/#organization","name":"fachbau.ch","url":"https:\/\/www.fachbau.ch\/","logo":{"@type":"ImageObject","inLanguage":"de","@id":"https:\/\/www.fachbau.ch\/#\/schema\/logo\/image\/","url":"https:\/\/www.fachbau.ch\/wp-content\/uploads\/2021\/12\/Logo_fachbau_ch.png","contentUrl":"https:\/\/www.fachbau.ch\/wp-content\/uploads\/2021\/12\/Logo_fachbau_ch.png","width":283,"height":42,"caption":"fachbau.ch"},"image":{"@id":"https:\/\/www.fachbau.ch\/#\/schema\/logo\/image\/"}},{"@type":"Person","@id":"https:\/\/www.fachbau.ch\/#\/schema\/person\/a968f7ff4d60ab3c15afc1e109549603","name":"admin","image":{"@type":"ImageObject","inLanguage":"de","@id":"https:\/\/secure.gravatar.com\/avatar\/ae2f4d718e6c49043e314ce431e7e645d646302a24a5ef5a8bc8e3f5a032e319?s=96&d=mm&r=g","url":"https:\/\/secure.gravatar.com\/avatar\/ae2f4d718e6c49043e314ce431e7e645d646302a24a5ef5a8bc8e3f5a032e319?s=96&d=mm&r=g","contentUrl":"https:\/\/secure.gravatar.com\/avatar\/ae2f4d718e6c49043e314ce431e7e645d646302a24a5ef5a8bc8e3f5a032e319?s=96&d=mm&r=g","caption":"admin"},"sameAs":["https:\/\/www.fachbau.ch"],"url":"https:\/\/www.fachbau.ch\/de\/author\/admin\/"}]}},"_links":{"self":[{"href":"https:\/\/www.fachbau.ch\/de\/wp-json\/wp\/v2\/posts\/12171","targetHints":{"allow":["GET"]}}],"collection":[{"href":"https:\/\/www.fachbau.ch\/de\/wp-json\/wp\/v2\/posts"}],"about":[{"href":"https:\/\/www.fachbau.ch\/de\/wp-json\/wp\/v2\/types\/post"}],"author":[{"embeddable":true,"href":"https:\/\/www.fachbau.ch\/de\/wp-json\/wp\/v2\/users\/1"}],"replies":[{"embeddable":true,"href":"https:\/\/www.fachbau.ch\/de\/wp-json\/wp\/v2\/comments?post=12171"}],"version-history":[{"count":0,"href":"https:\/\/www.fachbau.ch\/de\/wp-json\/wp\/v2\/posts\/12171\/revisions"}],"wp:featuredmedia":[{"embeddable":true,"href":"https:\/\/www.fachbau.ch\/de\/wp-json\/wp\/v2\/media\/14718"}],"wp:attachment":[{"href":"https:\/\/www.fachbau.ch\/de\/wp-json\/wp\/v2\/media?parent=12171"}],"wp:term":[{"taxonomy":"category","embeddable":true,"href":"https:\/\/www.fachbau.ch\/de\/wp-json\/wp\/v2\/categories?post=12171"},{"taxonomy":"post_tag","embeddable":true,"href":"https:\/\/www.fachbau.ch\/de\/wp-json\/wp\/v2\/tags?post=12171"}],"curies":[{"name":"wp","href":"https:\/\/api.w.org\/{rel}","templated":true}]}}