{"id":11632,"date":"2021-05-15T23:08:42","date_gmt":"2021-05-15T21:08:42","guid":{"rendered":"https:\/\/www.fachbau.ch\/?p=11632"},"modified":"2021-05-15T23:08:42","modified_gmt":"2021-05-15T21:08:42","slug":"naechster-halt-berufslaufbahn","status":"publish","type":"post","link":"https:\/\/www.fachbau.ch\/de\/der-bauingenieur\/2021-05-15\/naechster-halt-berufslaufbahn\/","title":{"rendered":"N\u00e4chster Halt: Berufslaufbahn"},"content":{"rendered":"<figure id=\"attachment_11633\" aria-describedby=\"caption-attachment-11633\" style=\"width: 680px\" class=\"wp-caption alignnone\"><img loading=\"lazy\" decoding=\"async\" class=\"wp-image-11633 size-medium\" src=\"https:\/\/www.fachbau.ch\/wp-content\/uploads\/2021\/10\/Vom-Energiewissenschaftler-680x513.jpg\" alt=\"Vom Energiewissenschaftler zur J\u00e4gerin \u2013 die Berufswahl mag so manchen Umwelt- studierenden \u00fcberfordern.\" width=\"680\" height=\"513\" srcset=\"https:\/\/www.fachbau.ch\/wp-content\/uploads\/2021\/10\/Vom-Energiewissenschaftler-680x513.jpg 680w, https:\/\/www.fachbau.ch\/wp-content\/uploads\/2021\/10\/Vom-Energiewissenschaftler-768x579.jpg 768w, https:\/\/www.fachbau.ch\/wp-content\/uploads\/2021\/10\/Vom-Energiewissenschaftler-1024x772.jpg 1024w, https:\/\/www.fachbau.ch\/wp-content\/uploads\/2021\/10\/Vom-Energiewissenschaftler-16x12.jpg 16w, https:\/\/www.fachbau.ch\/wp-content\/uploads\/2021\/10\/Vom-Energiewissenschaftler-375x283.jpg 375w, https:\/\/www.fachbau.ch\/wp-content\/uploads\/2021\/10\/Vom-Energiewissenschaftler-464x350.jpg 464w, https:\/\/www.fachbau.ch\/wp-content\/uploads\/2021\/10\/Vom-Energiewissenschaftler-1000x754.jpg 1000w, https:\/\/www.fachbau.ch\/wp-content\/uploads\/2021\/10\/Vom-Energiewissenschaftler.jpg 1200w\" sizes=\"auto, (max-width: 680px) 100vw, 680px\" \/><figcaption id=\"caption-attachment-11633\" class=\"wp-caption-text\">Vom Energiewissenschaftler zur J\u00e4gerin \u2013 die Berufswahl mag so manchen Umwelt-studierenden \u00fcberfordern.<\/figcaption><\/figure>\n<p style=\"text-align: justify;\">Nach f\u00fcnf Jahren Studium sind Studie-rende eingestimmt auf den scheinbar nimmer endenden Semestertrott. Das klaustrophobische Coronajahr hat den Eindruck verst\u00e4rkt. Nach dem Abschluss blickt aber wohl so mancher bange in die nahe Zukunft des Berufsalltags. Die Berufseinstiegsveranstaltung der Umwelt-Alumni schafft hier Abhilfe. Ehemalige Studierende erl\u00e4utern an der Veranstaltung ihre ersten Erfahrungen zur Jobsuche und zum Berufseinstieg und erfahrenere Semester berichten aus der Perspektive der Arbeitgeber. Offen und unkompliziert stellen sich die Referierenden vor \u2013 ihre Geschichten stehen im Mittelpunkt.<\/p>\n<p style=\"text-align: justify;\"><strong>Von Zufall und Planung<\/strong><\/p>\n<p style=\"text-align: justify;\">Weder das Privatleben noch die profes-sionelle Laufbahn seien planbar, trotz-dem lohne sich der Versuch. So begann Stefan Linder, Leiter Technologie und Innovation der Division Generation International und Erneuerbare Energien der Alpiq AG, sein Kurzreferat. Entschei-dend f\u00fcr den professionellen Erfolg sei der Wille, sich im Beruf zu entfalten. Denn Beruf stamme von Berufung! Als N\u00e4chstes stand Jean-Pierre Krause auf dem Programm. In Z\u00fcrich geboren, studierte er in Z\u00fcrich Umweltphysik und arbeitet nun bei der Zurich Insurance Group als Global Head of Risk Enginee-ring. Als Umweltabsolventen m\u00f6ge man sich von der Gr\u00f6sse von Versicherungs-\ufb01rmen abgeschreckt f\u00fchlen. Umwelt-themen seien aber auch in der Versiche-rungs-und Bankenbranche gesucht, insbesondere aufgrund des Trends zur nachhaltigen Investition hin. Dies habe in der Wirtschaft eine bedeutende Hebel-wirkung.<\/p>\n<p style=\"text-align: justify;\">Technische Tipps und Tricks waren ebenfalls Inhalt der Referate. Blindbewer-bungen seien gem\u00e4ss Stefan Linder weniger relevant als g\u00e4ngig portr\u00e4tiert. Ohne \ufb01rmeninterne Kontakte verliere sich eine Spontanbewerbung schnell in den Work\ufb02ows der Human-Resources-Abteilung. Heutzutage gewinnt gem\u00e4ss Jean-Pierre Krause zudem die Videokon-ferenz in der Bewerbung an Bedeutung. Dies erh\u00f6he die technischen Anspr\u00fcche an die Kandidaten, schliesslich gehe es neben dem Interview auch darum, auf Augenh\u00f6he in die Kamera zu schauen und sich wortw\u00f6rtlich im besten Licht darzustellen.<\/p>\n<figure id=\"attachment_11634\" aria-describedby=\"caption-attachment-11634\" style=\"width: 680px\" class=\"wp-caption alignnone\"><img loading=\"lazy\" decoding=\"async\" class=\"wp-image-11634 size-medium\" src=\"https:\/\/www.fachbau.ch\/wp-content\/uploads\/2021\/10\/Beim-Berufseinstieg-680x415.jpg\" alt=\"Beim Berufseinstieg sind Weitblick und Re\ufb02exion gefordert.\" width=\"680\" height=\"415\" srcset=\"https:\/\/www.fachbau.ch\/wp-content\/uploads\/2021\/10\/Beim-Berufseinstieg-680x415.jpg 680w, https:\/\/www.fachbau.ch\/wp-content\/uploads\/2021\/10\/Beim-Berufseinstieg-1024x625.jpg 1024w, https:\/\/www.fachbau.ch\/wp-content\/uploads\/2021\/10\/Beim-Berufseinstieg-768x469.jpg 768w, https:\/\/www.fachbau.ch\/wp-content\/uploads\/2021\/10\/Beim-Berufseinstieg-18x12.jpg 18w, https:\/\/www.fachbau.ch\/wp-content\/uploads\/2021\/10\/Beim-Berufseinstieg-375x229.jpg 375w, https:\/\/www.fachbau.ch\/wp-content\/uploads\/2021\/10\/Beim-Berufseinstieg-574x350.jpg 574w, https:\/\/www.fachbau.ch\/wp-content\/uploads\/2021\/10\/Beim-Berufseinstieg-1000x610.jpg 1000w, https:\/\/www.fachbau.ch\/wp-content\/uploads\/2021\/10\/Beim-Berufseinstieg.jpg 1188w\" sizes=\"auto, (max-width: 680px) 100vw, 680px\" \/><figcaption id=\"caption-attachment-11634\" class=\"wp-caption-text\">Beim Berufseinstieg sind Weitblick und Re\ufb02exion gefordert.<\/figcaption><\/figure>\n<p style=\"text-align: justify;\"><strong>Kenne deinen k\u00fcnftigen Arbeitgeber wie dich selbst<\/strong><\/p>\n<p style=\"text-align: justify;\">Beide Arbeitgeber raten, sich vorg\u00e4ngig eingehend mit den Produkten und Dienst-leistungen der beworbenen Firma auseinanderzusetzen. Entscheidend sei, sich im Klaren dar\u00fcber zu sein, mit welchen Kompetenzen man der Firma einen Mehrwert verleihen wolle. Letztlich sei ein Lebenslauf eine Geschichte, in welche sich der n\u00e4chste Job nahtlos einbinden soll. Trotzdem seien perfekte Kandidaten selten. Daher sei eine Bewerbung auch dann empfehlenswert, wenn man sich nicht 1:1 in der Ausschrei-bung wiedererkenne. Risikobereitschaft macht sich also bezahlt.<\/p>\n<p style=\"text-align: justify;\">Varinia Sutter von Basler &amp; Hofmann AG und Till Breitenmoser vom Amt f\u00fcr Umwelt St.\u2009Gallen pr\u00e4sentierten aus der Sicht frischgebackener Berufseinsteiger. Beide raten, sich nach Studienabschluss mit gen\u00fcgend Zeit, Weitblick und Re\ufb02exion dem Thema Berufswahl zu widmen. Die fachlichen Vertiefungen der Abschl\u00fcsse seien dabei oftmals von untergeordneter Bedeutung. Alternative Orientierungen seien im Nachhinein gut m\u00f6glich.<\/p>\n<p style=\"text-align: justify;\">Praktika, Zivildiensteins\u00e4tze und Studien-arbeiten bieten laut Varinia Sutter gute M\u00f6glichkeiten zur Vernetzung mit Firmen. Auch ehrenamtliches Engagement w\u00e4hrend des Studiums sei hilfreich, das eigene Pro\ufb01l hervorzuheben. Till Breiten-moser erg\u00e4nzte, dass zudem die Dienst-leistung des ETH Career Center zur Verf\u00fcgung stehe. Nicht zuletzt appellierte er ans Publikum, offener \u00fcber das Thema Lohn zu sprechen.<\/p>\n<p style=\"text-align: justify;\"><strong>Outro ohne Ap\u00e9ro<\/strong><\/p>\n<p style=\"text-align: justify;\">W\u00e4hrend die Berufserfahrenen mit Musse ihre bisherige Karriere im R\u00fcckspiegel beschrieben, erschienen die Fragen aus dem Publikum geerdeter: Der Wert von Spontanbewerbungen und Abschlussno-ten sowie das Thema der Lohneinstufung standen im Mittelpunkt der Abschluss-diskussionen \u2013 diesmal ohne Ap\u00e9ro. Wir w\u00fcnschen allen Berufseinsteigern aber auf jeden Fall viel Erfolg und freuen uns, ihnen in der Zukunft \u00fcber den Weg zu laufen! \u25a0<\/p>\n","protected":false},"excerpt":{"rendered":"<p>Nach f\u00fcnf Jahren Studium sind Studie-rende eingestimmt auf den scheinbar nimmer endenden Semestertrott. Das klaustrophobische Coronajahr hat den Eindruck verst\u00e4rkt. Nach dem Abschluss blickt aber wohl so mancher bange in die nahe Zukunft des Berufsalltags. Die Berufseinstiegsveranstaltung der Umwelt-Alumni schafft hier Abhilfe. Ehemalige Studierende erl\u00e4utern an der Veranstaltung ihre ersten Erfahrungen zur Jobsuche und zum [&hellip;]<\/p>\n","protected":false},"author":1,"featured_media":11633,"comment_status":"closed","ping_status":"closed","sticky":false,"template":"","format":"standard","meta":{"_acf_changed":false,"pgc_sgb_lightbox_settings":"","footnotes":""},"categories":[18],"tags":[879,1003],"class_list":["post-11632","post","type-post","status-publish","format-standard","has-post-thumbnail","hentry","category-der-bauingenieur","tag-karriere","tag-management"],"acf":[],"yoast_head":"<!-- This site is optimized with the Yoast SEO plugin v27.4 - https:\/\/yoast.com\/product\/yoast-seo-wordpress\/ -->\n<title>N\u00e4chster Halt: Berufslaufbahn - fachbau.ch<\/title>\n<meta name=\"description\" content=\"Ein Bewerbungsportfolio und diverse Entscheidungen: BerufseinsteigerInnen stehen vor wichtigen Scheidewegen. Die Umwelt-Alumni laden daher allj\u00e4hrlich die Masterstudierenden der Umweltingenieur-und Umweltnaturwissenschaften der ETH Z\u00fcrich zu einer Berufseinstiegsveranstaltung ein. Sie soll den Einstieg erleichtern und die brennendsten Fragen beantworten. Das Format hat sich bew\u00e4hrt: Zwei j\u00fcngere und zwei \u00e4ltere Semester referieren zum Thema Berufseinstieg. Entsprechend gut besucht war die Berufseinstiegsveranstaltung der Umwelt-Alumni von Ende 2020.\" \/>\n<meta name=\"robots\" content=\"index, follow, max-snippet:-1, max-image-preview:large, max-video-preview:-1\" \/>\n<link rel=\"canonical\" href=\"https:\/\/www.fachbau.ch\/de\/der-bauingenieur\/2021-05-15\/naechster-halt-berufslaufbahn\/\" \/>\n<meta property=\"og:locale\" content=\"de_DE\" \/>\n<meta property=\"og:type\" content=\"article\" \/>\n<meta property=\"og:title\" content=\"N\u00e4chster Halt: Berufslaufbahn - fachbau.ch\" \/>\n<meta property=\"og:description\" content=\"Ein Bewerbungsportfolio und diverse Entscheidungen: BerufseinsteigerInnen stehen vor wichtigen Scheidewegen. Die Umwelt-Alumni laden daher allj\u00e4hrlich die Masterstudierenden der Umweltingenieur-und Umweltnaturwissenschaften der ETH Z\u00fcrich zu einer Berufseinstiegsveranstaltung ein. Sie soll den Einstieg erleichtern und die brennendsten Fragen beantworten. Das Format hat sich bew\u00e4hrt: Zwei j\u00fcngere und zwei \u00e4ltere Semester referieren zum Thema Berufseinstieg. Entsprechend gut besucht war die Berufseinstiegsveranstaltung der Umwelt-Alumni von Ende 2020.\" \/>\n<meta property=\"og:url\" content=\"https:\/\/www.fachbau.ch\/de\/der-bauingenieur\/2021-05-15\/naechster-halt-berufslaufbahn\/\" \/>\n<meta property=\"og:site_name\" content=\"fachbau.ch\" \/>\n<meta property=\"article:published_time\" content=\"2021-05-15T21:08:42+00:00\" \/>\n<meta property=\"og:image\" content=\"https:\/\/www.fachbau.ch\/wp-content\/uploads\/2021\/10\/Vom-Energiewissenschaftler.jpg\" \/>\n\t<meta property=\"og:image:width\" content=\"1200\" \/>\n\t<meta property=\"og:image:height\" content=\"905\" \/>\n\t<meta property=\"og:image:type\" content=\"image\/jpeg\" \/>\n<meta name=\"author\" content=\"admin\" \/>\n<meta name=\"twitter:card\" content=\"summary_large_image\" \/>\n<meta name=\"twitter:label1\" content=\"Verfasst von\" \/>\n\t<meta name=\"twitter:data1\" content=\"admin\" \/>\n\t<meta name=\"twitter:label2\" content=\"Gesch\u00e4tzte Lesezeit\" \/>\n\t<meta name=\"twitter:data2\" content=\"3\u00a0Minuten\" \/>\n<script type=\"application\/ld+json\" class=\"yoast-schema-graph\">{\"@context\":\"https:\\\/\\\/schema.org\",\"@graph\":[{\"@type\":\"Article\",\"@id\":\"https:\\\/\\\/www.fachbau.ch\\\/der-bauingenieur\\\/2021-05-15\\\/naechster-halt-berufslaufbahn\\\/#article\",\"isPartOf\":{\"@id\":\"https:\\\/\\\/www.fachbau.ch\\\/der-bauingenieur\\\/2021-05-15\\\/naechster-halt-berufslaufbahn\\\/\"},\"author\":{\"name\":\"admin\",\"@id\":\"https:\\\/\\\/www.fachbau.ch\\\/#\\\/schema\\\/person\\\/a968f7ff4d60ab3c15afc1e109549603\"},\"headline\":\"N\u00e4chster Halt: Berufslaufbahn\",\"datePublished\":\"2021-05-15T21:08:42+00:00\",\"mainEntityOfPage\":{\"@id\":\"https:\\\/\\\/www.fachbau.ch\\\/der-bauingenieur\\\/2021-05-15\\\/naechster-halt-berufslaufbahn\\\/\"},\"wordCount\":606,\"publisher\":{\"@id\":\"https:\\\/\\\/www.fachbau.ch\\\/#organization\"},\"image\":{\"@id\":\"https:\\\/\\\/www.fachbau.ch\\\/der-bauingenieur\\\/2021-05-15\\\/naechster-halt-berufslaufbahn\\\/#primaryimage\"},\"thumbnailUrl\":\"https:\\\/\\\/www.fachbau.ch\\\/wp-content\\\/uploads\\\/2021\\\/10\\\/Vom-Energiewissenschaftler.jpg\",\"keywords\":[\"Karriere\",\"Management\"],\"articleSection\":[\"der bauingenieur\"],\"inLanguage\":\"de\"},{\"@type\":\"WebPage\",\"@id\":\"https:\\\/\\\/www.fachbau.ch\\\/der-bauingenieur\\\/2021-05-15\\\/naechster-halt-berufslaufbahn\\\/\",\"url\":\"https:\\\/\\\/www.fachbau.ch\\\/der-bauingenieur\\\/2021-05-15\\\/naechster-halt-berufslaufbahn\\\/\",\"name\":\"N\u00e4chster Halt: Berufslaufbahn - fachbau.ch\",\"isPartOf\":{\"@id\":\"https:\\\/\\\/www.fachbau.ch\\\/#website\"},\"primaryImageOfPage\":{\"@id\":\"https:\\\/\\\/www.fachbau.ch\\\/der-bauingenieur\\\/2021-05-15\\\/naechster-halt-berufslaufbahn\\\/#primaryimage\"},\"image\":{\"@id\":\"https:\\\/\\\/www.fachbau.ch\\\/der-bauingenieur\\\/2021-05-15\\\/naechster-halt-berufslaufbahn\\\/#primaryimage\"},\"thumbnailUrl\":\"https:\\\/\\\/www.fachbau.ch\\\/wp-content\\\/uploads\\\/2021\\\/10\\\/Vom-Energiewissenschaftler.jpg\",\"datePublished\":\"2021-05-15T21:08:42+00:00\",\"description\":\"Ein Bewerbungsportfolio und diverse Entscheidungen: BerufseinsteigerInnen stehen vor wichtigen Scheidewegen. Die Umwelt-Alumni laden daher allj\u00e4hrlich die Masterstudierenden der Umweltingenieur-und Umweltnaturwissenschaften der ETH Z\u00fcrich zu einer Berufseinstiegsveranstaltung ein. Sie soll den Einstieg erleichtern und die brennendsten Fragen beantworten. Das Format hat sich bew\u00e4hrt: Zwei j\u00fcngere und zwei \u00e4ltere Semester referieren zum Thema Berufseinstieg. Entsprechend gut besucht war die Berufseinstiegsveranstaltung der Umwelt-Alumni von Ende 2020.\",\"breadcrumb\":{\"@id\":\"https:\\\/\\\/www.fachbau.ch\\\/der-bauingenieur\\\/2021-05-15\\\/naechster-halt-berufslaufbahn\\\/#breadcrumb\"},\"inLanguage\":\"de\",\"potentialAction\":[{\"@type\":\"ReadAction\",\"target\":[\"https:\\\/\\\/www.fachbau.ch\\\/der-bauingenieur\\\/2021-05-15\\\/naechster-halt-berufslaufbahn\\\/\"]}]},{\"@type\":\"ImageObject\",\"inLanguage\":\"de\",\"@id\":\"https:\\\/\\\/www.fachbau.ch\\\/der-bauingenieur\\\/2021-05-15\\\/naechster-halt-berufslaufbahn\\\/#primaryimage\",\"url\":\"https:\\\/\\\/www.fachbau.ch\\\/wp-content\\\/uploads\\\/2021\\\/10\\\/Vom-Energiewissenschaftler.jpg\",\"contentUrl\":\"https:\\\/\\\/www.fachbau.ch\\\/wp-content\\\/uploads\\\/2021\\\/10\\\/Vom-Energiewissenschaftler.jpg\",\"width\":1200,\"height\":905,\"caption\":\"Vom Energiewissenschaftler zur J\u00e4gerin \u2013 die Berufswahl mag so manchen Umwelt- studierenden \u00fcberfordern.\"},{\"@type\":\"BreadcrumbList\",\"@id\":\"https:\\\/\\\/www.fachbau.ch\\\/der-bauingenieur\\\/2021-05-15\\\/naechster-halt-berufslaufbahn\\\/#breadcrumb\",\"itemListElement\":[{\"@type\":\"ListItem\",\"position\":1,\"name\":\"Startseite\",\"item\":\"https:\\\/\\\/www.fachbau.ch\\\/\"},{\"@type\":\"ListItem\",\"position\":2,\"name\":\"N\u00e4chster Halt: Berufslaufbahn\"}]},{\"@type\":\"WebSite\",\"@id\":\"https:\\\/\\\/www.fachbau.ch\\\/#website\",\"url\":\"https:\\\/\\\/www.fachbau.ch\\\/\",\"name\":\"fachbau.ch\",\"description\":\"Modernes, nachhaltiges Bauen.\",\"publisher\":{\"@id\":\"https:\\\/\\\/www.fachbau.ch\\\/#organization\"},\"potentialAction\":[{\"@type\":\"SearchAction\",\"target\":{\"@type\":\"EntryPoint\",\"urlTemplate\":\"https:\\\/\\\/www.fachbau.ch\\\/?s={search_term_string}\"},\"query-input\":{\"@type\":\"PropertyValueSpecification\",\"valueRequired\":true,\"valueName\":\"search_term_string\"}}],\"inLanguage\":\"de\"},{\"@type\":\"Organization\",\"@id\":\"https:\\\/\\\/www.fachbau.ch\\\/#organization\",\"name\":\"fachbau.ch\",\"url\":\"https:\\\/\\\/www.fachbau.ch\\\/\",\"logo\":{\"@type\":\"ImageObject\",\"inLanguage\":\"de\",\"@id\":\"https:\\\/\\\/www.fachbau.ch\\\/#\\\/schema\\\/logo\\\/image\\\/\",\"url\":\"https:\\\/\\\/www.fachbau.ch\\\/wp-content\\\/uploads\\\/2021\\\/12\\\/Logo_fachbau_ch.png\",\"contentUrl\":\"https:\\\/\\\/www.fachbau.ch\\\/wp-content\\\/uploads\\\/2021\\\/12\\\/Logo_fachbau_ch.png\",\"width\":283,\"height\":42,\"caption\":\"fachbau.ch\"},\"image\":{\"@id\":\"https:\\\/\\\/www.fachbau.ch\\\/#\\\/schema\\\/logo\\\/image\\\/\"}},{\"@type\":\"Person\",\"@id\":\"https:\\\/\\\/www.fachbau.ch\\\/#\\\/schema\\\/person\\\/a968f7ff4d60ab3c15afc1e109549603\",\"name\":\"admin\",\"image\":{\"@type\":\"ImageObject\",\"inLanguage\":\"de\",\"@id\":\"https:\\\/\\\/secure.gravatar.com\\\/avatar\\\/ae2f4d718e6c49043e314ce431e7e645d646302a24a5ef5a8bc8e3f5a032e319?s=96&d=mm&r=g\",\"url\":\"https:\\\/\\\/secure.gravatar.com\\\/avatar\\\/ae2f4d718e6c49043e314ce431e7e645d646302a24a5ef5a8bc8e3f5a032e319?s=96&d=mm&r=g\",\"contentUrl\":\"https:\\\/\\\/secure.gravatar.com\\\/avatar\\\/ae2f4d718e6c49043e314ce431e7e645d646302a24a5ef5a8bc8e3f5a032e319?s=96&d=mm&r=g\",\"caption\":\"admin\"},\"sameAs\":[\"https:\\\/\\\/www.fachbau.ch\"],\"url\":\"https:\\\/\\\/www.fachbau.ch\\\/de\\\/author\\\/admin\\\/\"}]}<\/script>\n<!-- \/ Yoast SEO plugin. -->","yoast_head_json":{"title":"N\u00e4chster Halt: Berufslaufbahn - fachbau.ch","description":"Ein Bewerbungsportfolio und diverse Entscheidungen: BerufseinsteigerInnen stehen vor wichtigen Scheidewegen. Die Umwelt-Alumni laden daher allj\u00e4hrlich die Masterstudierenden der Umweltingenieur-und Umweltnaturwissenschaften der ETH Z\u00fcrich zu einer Berufseinstiegsveranstaltung ein. Sie soll den Einstieg erleichtern und die brennendsten Fragen beantworten. Das Format hat sich bew\u00e4hrt: Zwei j\u00fcngere und zwei \u00e4ltere Semester referieren zum Thema Berufseinstieg. Entsprechend gut besucht war die Berufseinstiegsveranstaltung der Umwelt-Alumni von Ende 2020.","robots":{"index":"index","follow":"follow","max-snippet":"max-snippet:-1","max-image-preview":"max-image-preview:large","max-video-preview":"max-video-preview:-1"},"canonical":"https:\/\/www.fachbau.ch\/de\/der-bauingenieur\/2021-05-15\/naechster-halt-berufslaufbahn\/","og_locale":"de_DE","og_type":"article","og_title":"N\u00e4chster Halt: Berufslaufbahn - fachbau.ch","og_description":"Ein Bewerbungsportfolio und diverse Entscheidungen: BerufseinsteigerInnen stehen vor wichtigen Scheidewegen. Die Umwelt-Alumni laden daher allj\u00e4hrlich die Masterstudierenden der Umweltingenieur-und Umweltnaturwissenschaften der ETH Z\u00fcrich zu einer Berufseinstiegsveranstaltung ein. Sie soll den Einstieg erleichtern und die brennendsten Fragen beantworten. Das Format hat sich bew\u00e4hrt: Zwei j\u00fcngere und zwei \u00e4ltere Semester referieren zum Thema Berufseinstieg. Entsprechend gut besucht war die Berufseinstiegsveranstaltung der Umwelt-Alumni von Ende 2020.","og_url":"https:\/\/www.fachbau.ch\/de\/der-bauingenieur\/2021-05-15\/naechster-halt-berufslaufbahn\/","og_site_name":"fachbau.ch","article_published_time":"2021-05-15T21:08:42+00:00","og_image":[{"width":1200,"height":905,"url":"https:\/\/www.fachbau.ch\/wp-content\/uploads\/2021\/10\/Vom-Energiewissenschaftler.jpg","type":"image\/jpeg"}],"author":"admin","twitter_card":"summary_large_image","twitter_misc":{"Verfasst von":"admin","Gesch\u00e4tzte Lesezeit":"3\u00a0Minuten"},"schema":{"@context":"https:\/\/schema.org","@graph":[{"@type":"Article","@id":"https:\/\/www.fachbau.ch\/der-bauingenieur\/2021-05-15\/naechster-halt-berufslaufbahn\/#article","isPartOf":{"@id":"https:\/\/www.fachbau.ch\/der-bauingenieur\/2021-05-15\/naechster-halt-berufslaufbahn\/"},"author":{"name":"admin","@id":"https:\/\/www.fachbau.ch\/#\/schema\/person\/a968f7ff4d60ab3c15afc1e109549603"},"headline":"N\u00e4chster Halt: Berufslaufbahn","datePublished":"2021-05-15T21:08:42+00:00","mainEntityOfPage":{"@id":"https:\/\/www.fachbau.ch\/der-bauingenieur\/2021-05-15\/naechster-halt-berufslaufbahn\/"},"wordCount":606,"publisher":{"@id":"https:\/\/www.fachbau.ch\/#organization"},"image":{"@id":"https:\/\/www.fachbau.ch\/der-bauingenieur\/2021-05-15\/naechster-halt-berufslaufbahn\/#primaryimage"},"thumbnailUrl":"https:\/\/www.fachbau.ch\/wp-content\/uploads\/2021\/10\/Vom-Energiewissenschaftler.jpg","keywords":["Karriere","Management"],"articleSection":["der bauingenieur"],"inLanguage":"de"},{"@type":"WebPage","@id":"https:\/\/www.fachbau.ch\/der-bauingenieur\/2021-05-15\/naechster-halt-berufslaufbahn\/","url":"https:\/\/www.fachbau.ch\/der-bauingenieur\/2021-05-15\/naechster-halt-berufslaufbahn\/","name":"N\u00e4chster Halt: Berufslaufbahn - fachbau.ch","isPartOf":{"@id":"https:\/\/www.fachbau.ch\/#website"},"primaryImageOfPage":{"@id":"https:\/\/www.fachbau.ch\/der-bauingenieur\/2021-05-15\/naechster-halt-berufslaufbahn\/#primaryimage"},"image":{"@id":"https:\/\/www.fachbau.ch\/der-bauingenieur\/2021-05-15\/naechster-halt-berufslaufbahn\/#primaryimage"},"thumbnailUrl":"https:\/\/www.fachbau.ch\/wp-content\/uploads\/2021\/10\/Vom-Energiewissenschaftler.jpg","datePublished":"2021-05-15T21:08:42+00:00","description":"Ein Bewerbungsportfolio und diverse Entscheidungen: BerufseinsteigerInnen stehen vor wichtigen Scheidewegen. Die Umwelt-Alumni laden daher allj\u00e4hrlich die Masterstudierenden der Umweltingenieur-und Umweltnaturwissenschaften der ETH Z\u00fcrich zu einer Berufseinstiegsveranstaltung ein. Sie soll den Einstieg erleichtern und die brennendsten Fragen beantworten. Das Format hat sich bew\u00e4hrt: Zwei j\u00fcngere und zwei \u00e4ltere Semester referieren zum Thema Berufseinstieg. Entsprechend gut besucht war die Berufseinstiegsveranstaltung der Umwelt-Alumni von Ende 2020.","breadcrumb":{"@id":"https:\/\/www.fachbau.ch\/der-bauingenieur\/2021-05-15\/naechster-halt-berufslaufbahn\/#breadcrumb"},"inLanguage":"de","potentialAction":[{"@type":"ReadAction","target":["https:\/\/www.fachbau.ch\/der-bauingenieur\/2021-05-15\/naechster-halt-berufslaufbahn\/"]}]},{"@type":"ImageObject","inLanguage":"de","@id":"https:\/\/www.fachbau.ch\/der-bauingenieur\/2021-05-15\/naechster-halt-berufslaufbahn\/#primaryimage","url":"https:\/\/www.fachbau.ch\/wp-content\/uploads\/2021\/10\/Vom-Energiewissenschaftler.jpg","contentUrl":"https:\/\/www.fachbau.ch\/wp-content\/uploads\/2021\/10\/Vom-Energiewissenschaftler.jpg","width":1200,"height":905,"caption":"Vom Energiewissenschaftler zur J\u00e4gerin \u2013 die Berufswahl mag so manchen Umwelt- studierenden \u00fcberfordern."},{"@type":"BreadcrumbList","@id":"https:\/\/www.fachbau.ch\/der-bauingenieur\/2021-05-15\/naechster-halt-berufslaufbahn\/#breadcrumb","itemListElement":[{"@type":"ListItem","position":1,"name":"Startseite","item":"https:\/\/www.fachbau.ch\/"},{"@type":"ListItem","position":2,"name":"N\u00e4chster Halt: Berufslaufbahn"}]},{"@type":"WebSite","@id":"https:\/\/www.fachbau.ch\/#website","url":"https:\/\/www.fachbau.ch\/","name":"fachbau.ch","description":"Modernes, nachhaltiges Bauen.","publisher":{"@id":"https:\/\/www.fachbau.ch\/#organization"},"potentialAction":[{"@type":"SearchAction","target":{"@type":"EntryPoint","urlTemplate":"https:\/\/www.fachbau.ch\/?s={search_term_string}"},"query-input":{"@type":"PropertyValueSpecification","valueRequired":true,"valueName":"search_term_string"}}],"inLanguage":"de"},{"@type":"Organization","@id":"https:\/\/www.fachbau.ch\/#organization","name":"fachbau.ch","url":"https:\/\/www.fachbau.ch\/","logo":{"@type":"ImageObject","inLanguage":"de","@id":"https:\/\/www.fachbau.ch\/#\/schema\/logo\/image\/","url":"https:\/\/www.fachbau.ch\/wp-content\/uploads\/2021\/12\/Logo_fachbau_ch.png","contentUrl":"https:\/\/www.fachbau.ch\/wp-content\/uploads\/2021\/12\/Logo_fachbau_ch.png","width":283,"height":42,"caption":"fachbau.ch"},"image":{"@id":"https:\/\/www.fachbau.ch\/#\/schema\/logo\/image\/"}},{"@type":"Person","@id":"https:\/\/www.fachbau.ch\/#\/schema\/person\/a968f7ff4d60ab3c15afc1e109549603","name":"admin","image":{"@type":"ImageObject","inLanguage":"de","@id":"https:\/\/secure.gravatar.com\/avatar\/ae2f4d718e6c49043e314ce431e7e645d646302a24a5ef5a8bc8e3f5a032e319?s=96&d=mm&r=g","url":"https:\/\/secure.gravatar.com\/avatar\/ae2f4d718e6c49043e314ce431e7e645d646302a24a5ef5a8bc8e3f5a032e319?s=96&d=mm&r=g","contentUrl":"https:\/\/secure.gravatar.com\/avatar\/ae2f4d718e6c49043e314ce431e7e645d646302a24a5ef5a8bc8e3f5a032e319?s=96&d=mm&r=g","caption":"admin"},"sameAs":["https:\/\/www.fachbau.ch"],"url":"https:\/\/www.fachbau.ch\/de\/author\/admin\/"}]}},"_links":{"self":[{"href":"https:\/\/www.fachbau.ch\/de\/wp-json\/wp\/v2\/posts\/11632","targetHints":{"allow":["GET"]}}],"collection":[{"href":"https:\/\/www.fachbau.ch\/de\/wp-json\/wp\/v2\/posts"}],"about":[{"href":"https:\/\/www.fachbau.ch\/de\/wp-json\/wp\/v2\/types\/post"}],"author":[{"embeddable":true,"href":"https:\/\/www.fachbau.ch\/de\/wp-json\/wp\/v2\/users\/1"}],"replies":[{"embeddable":true,"href":"https:\/\/www.fachbau.ch\/de\/wp-json\/wp\/v2\/comments?post=11632"}],"version-history":[{"count":0,"href":"https:\/\/www.fachbau.ch\/de\/wp-json\/wp\/v2\/posts\/11632\/revisions"}],"wp:featuredmedia":[{"embeddable":true,"href":"https:\/\/www.fachbau.ch\/de\/wp-json\/wp\/v2\/media\/11633"}],"wp:attachment":[{"href":"https:\/\/www.fachbau.ch\/de\/wp-json\/wp\/v2\/media?parent=11632"}],"wp:term":[{"taxonomy":"category","embeddable":true,"href":"https:\/\/www.fachbau.ch\/de\/wp-json\/wp\/v2\/categories?post=11632"},{"taxonomy":"post_tag","embeddable":true,"href":"https:\/\/www.fachbau.ch\/de\/wp-json\/wp\/v2\/tags?post=11632"}],"curies":[{"name":"wp","href":"https:\/\/api.w.org\/{rel}","templated":true}]}}